{"id":2323,"date":"2024-09-20T07:27:00","date_gmt":"2024-09-20T10:27:00","guid":{"rendered":"https:\/\/elfaroonline.com.ar\/?p=2323"},"modified":"2024-09-20T07:27:00","modified_gmt":"2024-09-20T10:27:00","slug":"se-conocieron-nuevas-fotos-de-fabiola-yanez-con-golpes-en-su-cara","status":"publish","type":"post","link":"https:\/\/elfaroonline.com.ar\/index.php\/2024\/09\/20\/se-conocieron-nuevas-fotos-de-fabiola-yanez-con-golpes-en-su-cara\/","title":{"rendered":"Se conocieron nuevas fotos de Fabiola Ya\u00f1ez con golpes en su cara"},"content":{"rendered":"<p>La querella de <b>Fabiola Ya\u00f1ez aport\u00f3 nuevas im\u00e1genes<\/b> en donde se puede ver a <b>la ex Primera Dama con golpes en su cara<\/b>. En algunas de las fotograf\u00edas a las que accedi\u00f3 <b>Infobae <\/b>en exclusiva <b>se puede ver adem\u00e1s al ex presidente Alberto Fern\u00e1ndez a su lado<\/b>, durmiendo en la cama del dormitorio principal del chalet de la Quinta Presidencial de Olivos.<\/p>\n<p class=\"paragraph\" data-mrf-recirculation=\"Links inline\">La secuencia incluye algunas tomas en donde Ya\u00f1ez utiliza una almohadilla de gel para disminuir la inflamaci\u00f3n en su ojo derecho.<\/p>\n<div class=\"inline ad-wrapper\">\n<div class=\"dfpAd ad-inline\"><\/div>\n<\/div>\n<p class=\"paragraph\" data-mrf-recirculation=\"Links inline\">En el relato realizado ante la Justicia, Fabiola Ya\u00f1ez hab\u00eda descripto una situaci\u00f3n de violencia en la cama en la que dorm\u00eda el matrimonio.<\/p>\n<p class=\"paragraph\" data-mrf-recirculation=\"Links inline\">Sobre ese d\u00eda, la ex primera dama relat\u00f3: <b>\u201cHab\u00edamos discutido antes, mucho, como ya era habitual y como cierre de la discusi\u00f3n me peg\u00f3 desde su lado de la cama un terrible golpe de pu\u00f1o. Grit\u00e9 y le dije, \u201cque me hiciste\u201d. Pero nada, se dio vuelta y con ese golpe termin\u00f3 la discusi\u00f3n\u201d.<\/b><\/p>\n<p class=\"paragraph\" data-mrf-recirculation=\"Links inline\">Y agreg\u00f3: \u201cEse d\u00eda yo ten\u00eda que viajar a Misiones, era un compromiso oficial, como Primera Dama, as\u00ed que viaje igual, al principio solo se ve\u00eda colorado, pero me quede 3 o 4 d\u00edas y el ojo comenz\u00f3 a cambiar cada vez a un color m\u00e1s fuerte. Volv\u00ed y me qued\u00e9 en Olivos. <b>Estando all\u00ed, junto con Alberto, lo llamamos al Dr. Saavedra, Jefe de la Unidad M\u00e9dica Presidencial, me dio globulitos de \u00e1rnica, y me dijo que se iba a ir con el tiempo. <\/b>Y estuve as\u00ed pase\u00e1ndome por d\u00edas dentro de la casa, en Olivos, obligada a no salir para que no se viera el golpe\u201d.<\/p>\n","protected":false},"excerpt":{"rendered":"<p>La querella de Fabiola Ya\u00f1ez aport\u00f3 nuevas im\u00e1genes en donde se puede ver a la ex Primera Dama con golpes en su cara. En algunas de las fotograf\u00edas a las que accedi\u00f3 Infobae en exclusiva se puede ver adem\u00e1s al ex presidente Alberto Fern\u00e1ndez a su lado, durmiendo en la cama del dormitorio principal del [&hellip;]<\/p>\n","protected":false},"author":2,"featured_media":2324,"comment_status":"open","ping_status":"open","sticky":false,"template":"","format":"standard","meta":{"footnotes":""},"categories":[22,27],"tags":[],"class_list":{"0":"post-2323","1":"post","2":"type-post","3":"status-publish","4":"format-standard","5":"has-post-thumbnail","7":"category-nacionales","8":"category-policiales"},"aioseo_notices":[],"_links":{"self":[{"href":"https:\/\/elfaroonline.com.ar\/index.php\/wp-json\/wp\/v2\/posts\/2323","targetHints":{"allow":["GET"]}}],"collection":[{"href":"https:\/\/elfaroonline.com.ar\/index.php\/wp-json\/wp\/v2\/posts"}],"about":[{"href":"https:\/\/elfaroonline.com.ar\/index.php\/wp-json\/wp\/v2\/types\/post"}],"author":[{"embeddable":true,"href":"https:\/\/elfaroonline.com.ar\/index.php\/wp-json\/wp\/v2\/users\/2"}],"replies":[{"embeddable":true,"href":"https:\/\/elfaroonline.com.ar\/index.php\/wp-json\/wp\/v2\/comments?post=2323"}],"version-history":[{"count":1,"href":"https:\/\/elfaroonline.com.ar\/index.php\/wp-json\/wp\/v2\/posts\/2323\/revisions"}],"predecessor-version":[{"id":2325,"href":"https:\/\/elfaroonline.com.ar\/index.php\/wp-json\/wp\/v2\/posts\/2323\/revisions\/2325"}],"wp:featuredmedia":[{"embeddable":true,"href":"https:\/\/elfaroonline.com.ar\/index.php\/wp-json\/wp\/v2\/media\/2324"}],"wp:attachment":[{"href":"https:\/\/elfaroonline.com.ar\/index.php\/wp-json\/wp\/v2\/media?parent=2323"}],"wp:term":[{"taxonomy":"category","embeddable":true,"href":"https:\/\/elfaroonline.com.ar\/index.php\/wp-json\/wp\/v2\/categories?post=2323"},{"taxonomy":"post_tag","embeddable":true,"href":"https:\/\/elfaroonline.com.ar\/index.php\/wp-json\/wp\/v2\/tags?post=2323"}],"curies":[{"name":"wp","href":"https:\/\/api.w.org\/{rel}","templated":true}]}}