{"id":2335,"date":"2024-09-23T06:58:56","date_gmt":"2024-09-23T09:58:56","guid":{"rendered":"https:\/\/elfaroonline.com.ar\/?p=2335"},"modified":"2024-09-23T06:58:56","modified_gmt":"2024-09-23T09:58:56","slug":"acuerdos-para-fortalecer-el-abordaje-de-la-enfermedad-renal-cronica-avanzada-y-la-procuracion-de-organos-en-catamarca","status":"publish","type":"post","link":"https:\/\/elfaroonline.com.ar\/index.php\/2024\/09\/23\/acuerdos-para-fortalecer-el-abordaje-de-la-enfermedad-renal-cronica-avanzada-y-la-procuracion-de-organos-en-catamarca\/","title":{"rendered":"Acuerdos para fortalecer el abordaje de la Enfermedad Renal Cr\u00f3nica Avanzada y la Procuraci\u00f3n de \u00d3rganos en Catamarca"},"content":{"rendered":"<p class=\"v1MsoNormal\">En un acto que tuvo lugar en el Hospital Interzonal &#8220;San Juan Bautista&#8221;, se firmaron importantes compromisos de gesti\u00f3n en el marco del Programa para el Abordaje Integral de la Enfermedad Renal Cr\u00f3nica Avanzada (ERCA) y del Programa PROCURAR para la implementaci\u00f3n de Unidades Hospitalarias de Procuraci\u00f3n de \u00d3rganos y Tejidos (UHPROT), adem\u00e1s de la actualizaci\u00f3n del convenio de costos de procuraci\u00f3n.<\/p>\n<p class=\"v1MsoNormal\">Este acuerdo refuerza el compromiso de las instituciones p\u00fablicas y privadas de salud con la mejora del sistema de trasplantes y el cuidado integral de las personas con enfermedad renal cr\u00f3nica en la provincia.<\/p>\n<p class=\"v1MsoNormal\">Del acto participaron el gobernador Ra\u00fal Jalil; el vicegobernador Ruben Dusso; el ministro de Salud, Lucas Zampieri; el presidente del INCUCAI, Carlos Soratti, autoridades del Hospital y representantes de CAICA.<\/p>\n<p class=\"v1MsoNormal\">El Programa ERCA busca detectar y registrar a personas con enfermedad renal avanzada, facilitando su acceso a tratamientos adecuados. Por su parte, el Programa PROCURAR promueve la creaci\u00f3n de unidades dedicadas a la procuraci\u00f3n de \u00f3rganos y tejidos, ampliando las posibilidades de trasplante en la provincia.<\/p>\n<p class=\"v1MsoNormal\">En su alocuci\u00f3n, el ministro Zampieri sostuvo que &#8220;tenemos el equipamiento m\u00e9dico, los profesionales, la idoneidad, la capacidad y tenemos la formaci\u00f3n profesional, tanto en el sector p\u00fablico como en el privado, para realizar todo este tipo de actividades vinculadas a donar un \u00f3rgano, a brindar la posibilidad de donar vida&#8221;.<\/p>\n<p class=\"v1MsoNormal\">Cerrando, agradeci\u00f3 al equipo del CAICA: &#8220;Con esto no me queda m\u00e1s que agradecer al equipo de trabajo. El doctor Lobo es la cara visible del CAICA en Catamarca, pero hay todo un equipo de trabajo detr\u00e1s que trabaja destajo con el personal de salud&#8221;.<\/p>\n<p class=\"v1MsoNormal\">Durante el evento, se destac\u00f3 la importancia de estos acuerdos para fortalecer el sistema de salud local y responder a las necesidades de los pacientes que requieren trasplantes, a trav\u00e9s de un modelo intrahospitalario que involucra activamente a los establecimientos asistenciales.<\/p>\n<p class=\"v1MsoNormal\">El acto concluy\u00f3 con la firma de los acuerdos y el reconocimiento a las autoridades presentes por su esfuerzo en mejorar la calidad de vida de los pacientes.<\/p>\n","protected":false},"excerpt":{"rendered":"<p>En un acto que tuvo lugar en el Hospital Interzonal &#8220;San Juan Bautista&#8221;, se firmaron importantes compromisos de gesti\u00f3n en el marco del Programa para el Abordaje Integral de la Enfermedad Renal Cr\u00f3nica Avanzada (ERCA) y del Programa PROCURAR para la implementaci\u00f3n de Unidades Hospitalarias de Procuraci\u00f3n de \u00d3rganos y Tejidos (UHPROT), adem\u00e1s de la [&hellip;]<\/p>\n","protected":false},"author":2,"featured_media":2336,"comment_status":"open","ping_status":"open","sticky":false,"template":"","format":"standard","meta":{"footnotes":""},"categories":[21],"tags":[],"class_list":{"0":"post-2335","1":"post","2":"type-post","3":"status-publish","4":"format-standard","5":"has-post-thumbnail","7":"category-politica"},"aioseo_notices":[],"_links":{"self":[{"href":"https:\/\/elfaroonline.com.ar\/index.php\/wp-json\/wp\/v2\/posts\/2335","targetHints":{"allow":["GET"]}}],"collection":[{"href":"https:\/\/elfaroonline.com.ar\/index.php\/wp-json\/wp\/v2\/posts"}],"about":[{"href":"https:\/\/elfaroonline.com.ar\/index.php\/wp-json\/wp\/v2\/types\/post"}],"author":[{"embeddable":true,"href":"https:\/\/elfaroonline.com.ar\/index.php\/wp-json\/wp\/v2\/users\/2"}],"replies":[{"embeddable":true,"href":"https:\/\/elfaroonline.com.ar\/index.php\/wp-json\/wp\/v2\/comments?post=2335"}],"version-history":[{"count":2,"href":"https:\/\/elfaroonline.com.ar\/index.php\/wp-json\/wp\/v2\/posts\/2335\/revisions"}],"predecessor-version":[{"id":2368,"href":"https:\/\/elfaroonline.com.ar\/index.php\/wp-json\/wp\/v2\/posts\/2335\/revisions\/2368"}],"wp:featuredmedia":[{"embeddable":true,"href":"https:\/\/elfaroonline.com.ar\/index.php\/wp-json\/wp\/v2\/media\/2336"}],"wp:attachment":[{"href":"https:\/\/elfaroonline.com.ar\/index.php\/wp-json\/wp\/v2\/media?parent=2335"}],"wp:term":[{"taxonomy":"category","embeddable":true,"href":"https:\/\/elfaroonline.com.ar\/index.php\/wp-json\/wp\/v2\/categories?post=2335"},{"taxonomy":"post_tag","embeddable":true,"href":"https:\/\/elfaroonline.com.ar\/index.php\/wp-json\/wp\/v2\/tags?post=2335"}],"curies":[{"name":"wp","href":"https:\/\/api.w.org\/{rel}","templated":true}]}}