{"id":2338,"date":"2024-09-23T06:59:17","date_gmt":"2024-09-23T09:59:17","guid":{"rendered":"https:\/\/elfaroonline.com.ar\/?p=2338"},"modified":"2024-09-23T06:59:17","modified_gmt":"2024-09-23T09:59:17","slug":"belen-fue-sede-de-una-nueva-jornada-regional-ganadera","status":"publish","type":"post","link":"https:\/\/elfaroonline.com.ar\/index.php\/2024\/09\/23\/belen-fue-sede-de-una-nueva-jornada-regional-ganadera\/","title":{"rendered":"Bel\u00e9n fue sede de una nueva jornada regional ganadera"},"content":{"rendered":"<p class=\"v1MsoNormal\">Coordinada por el Ministerio de Inclusi\u00f3n Digital y Sistemas Productivos, la Facultad de Ciencias Agrarias, el INTA y los municipios de la cabecera departamental, la propuesta permiti\u00f3 a productores locales conocer sobre las \u00faltimas innovaciones en materia de tecnolog\u00eda que contribuyan a mejorar la productividad y rentabilidad ganadera.<\/p>\n<p class=\"v1MsoNormal\">La cartera productiva, a trav\u00e9s de la Secretar\u00eda de Producci\u00f3n y Tecnolog\u00eda Agropecuaria fue parte de la jornada regional ganadera &#8220;Oportunidades para la ganader\u00eda de la regi\u00f3n&#8221; que se llev\u00f3 a cabo en el Polideportivo Rolando Palacios, en el departamento Bel\u00e9n. La propuesta permiti\u00f3 abordar desaf\u00edos y oportunidades para la producci\u00f3n de bovinos, ovinos y caprinos.<\/p>\n<p class=\"v1MsoNormal\">El evento se realiz\u00f3 este jueves 19, y cont\u00f3 con la participaci\u00f3n de m\u00e1s de 100 productores y estudiantes de escuelas rurales, interesados en profundizar sus conocimientos sobre nutrici\u00f3n animal, capacidad de carga, calendario sanitario, manejo del rodeo y se presentaron muestras de animales en corral. En este sentido, el secretario de Producci\u00f3n y Tecnolog\u00eda Agropecuaria, Ing. Agr. Fernando Molina, expres\u00f3: &#8220;concretamente, esta iniciativa busca fortalecer las capacidades productivas de nuestros peque\u00f1os y medianos productores, brindando herramientas claves para mejorar la eficiencia en sus rodeos&#8221;.<\/p>\n<p class=\"v1MsoNormal\">Tambi\u00e9n, los productores asistentes fueron acreditados en el Registro de Marcas y se\u00f1ales, que funciona en el \u00e1mbito del Ministerio de Inclusi\u00f3n Digital y Sistemas Productivos. Una iniciativa dirigida a simplificar la gesti\u00f3n para los productores, optimizando los tiempos y controles en la inscripci\u00f3n, renovaci\u00f3n, duplicado y transferencia de marcas y se\u00f1ales de todos los ganaderos de la zona.<\/p>\n<p class=\"v1MsoNormal\">Adem\u00e1s, se entregaron botiquines sanitarios a cada jurisdicci\u00f3n para la implementaci\u00f3n de un Plan de Vacunaci\u00f3n Rotativo del ganado, que garantice la salud animal y fortalezca las pr\u00e1cticas sanitarias en todo el territorio. Con el prop\u00f3sito de prevenir y controlar las principales enfermedades se entregaron los botiquines con suplementos multivitam\u00ednicos, antiparasitarios internos y externos para asistir a m\u00e1s de 3.000 ejemplares caprinos, ovinos y bovinos en la regi\u00f3n.<\/p>\n<p class=\"v1MsoNormal\">El encuentro estuvo organizado por el Centro Regional Catamarca-La Rioja; La Estaci\u00f3n Experimental Agropecuaria Catamarca; la agencia de extensi\u00f3n rural Bel\u00e9n y la Municipalidad de la Ciudad de Bel\u00e9n. Adem\u00e1s, cont\u00f3 con la participaci\u00f3n de la Direcci\u00f3n Provincial de Ganader\u00eda a trav\u00e9s de Guadalupe Saadi; el director de Extensi\u00f3n Rural, Juan Vries; profesionales del INTA como el Ing. Agr. Emiliano Quiroga, el Ing. Agr. V\u00edctor Herrera y el Ing. Agr. Javier Quintero, respectivamente, acompa\u00f1ados por el Ing. Agr. Pablo Gervasoni de la Facultad de Ciencias Agrarias.<\/p>\n","protected":false},"excerpt":{"rendered":"<p>Coordinada por el Ministerio de Inclusi\u00f3n Digital y Sistemas Productivos, la Facultad de Ciencias Agrarias, el INTA y los municipios de la cabecera departamental, la propuesta permiti\u00f3 a productores locales conocer sobre las \u00faltimas innovaciones en materia de tecnolog\u00eda que contribuyan a mejorar la productividad y rentabilidad ganadera. La cartera productiva, a trav\u00e9s de la [&hellip;]<\/p>\n","protected":false},"author":2,"featured_media":2339,"comment_status":"open","ping_status":"open","sticky":false,"template":"","format":"standard","meta":{"footnotes":""},"categories":[20],"tags":[],"class_list":{"0":"post-2338","1":"post","2":"type-post","3":"status-publish","4":"format-standard","5":"has-post-thumbnail","7":"category-sociedad"},"aioseo_notices":[],"_links":{"self":[{"href":"https:\/\/elfaroonline.com.ar\/index.php\/wp-json\/wp\/v2\/posts\/2338","targetHints":{"allow":["GET"]}}],"collection":[{"href":"https:\/\/elfaroonline.com.ar\/index.php\/wp-json\/wp\/v2\/posts"}],"about":[{"href":"https:\/\/elfaroonline.com.ar\/index.php\/wp-json\/wp\/v2\/types\/post"}],"author":[{"embeddable":true,"href":"https:\/\/elfaroonline.com.ar\/index.php\/wp-json\/wp\/v2\/users\/2"}],"replies":[{"embeddable":true,"href":"https:\/\/elfaroonline.com.ar\/index.php\/wp-json\/wp\/v2\/comments?post=2338"}],"version-history":[{"count":1,"href":"https:\/\/elfaroonline.com.ar\/index.php\/wp-json\/wp\/v2\/posts\/2338\/revisions"}],"predecessor-version":[{"id":2340,"href":"https:\/\/elfaroonline.com.ar\/index.php\/wp-json\/wp\/v2\/posts\/2338\/revisions\/2340"}],"wp:featuredmedia":[{"embeddable":true,"href":"https:\/\/elfaroonline.com.ar\/index.php\/wp-json\/wp\/v2\/media\/2339"}],"wp:attachment":[{"href":"https:\/\/elfaroonline.com.ar\/index.php\/wp-json\/wp\/v2\/media?parent=2338"}],"wp:term":[{"taxonomy":"category","embeddable":true,"href":"https:\/\/elfaroonline.com.ar\/index.php\/wp-json\/wp\/v2\/categories?post=2338"},{"taxonomy":"post_tag","embeddable":true,"href":"https:\/\/elfaroonline.com.ar\/index.php\/wp-json\/wp\/v2\/tags?post=2338"}],"curies":[{"name":"wp","href":"https:\/\/api.w.org\/{rel}","templated":true}]}}