{"id":2341,"date":"2024-09-23T06:59:41","date_gmt":"2024-09-23T09:59:41","guid":{"rendered":"https:\/\/elfaroonline.com.ar\/?p=2341"},"modified":"2024-09-23T06:59:41","modified_gmt":"2024-09-23T09:59:41","slug":"chumbicha-avanza-la-obra-del-nuevo-edificio-para-el-ies-sebastian-corpacci","status":"publish","type":"post","link":"https:\/\/elfaroonline.com.ar\/index.php\/2024\/09\/23\/chumbicha-avanza-la-obra-del-nuevo-edificio-para-el-ies-sebastian-corpacci\/","title":{"rendered":"Chumbicha: avanza la obra del nuevo edificio para el IES &#8220;Sebasti\u00e1n Corpacci&#8221;"},"content":{"rendered":"<p class=\"v1MsoNormal\">La obra del nuevo edificio para el Instituto de Ense\u00f1anza Superior &#8220;Sebasti\u00e1n Corpacci&#8221; en Chumbicha avanza a buen ritmo, y se espera que est\u00e9 finalizada en el primer trimestre de 2025.<\/p>\n<p class=\"v1MsoNormal\">En el marco de su visita por el departamento Capay\u00e1n, d\u00edas atr\u00e1s, el gobernador Ra\u00fal Jalil, junto al intendente Alfredo Hoffman, recorrieron la obra en la localidad de Chumbicha donde actualmente se trabaja en la instalaci\u00f3n del techo y la colocaci\u00f3n de pisos en toda la estructura.<\/p>\n<p class=\"v1MsoNormal\">El nuevo edificio contar\u00e1 con una superficie de 1.400 metros cuadrados que incluye un amplio sal\u00f3n de usos m\u00faltiples, nueve aulas, play\u00f3n deportivo, laboratorio y diversos espacios dedicados a la educaci\u00f3n terciaria, posicion\u00e1ndose como un centro educativo clave para la regi\u00f3n.<\/p>\n<p class=\"v1MsoNormal\">Seg\u00fan los plazos estimados, la obra estar\u00eda concluida a fines de febrero o principios de marzo de 2025, lo que permitir\u00e1 que todos los estudiantes de educaci\u00f3n superior puedan iniciar el nuevo ciclo lectivo en las renovadas instalaciones.<\/p>\n","protected":false},"excerpt":{"rendered":"<p>La obra del nuevo edificio para el Instituto de Ense\u00f1anza Superior &#8220;Sebasti\u00e1n Corpacci&#8221; en Chumbicha avanza a buen ritmo, y se espera que est\u00e9 finalizada en el primer trimestre de 2025. En el marco de su visita por el departamento Capay\u00e1n, d\u00edas atr\u00e1s, el gobernador Ra\u00fal Jalil, junto al intendente Alfredo Hoffman, recorrieron la obra [&hellip;]<\/p>\n","protected":false},"author":2,"featured_media":2342,"comment_status":"open","ping_status":"open","sticky":false,"template":"","format":"standard","meta":{"footnotes":""},"categories":[23,21],"tags":[],"class_list":{"0":"post-2341","1":"post","2":"type-post","3":"status-publish","4":"format-standard","5":"has-post-thumbnail","7":"category-destacados","8":"category-politica"},"aioseo_notices":[],"_links":{"self":[{"href":"https:\/\/elfaroonline.com.ar\/index.php\/wp-json\/wp\/v2\/posts\/2341","targetHints":{"allow":["GET"]}}],"collection":[{"href":"https:\/\/elfaroonline.com.ar\/index.php\/wp-json\/wp\/v2\/posts"}],"about":[{"href":"https:\/\/elfaroonline.com.ar\/index.php\/wp-json\/wp\/v2\/types\/post"}],"author":[{"embeddable":true,"href":"https:\/\/elfaroonline.com.ar\/index.php\/wp-json\/wp\/v2\/users\/2"}],"replies":[{"embeddable":true,"href":"https:\/\/elfaroonline.com.ar\/index.php\/wp-json\/wp\/v2\/comments?post=2341"}],"version-history":[{"count":2,"href":"https:\/\/elfaroonline.com.ar\/index.php\/wp-json\/wp\/v2\/posts\/2341\/revisions"}],"predecessor-version":[{"id":2369,"href":"https:\/\/elfaroonline.com.ar\/index.php\/wp-json\/wp\/v2\/posts\/2341\/revisions\/2369"}],"wp:featuredmedia":[{"embeddable":true,"href":"https:\/\/elfaroonline.com.ar\/index.php\/wp-json\/wp\/v2\/media\/2342"}],"wp:attachment":[{"href":"https:\/\/elfaroonline.com.ar\/index.php\/wp-json\/wp\/v2\/media?parent=2341"}],"wp:term":[{"taxonomy":"category","embeddable":true,"href":"https:\/\/elfaroonline.com.ar\/index.php\/wp-json\/wp\/v2\/categories?post=2341"},{"taxonomy":"post_tag","embeddable":true,"href":"https:\/\/elfaroonline.com.ar\/index.php\/wp-json\/wp\/v2\/tags?post=2341"}],"curies":[{"name":"wp","href":"https:\/\/api.w.org\/{rel}","templated":true}]}}