{"id":2344,"date":"2024-09-23T07:00:01","date_gmt":"2024-09-23T10:00:01","guid":{"rendered":"https:\/\/elfaroonline.com.ar\/?p=2344"},"modified":"2024-09-23T07:00:01","modified_gmt":"2024-09-23T10:00:01","slug":"la-cartera-productiva-celebro-la-previa-del-dia-del-estudiante-en-el-rodeo-con-propuestas-saludables-y-gratuitas","status":"publish","type":"post","link":"https:\/\/elfaroonline.com.ar\/index.php\/2024\/09\/23\/la-cartera-productiva-celebro-la-previa-del-dia-del-estudiante-en-el-rodeo-con-propuestas-saludables-y-gratuitas\/","title":{"rendered":"La cartera productiva celebr\u00f3 la previa del D\u00eda del Estudiante en El Rodeo con propuestas saludables y gratuitas"},"content":{"rendered":"<p class=\"v1MsoNormal\">Fomentando h\u00e1bitos de consumo saludables y, al mismo tiempo, apoyando la producci\u00f3n local, el Ministerio de Inclusi\u00f3n Digital y Sistemas Productivos celebr\u00f3, en la tarde del viernes, la previa del D\u00eda del Estudiante y la llegada de la primavera en la villa tur\u00edstica.<\/p>\n<p class=\"v1MsoNormal\">En el marco de los festejos por el D\u00eda del Estudiante y la llegada de la primavera, el Ministerio de Inclusi\u00f3n Digital y Sistemas Productivos, encabezado por el ministro Juan Cruz Miranda, organiz\u00f3 una jornada en el camping de El Rodeo, donde se ofrecieron opciones de consumo saludable totalmente gratuitas para los j\u00f3venes y familias que disfrutaban de la villa.<\/p>\n<p class=\"v1MsoNormal\">Uno de los principales atractivos fue la entrega de hamburguesas de 100% carne cordero, elaboradas en el Frigor\u00edfico de Chumbicha. Estas hamburguesas, que han comenzado a posicionarse en el mercado local, se distribuyeron entre los presentes, destac\u00e1ndose como una alternativa nutritiva frente a las opciones tradicionales de consumo.<\/p>\n<p class=\"v1MsoNormal\">Adem\u00e1s, COTALI acompa\u00f1\u00f3 la jornada ofreciendo una degustaci\u00f3n gratuita de sus yogures m\u00e1s deliciosos, brindando una opci\u00f3n refrescante y saludable para los presentes, resaltando tambi\u00e9n el valor de los productos de origen local.<\/p>\n<p class=\"v1MsoNormal\">Tambi\u00e9n se distribuyeron naranjas y mandarinas de Alijil\u00e1n como parte de las opciones nutritivas para los asistentes.<\/p>\n<p class=\"v1MsoNormal\">Con esta actividad, la cartera productiva reafirma su compromiso de promover h\u00e1bitos saludables entre los catamarque\u00f1os y fomentar el consumo de la producci\u00f3n local, acercando productos de calidad en un entorno festivo\u00a0y\u00a0comunitario.<\/p>\n","protected":false},"excerpt":{"rendered":"<p>Fomentando h\u00e1bitos de consumo saludables y, al mismo tiempo, apoyando la producci\u00f3n local, el Ministerio de Inclusi\u00f3n Digital y Sistemas Productivos celebr\u00f3, en la tarde del viernes, la previa del D\u00eda del Estudiante y la llegada de la primavera en la villa tur\u00edstica. En el marco de los festejos por el D\u00eda del Estudiante y [&hellip;]<\/p>\n","protected":false},"author":2,"featured_media":2345,"comment_status":"open","ping_status":"open","sticky":false,"template":"","format":"standard","meta":{"footnotes":""},"categories":[20],"tags":[],"class_list":{"0":"post-2344","1":"post","2":"type-post","3":"status-publish","4":"format-standard","5":"has-post-thumbnail","7":"category-sociedad"},"aioseo_notices":[],"_links":{"self":[{"href":"https:\/\/elfaroonline.com.ar\/index.php\/wp-json\/wp\/v2\/posts\/2344","targetHints":{"allow":["GET"]}}],"collection":[{"href":"https:\/\/elfaroonline.com.ar\/index.php\/wp-json\/wp\/v2\/posts"}],"about":[{"href":"https:\/\/elfaroonline.com.ar\/index.php\/wp-json\/wp\/v2\/types\/post"}],"author":[{"embeddable":true,"href":"https:\/\/elfaroonline.com.ar\/index.php\/wp-json\/wp\/v2\/users\/2"}],"replies":[{"embeddable":true,"href":"https:\/\/elfaroonline.com.ar\/index.php\/wp-json\/wp\/v2\/comments?post=2344"}],"version-history":[{"count":1,"href":"https:\/\/elfaroonline.com.ar\/index.php\/wp-json\/wp\/v2\/posts\/2344\/revisions"}],"predecessor-version":[{"id":2346,"href":"https:\/\/elfaroonline.com.ar\/index.php\/wp-json\/wp\/v2\/posts\/2344\/revisions\/2346"}],"wp:featuredmedia":[{"embeddable":true,"href":"https:\/\/elfaroonline.com.ar\/index.php\/wp-json\/wp\/v2\/media\/2345"}],"wp:attachment":[{"href":"https:\/\/elfaroonline.com.ar\/index.php\/wp-json\/wp\/v2\/media?parent=2344"}],"wp:term":[{"taxonomy":"category","embeddable":true,"href":"https:\/\/elfaroonline.com.ar\/index.php\/wp-json\/wp\/v2\/categories?post=2344"},{"taxonomy":"post_tag","embeddable":true,"href":"https:\/\/elfaroonline.com.ar\/index.php\/wp-json\/wp\/v2\/tags?post=2344"}],"curies":[{"name":"wp","href":"https:\/\/api.w.org\/{rel}","templated":true}]}}