{"id":2347,"date":"2024-09-23T07:00:21","date_gmt":"2024-09-23T10:00:21","guid":{"rendered":"https:\/\/elfaroonline.com.ar\/?p=2347"},"modified":"2024-09-23T07:00:21","modified_gmt":"2024-09-23T10:00:21","slug":"alerta-de-peligro-extremo-de-incendios-forestales-en-catamarca","status":"publish","type":"post","link":"https:\/\/elfaroonline.com.ar\/index.php\/2024\/09\/23\/alerta-de-peligro-extremo-de-incendios-forestales-en-catamarca\/","title":{"rendered":"Alerta de peligro extremo de incendios forestales en Catamarca"},"content":{"rendered":"<p class=\"v1MsoNormal\">La Secretar\u00eda de Ambiente y Desarrollo Sustentable, junto con el Servicio Meteorol\u00f3gico Nacional, inform\u00f3 que la provincia de Catamarca se encuentra actualmente en alerta roja por peligro extremo de incendios forestales.<\/p>\n<p class=\"v1MsoNormal\">Seg\u00fan el \u00faltimo mapa de \u00edndices de riesgo, las condiciones meteorol\u00f3gicas y de vegetaci\u00f3n han generado un aumento significativo en el riesgo de incendios en toda la provincia.<\/p>\n<p class=\"v1MsoNormal\">El mapa de peligro clasifica el riesgo en varios niveles, siendo Catamarca una de las regiones m\u00e1s afectadas, con un nivel de peligro muy alto a extremo, lo que implica que cualquier foco que se inicie podr\u00eda tornarse incontrolable en muy poco tiempo.<\/p>\n<p class=\"v1MsoNormal\">Esto se debe a la sequedad extrema de los combustibles vegetales y las condiciones cr\u00edticas de las \u00e1reas forestales y rurales.<\/p>\n<p class=\"v1MsoNormal\">Se recomienda a la poblaci\u00f3n extremar las precauciones y evitar cualquier actividad que pueda generar chispas o fuego, como fogones, quemas de residuos o el uso de herramientas que puedan provocar ignici\u00f3n. El control de cualquier foco inicial es vital para evitar que los incendios se propaguen, generando situaciones a\u00fan m\u00e1s graves y dif\u00edciles de contener.<\/p>\n<p class=\"v1MsoNormal\">Las autoridades y cuerpos de seguridad o contenci\u00f3n est\u00e1n en alerta m\u00e1xima y trabajando de manera conjunta para monitorear y prevenir posibles incendios.<\/p>\n<p class=\"v1MsoNormal\">Asimismo, se pide la colaboraci\u00f3n de los ciudadanos en reportar cualquier se\u00f1al de humo o actividad sospechosa que pueda dar origen a un incendio. En dichos casos, deben comunicarse inmediatamente al 911.<\/p>\n<p class=\"v1MsoNormal\">El gobierno de la provincia continuar\u00e1 brindando actualizaciones en tiempo real y recuerda que ante cualquier emergencia se deben comunicar inmediatamente con los n\u00fameros habilitados.<\/p>\n","protected":false},"excerpt":{"rendered":"<p>La Secretar\u00eda de Ambiente y Desarrollo Sustentable, junto con el Servicio Meteorol\u00f3gico Nacional, inform\u00f3 que la provincia de Catamarca se encuentra actualmente en alerta roja por peligro extremo de incendios forestales. Seg\u00fan el \u00faltimo mapa de \u00edndices de riesgo, las condiciones meteorol\u00f3gicas y de vegetaci\u00f3n han generado un aumento significativo en el riesgo de incendios [&hellip;]<\/p>\n","protected":false},"author":2,"featured_media":2348,"comment_status":"open","ping_status":"open","sticky":false,"template":"","format":"standard","meta":{"footnotes":""},"categories":[23,20],"tags":[],"class_list":{"0":"post-2347","1":"post","2":"type-post","3":"status-publish","4":"format-standard","5":"has-post-thumbnail","7":"category-destacados","8":"category-sociedad"},"aioseo_notices":[],"_links":{"self":[{"href":"https:\/\/elfaroonline.com.ar\/index.php\/wp-json\/wp\/v2\/posts\/2347","targetHints":{"allow":["GET"]}}],"collection":[{"href":"https:\/\/elfaroonline.com.ar\/index.php\/wp-json\/wp\/v2\/posts"}],"about":[{"href":"https:\/\/elfaroonline.com.ar\/index.php\/wp-json\/wp\/v2\/types\/post"}],"author":[{"embeddable":true,"href":"https:\/\/elfaroonline.com.ar\/index.php\/wp-json\/wp\/v2\/users\/2"}],"replies":[{"embeddable":true,"href":"https:\/\/elfaroonline.com.ar\/index.php\/wp-json\/wp\/v2\/comments?post=2347"}],"version-history":[{"count":1,"href":"https:\/\/elfaroonline.com.ar\/index.php\/wp-json\/wp\/v2\/posts\/2347\/revisions"}],"predecessor-version":[{"id":2349,"href":"https:\/\/elfaroonline.com.ar\/index.php\/wp-json\/wp\/v2\/posts\/2347\/revisions\/2349"}],"wp:featuredmedia":[{"embeddable":true,"href":"https:\/\/elfaroonline.com.ar\/index.php\/wp-json\/wp\/v2\/media\/2348"}],"wp:attachment":[{"href":"https:\/\/elfaroonline.com.ar\/index.php\/wp-json\/wp\/v2\/media?parent=2347"}],"wp:term":[{"taxonomy":"category","embeddable":true,"href":"https:\/\/elfaroonline.com.ar\/index.php\/wp-json\/wp\/v2\/categories?post=2347"},{"taxonomy":"post_tag","embeddable":true,"href":"https:\/\/elfaroonline.com.ar\/index.php\/wp-json\/wp\/v2\/tags?post=2347"}],"curies":[{"name":"wp","href":"https:\/\/api.w.org\/{rel}","templated":true}]}}