{"id":2350,"date":"2024-09-23T07:00:42","date_gmt":"2024-09-23T10:00:42","guid":{"rendered":"https:\/\/elfaroonline.com.ar\/?p=2350"},"modified":"2024-09-23T07:00:42","modified_gmt":"2024-09-23T10:00:42","slug":"mas-de-600-atletas-hicieron-vibrar-a-catamarca-corre","status":"publish","type":"post","link":"https:\/\/elfaroonline.com.ar\/index.php\/2024\/09\/23\/mas-de-600-atletas-hicieron-vibrar-a-catamarca-corre\/","title":{"rendered":"Mas de 600 atletas hicieron vibrar a &#8220;Catamarca Corre&#8221;"},"content":{"rendered":"<p class=\"v1gmail-MsoListParagraphCxSpMiddle\"><span lang=\"ES-AR\">Con la organizaci\u00f3n de la Secretar\u00eda de Deportes y Recreaci\u00f3n dependiente del Ministerio de Cultura, Turismo y Deportes de la provincia, y la Subsecretar\u00eda de Deporte y Juventud de la Municipalidad de la Capital, este domingo el Parque de los Vientos se convirti\u00f3 en el epicentro del running con la celebraci\u00f3n del Media Marat\u00f3n &#8220;Catamarca Corre&#8221;, donde m\u00e1s de 600 atletas se unieron para desafiar sus l\u00edmites y celebrar la pasi\u00f3n por el deporte.<\/span><\/p>\n<p class=\"v1gmail-MsoListParagraphCxSpMiddle\"><span lang=\"ES-AR\">\u00a0<\/span><\/p>\n<p class=\"v1gmail-MsoListParagraphCxSpMiddle\"><span lang=\"ES-AR\">En la distancia de 21 Km, se impusieron el chubutense Joaqu\u00edn Arbe y la local Anabel Oviedo, y en los 10 Km ganaron el riojano Miguel Garro y La santiague\u00f1a <\/span><\/p>\n<p class=\"v1gmail-MsoListParagraphCxSpMiddle\"><span lang=\"ES-AR\">Nelida Pe\u00f1aflor. Adem\u00e1s, los mejores catamarque\u00f1os fueron: Deciderio Bera y Anabel Oviedo en los 21 Km.<\/span><\/p>\n<p class=\"v1gmail-MsoListParagraphCxSpMiddle\"><span lang=\"ES-AR\">\u00a0<\/span><\/p>\n<p class=\"v1gmail-MsoListParagraphCxSpMiddle\"><span lang=\"ES-AR\">La competencia, que se consolid\u00f3 como un evento destacado en el calendario atl\u00e9tico provincial, cont\u00f3 con la presencia de la ministra de Cultura, Turismo y Deporte, Daiana Rold\u00e1n, quien destac\u00f3 la importancia de promover el deporte y el turismo en la regi\u00f3n. &#8220;Eventos como este no solo fomentan la actividad f\u00edsica, sino que tambi\u00e9n potencian nuestra identidad cultural y atraen a visitantes de todas partes&#8221; dijo. Tambi\u00e9n estuvieron presentes el secretario de Deportes, Guillermo Perna; Ruth Rodriguez. directora Gral de Coordinaci\u00f3n de la Secretar\u00eda de Gobierno de la Capital, entre otras autoridades. <\/span><\/p>\n<p class=\"v1gmail-MsoListParagraphCxSpMiddle\"><span lang=\"ES-AR\">\u00a0<\/span><\/p>\n<p class=\"v1gmail-MsoListParagraphCxSpMiddle\"><span lang=\"ES-AR\">Los corredores, de distintas provincias, edades y niveles, disfrutaron de un recorrido que combin\u00f3 paisajes naturales y un ambiente festivo, con el aliento del p\u00fablico que se congreg\u00f3 a lo largo del trayecto. Los participantes no solo compitieron por los premios, sino tambi\u00e9n por el esp\u00edritu de camarader\u00eda que caracteriza al running.<\/span><\/p>\n<p class=\"v1gmail-MsoListParagraphCxSpMiddle\"><span lang=\"ES-AR\">\u00a0<\/span><\/p>\n<p class=\"v1gmail-MsoListParagraphCxSpMiddle\"><span lang=\"ES-AR\">El evento concluy\u00f3 con una ceremonia de premiaci\u00f3n, donde se reconoci\u00f3 el esfuerzo y la dedicaci\u00f3n de los atletas, celebrando no solo a los ganadores, sino a todos los que se animaron a cruzar la l\u00ednea de llegada.<\/span><\/p>\n<p class=\"v1gmail-MsoListParagraphCxSpMiddle\"><span lang=\"ES-AR\">\u00a0<\/span><\/p>\n<p class=\"v1gmail-MsoListParagraphCxSpMiddle\"><span lang=\"ES-AR\">El Medio Marat\u00f3n &#8220;Catamarca Corre&#8221; se afianza como un s\u00edmbolo de la cultura del deporte en la provincia, y se espera que en futuras ediciones siga atrayendo a m\u00e1s corredores y amantes de la actividad f\u00edsica.<\/span><\/p>\n<p class=\"v1gmail-MsoListParagraphCxSpMiddle\"><span lang=\"ES-AR\">\u00a0<\/span><\/p>\n<p class=\"v1gmail-MsoListParagraphCxSpMiddle\"><span lang=\"ES-AR\">Clasificaciones<\/span><\/p>\n<p class=\"v1gmail-MsoListParagraphCxSpMiddle\"><span lang=\"ES-AR\">\u00a0<\/span><\/p>\n<p class=\"v1gmail-MsoListParagraphCxSpMiddle\"><span lang=\"ES-AR\">21 Km<\/span><\/p>\n<p class=\"v1gmail-MsoListParagraphCxSpMiddle\"><span lang=\"ES-AR\">Caballeros<\/span><\/p>\n<p class=\"v1gmail-MsoListParagraphCxSpMiddle\"><span lang=\"ES-AR\">1) Arbe, Joaqu\u00edn (Chubut)\u00a0 <\/span><\/p>\n<p class=\"v1gmail-MsoListParagraphCxSpMiddle\"><span lang=\"ES-AR\">2) Chavarria, Ezequiel (Tucum\u00e1n)\u00a0\u00a0\u00a0\u00a0\u00a0\u00a0\u00a0\u00a0\u00a0\u00a0\u00a0\u00a0\u00a0\u00a0\u00a0\u00a0\u00a0\u00a0 <\/span><\/p>\n<p class=\"v1gmail-MsoListParagraphCxSpMiddle\"><span lang=\"ES-AR\">3) Angulo, Esteban (Salta)<\/span><\/p>\n<p class=\"v1gmail-MsoListParagraphCxSpMiddle\"><span lang=\"ES-AR\">Damas<\/span><\/p>\n<p class=\"v1gmail-MsoListParagraphCxSpMiddle\"><span lang=\"ES-AR\">1)\u00a0\u00a0 Oviedo, Anabel (Catamarca)<\/span><\/p>\n<p class=\"v1gmail-MsoListParagraphCxSpMiddle\"><span lang=\"ES-AR\">2)\u00a0\u00a0 Carrillo, Romina (Santiago del Estero)<\/span><\/p>\n<p class=\"v1gmail-MsoListParagraphCxSpMiddle\"><span lang=\"ES-AR\">3)\u00a0\u00a0 Flores, Elsa (Catamarca)<\/span><\/p>\n<p class=\"v1gmail-MsoListParagraphCxSpMiddle\"><span lang=\"ES-AR\">\u00a0<\/span><\/p>\n<p class=\"v1gmail-MsoListParagraphCxSpMiddle\"><span lang=\"ES-AR\">10 Km<\/span><\/p>\n<p class=\"v1gmail-MsoListParagraphCxSpMiddle\"><span lang=\"ES-AR\">Caballeros<\/span><\/p>\n<p class=\"v1gmail-MsoListParagraphCxSpMiddle\"><span lang=\"ES-AR\">1)\u00a0\u00a0 Garro, Miguel (La Rioja)<\/span><\/p>\n<p class=\"v1gmail-MsoListParagraphCxSpMiddle\"><span lang=\"ES-AR\">2)\u00a0\u00a0 Villafa\u00f1e Flores, Gustavo (San Juan)<\/span><\/p>\n<p class=\"v1gmail-MsoListParagraphCxSpMiddle\"><span lang=\"ES-AR\">3)\u00a0\u00a0 Fabricius, Marcelo (Catamarca)<\/span><\/p>\n<p class=\"v1gmail-MsoListParagraphCxSpMiddle\"><span lang=\"ES-AR\">Damas<\/span><\/p>\n<p class=\"v1gmail-MsoListParagraphCxSpMiddle\"><span lang=\"ES-AR\">1)\u00a0\u00a0 Pe\u00f1aflor, N\u00e9lida (Santiago del Estero)<\/span><\/p>\n<p class=\"v1gmail-MsoListParagraphCxSpMiddle\"><span lang=\"ES-AR\">2)\u00a0\u00a0 Guerrero, Antonella (Buenos Aires)<\/span><\/p>\n<p class=\"v1gmail-MsoListParagraphCxSpMiddle\"><span lang=\"ES-AR\">3)\u00a0\u00a0 Olivera, Emilse (Santiago del Estero) <\/span><\/p>\n<p class=\"v1gmail-MsoListParagraphCxSpMiddle\"><span lang=\"ES-AR\">\u00a0<\/span><\/p>\n<p class=\"v1gmail-MsoListParagraphCxSpMiddle\"><span lang=\"ES-AR\">Mejores Catamarque\u00f1os 21 Km<\/span><\/p>\n<p class=\"v1gmail-MsoListParagraphCxSpMiddle\"><span lang=\"ES-AR\">\u00a0\u00a0\u00a0\u00a0\u00a0\u00a0 Oviedo, Anabel (Damas) y Bera, Deciderio (Caballeros)<\/span><\/p>\n","protected":false},"excerpt":{"rendered":"<p>Con la organizaci\u00f3n de la Secretar\u00eda de Deportes y Recreaci\u00f3n dependiente del Ministerio de Cultura, Turismo y Deportes de la provincia, y la Subsecretar\u00eda de Deporte y Juventud de la Municipalidad de la Capital, este domingo el Parque de los Vientos se convirti\u00f3 en el epicentro del running con la celebraci\u00f3n del Media Marat\u00f3n &#8220;Catamarca [&hellip;]<\/p>\n","protected":false},"author":2,"featured_media":2351,"comment_status":"open","ping_status":"open","sticky":false,"template":"","format":"standard","meta":{"footnotes":""},"categories":[25,23],"tags":[],"class_list":{"0":"post-2350","1":"post","2":"type-post","3":"status-publish","4":"format-standard","5":"has-post-thumbnail","7":"category-deportes","8":"category-destacados"},"aioseo_notices":[],"_links":{"self":[{"href":"https:\/\/elfaroonline.com.ar\/index.php\/wp-json\/wp\/v2\/posts\/2350","targetHints":{"allow":["GET"]}}],"collection":[{"href":"https:\/\/elfaroonline.com.ar\/index.php\/wp-json\/wp\/v2\/posts"}],"about":[{"href":"https:\/\/elfaroonline.com.ar\/index.php\/wp-json\/wp\/v2\/types\/post"}],"author":[{"embeddable":true,"href":"https:\/\/elfaroonline.com.ar\/index.php\/wp-json\/wp\/v2\/users\/2"}],"replies":[{"embeddable":true,"href":"https:\/\/elfaroonline.com.ar\/index.php\/wp-json\/wp\/v2\/comments?post=2350"}],"version-history":[{"count":1,"href":"https:\/\/elfaroonline.com.ar\/index.php\/wp-json\/wp\/v2\/posts\/2350\/revisions"}],"predecessor-version":[{"id":2352,"href":"https:\/\/elfaroonline.com.ar\/index.php\/wp-json\/wp\/v2\/posts\/2350\/revisions\/2352"}],"wp:featuredmedia":[{"embeddable":true,"href":"https:\/\/elfaroonline.com.ar\/index.php\/wp-json\/wp\/v2\/media\/2351"}],"wp:attachment":[{"href":"https:\/\/elfaroonline.com.ar\/index.php\/wp-json\/wp\/v2\/media?parent=2350"}],"wp:term":[{"taxonomy":"category","embeddable":true,"href":"https:\/\/elfaroonline.com.ar\/index.php\/wp-json\/wp\/v2\/categories?post=2350"},{"taxonomy":"post_tag","embeddable":true,"href":"https:\/\/elfaroonline.com.ar\/index.php\/wp-json\/wp\/v2\/tags?post=2350"}],"curies":[{"name":"wp","href":"https:\/\/api.w.org\/{rel}","templated":true}]}}