{"id":2353,"date":"2024-09-23T07:01:06","date_gmt":"2024-09-23T10:01:06","guid":{"rendered":"https:\/\/elfaroonline.com.ar\/?p=2353"},"modified":"2024-09-23T07:01:06","modified_gmt":"2024-09-23T10:01:06","slug":"tras-un-siniestro-vial-arrestan-a-dos-personas-en-santa-maria","status":"publish","type":"post","link":"https:\/\/elfaroonline.com.ar\/index.php\/2024\/09\/23\/tras-un-siniestro-vial-arrestan-a-dos-personas-en-santa-maria\/","title":{"rendered":"Tras un siniestro vial arrestan a dos personas en Santa Mar\u00eda"},"content":{"rendered":"<p class=\"v1MsoNormal\">En el mediod\u00eda de ayer , a las <b>12:00,<\/b> personal de la <b>Seccional de San Jos\u00e9<\/b> se hizo presente en la ruta nacional N\u00b0 40, a la altura de la localidad de San Jos\u00e9 Norte, a fines de verificar un siniestro vial.<\/p>\n<p class=\"v1MsoNormal\">En el lugar, los polic\u00edas constataron que, mientras un hombre de apellido <b>Olarte (36),<\/b> circulaba en un autom\u00f3vil Renault 12, dominio, de color gris, por causas que se tratan de establecer choc\u00f3 contra un poste del tendido el\u00e9ctrico, para luego embestir a una <b>ni\u00f1a de 10 a\u00f1os de edad, <\/b>que transitaba por la zona, quedando atrapado en el habit\u00e1culo del rodado.<\/p>\n<p class=\"v1MsoNormal\">A ra\u00edz del siniestro, la ni\u00f1a sufri\u00f3 lesiones que demandaron que fuera asistida por profesionales m\u00e9dicos del hospital zonal &#8220;Dr. Luis Alberto Vargas&#8221;, quienes la derivaron al hospital de Ni\u00f1os Eva Per\u00f3n de esta Ciudad Capital, en tanto que el conductor del veh\u00edculo luego de ser rescatado por personal de <b>Bomberos Voluntarios,<\/b> fue trasladado al nosocomio con consigna policial, tomando intervenci\u00f3n la Fiscal\u00eda de la Cuarta Circunscripci\u00f3n Judicial, desde donde se dispuso el arresto averiguaci\u00f3n del hecho de esta persona.<\/p>\n<p class=\"v1MsoNormal\">Cabe hacer menci\u00f3n, que los uniformados hicieron lo propio con otro sujeto de apellido <b>Monrroy (48),<\/b> quien habr\u00eda entorpecido el procedimiento, para luego agredir f\u00edsicamente a un efectivo policial, en virtud de lo cual fue puesto a disposici\u00f3n de la Justicia interviniente.<\/p>\n","protected":false},"excerpt":{"rendered":"<p>En el mediod\u00eda de ayer , a las 12:00, personal de la Seccional de San Jos\u00e9 se hizo presente en la ruta nacional N\u00b0 40, a la altura de la localidad de San Jos\u00e9 Norte, a fines de verificar un siniestro vial. En el lugar, los polic\u00edas constataron que, mientras un hombre de apellido Olarte [&hellip;]<\/p>\n","protected":false},"author":2,"featured_media":2354,"comment_status":"open","ping_status":"open","sticky":false,"template":"","format":"standard","meta":{"footnotes":""},"categories":[27],"tags":[],"class_list":{"0":"post-2353","1":"post","2":"type-post","3":"status-publish","4":"format-standard","5":"has-post-thumbnail","7":"category-policiales"},"aioseo_notices":[],"_links":{"self":[{"href":"https:\/\/elfaroonline.com.ar\/index.php\/wp-json\/wp\/v2\/posts\/2353","targetHints":{"allow":["GET"]}}],"collection":[{"href":"https:\/\/elfaroonline.com.ar\/index.php\/wp-json\/wp\/v2\/posts"}],"about":[{"href":"https:\/\/elfaroonline.com.ar\/index.php\/wp-json\/wp\/v2\/types\/post"}],"author":[{"embeddable":true,"href":"https:\/\/elfaroonline.com.ar\/index.php\/wp-json\/wp\/v2\/users\/2"}],"replies":[{"embeddable":true,"href":"https:\/\/elfaroonline.com.ar\/index.php\/wp-json\/wp\/v2\/comments?post=2353"}],"version-history":[{"count":1,"href":"https:\/\/elfaroonline.com.ar\/index.php\/wp-json\/wp\/v2\/posts\/2353\/revisions"}],"predecessor-version":[{"id":2355,"href":"https:\/\/elfaroonline.com.ar\/index.php\/wp-json\/wp\/v2\/posts\/2353\/revisions\/2355"}],"wp:featuredmedia":[{"embeddable":true,"href":"https:\/\/elfaroonline.com.ar\/index.php\/wp-json\/wp\/v2\/media\/2354"}],"wp:attachment":[{"href":"https:\/\/elfaroonline.com.ar\/index.php\/wp-json\/wp\/v2\/media?parent=2353"}],"wp:term":[{"taxonomy":"category","embeddable":true,"href":"https:\/\/elfaroonline.com.ar\/index.php\/wp-json\/wp\/v2\/categories?post=2353"},{"taxonomy":"post_tag","embeddable":true,"href":"https:\/\/elfaroonline.com.ar\/index.php\/wp-json\/wp\/v2\/tags?post=2353"}],"curies":[{"name":"wp","href":"https:\/\/api.w.org\/{rel}","templated":true}]}}