{"id":2356,"date":"2024-09-23T07:01:25","date_gmt":"2024-09-23T10:01:25","guid":{"rendered":"https:\/\/elfaroonline.com.ar\/?p=2356"},"modified":"2024-09-23T07:01:25","modified_gmt":"2024-09-23T10:01:25","slug":"actualizacion-de-incendios-forestales-en-catamarca","status":"publish","type":"post","link":"https:\/\/elfaroonline.com.ar\/index.php\/2024\/09\/23\/actualizacion-de-incendios-forestales-en-catamarca\/","title":{"rendered":"Actualizaci\u00f3n de Incendios Forestales en Catamarca"},"content":{"rendered":"<p>&nbsp;<\/p>\n<p>El esfuerzo constante de los brigadistas y bomberos en la provincia de Catamarca contin\u00faa en diversos frentes de incendios forestales. A continuaci\u00f3n, presentamos un resumen de la situaci\u00f3n actual:<\/p>\n<p>\u2022 Andalgal\u00e1 &#8211; Minas Capillitas<\/p>\n<p>Estado: Contenido<\/p>\n<p>Vegetaci\u00f3n afectada: 40% arbustal, 60% pastizal<\/p>\n<p>Superficie afectada: 1500 has.<\/p>\n<p>Acciones: Monitoreo satelital y vuelos de reconocimiento en curso.<\/p>\n<p>\u2022 Cerro El Graci\u00e1n &#8211; Dique Pirquitas<\/p>\n<p>Estado: Contenido<\/p>\n<p>Vegetaci\u00f3n afectada: 50% bosque nativo, 50% arbustal<\/p>\n<p>Superficie afectada: 12 has.<\/p>\n<p>Acciones: Monitoreo terrestre y v\u00eda sat\u00e9lite; se realizar\u00e1n vuelos de reconocimiento.<\/p>\n<p>\u2022 Nuevo incendio en Cerro El Graci\u00e1n<\/p>\n<p>Estado: Contenido<\/p>\n<p>Vegetaci\u00f3n afectada: 50% bosque nativo, 50% pastizal<\/p>\n<p>Superficie afectada: 8 has.<\/p>\n<p>\u2022 Ambato &#8211; El Bols\u00f3n y Los Varela<\/p>\n<p>Estado: Extinguido<\/p>\n<p>Vegetaci\u00f3n afectada: 70% bosque nativo, 30% pastizal<\/p>\n<p>Superficie afectada: 6,79 has.<\/p>\n<p>\u2022 Incendio Depto. Capay\u00e1n &#8211; San Pedro<\/p>\n<p>Estado: Controlado<\/p>\n<p>Vegetaci\u00f3n afectada: 80% bosque nativo, 20% arbustal<\/p>\n<p>\u2022 Incendio Depto. Valle Viejo &#8211; El Portezuelo<\/p>\n<p>Estado: Extinguido<\/p>\n<p>Vegetaci\u00f3n afectada: 100% arbustal<\/p>\n<p>Superficie afectada: 0,1 has.<\/p>\n<p>\u2022 Incendio Depto. Ancasti &#8211; Los Mogotes<\/p>\n<p>Estado: Contenido<\/p>\n<p>Superficie afectada: 60 has.<\/p>\n<p>\u2022 Incendio Depto. Ancasti &#8211; Ica\u00f1o<\/p>\n<p>Estado: Extinguido<\/p>\n<p>Superficie afectada: 15 has.<\/p>\n<p>\u2022 Incendio en Aconquija<\/p>\n<p>Estado: Controlado<\/p>\n<p>Las tareas de contenci\u00f3n y extinci\u00f3n siguen activas, con un gran despliegue de recursos humanos y tecnol\u00f3gicos para proteger la fauna, flora y a la comunidad.<\/p>\n","protected":false},"excerpt":{"rendered":"<p>&nbsp; El esfuerzo constante de los brigadistas y bomberos en la provincia de Catamarca contin\u00faa en diversos frentes de incendios forestales. A continuaci\u00f3n, presentamos un resumen de la situaci\u00f3n actual: \u2022 Andalgal\u00e1 &#8211; Minas Capillitas Estado: Contenido Vegetaci\u00f3n afectada: 40% arbustal, 60% pastizal Superficie afectada: 1500 has. Acciones: Monitoreo satelital y vuelos de reconocimiento en [&hellip;]<\/p>\n","protected":false},"author":2,"featured_media":2357,"comment_status":"open","ping_status":"open","sticky":false,"template":"","format":"standard","meta":{"footnotes":""},"categories":[27],"tags":[],"class_list":{"0":"post-2356","1":"post","2":"type-post","3":"status-publish","4":"format-standard","5":"has-post-thumbnail","7":"category-policiales"},"aioseo_notices":[],"_links":{"self":[{"href":"https:\/\/elfaroonline.com.ar\/index.php\/wp-json\/wp\/v2\/posts\/2356","targetHints":{"allow":["GET"]}}],"collection":[{"href":"https:\/\/elfaroonline.com.ar\/index.php\/wp-json\/wp\/v2\/posts"}],"about":[{"href":"https:\/\/elfaroonline.com.ar\/index.php\/wp-json\/wp\/v2\/types\/post"}],"author":[{"embeddable":true,"href":"https:\/\/elfaroonline.com.ar\/index.php\/wp-json\/wp\/v2\/users\/2"}],"replies":[{"embeddable":true,"href":"https:\/\/elfaroonline.com.ar\/index.php\/wp-json\/wp\/v2\/comments?post=2356"}],"version-history":[{"count":1,"href":"https:\/\/elfaroonline.com.ar\/index.php\/wp-json\/wp\/v2\/posts\/2356\/revisions"}],"predecessor-version":[{"id":2358,"href":"https:\/\/elfaroonline.com.ar\/index.php\/wp-json\/wp\/v2\/posts\/2356\/revisions\/2358"}],"wp:featuredmedia":[{"embeddable":true,"href":"https:\/\/elfaroonline.com.ar\/index.php\/wp-json\/wp\/v2\/media\/2357"}],"wp:attachment":[{"href":"https:\/\/elfaroonline.com.ar\/index.php\/wp-json\/wp\/v2\/media?parent=2356"}],"wp:term":[{"taxonomy":"category","embeddable":true,"href":"https:\/\/elfaroonline.com.ar\/index.php\/wp-json\/wp\/v2\/categories?post=2356"},{"taxonomy":"post_tag","embeddable":true,"href":"https:\/\/elfaroonline.com.ar\/index.php\/wp-json\/wp\/v2\/tags?post=2356"}],"curies":[{"name":"wp","href":"https:\/\/api.w.org\/{rel}","templated":true}]}}