{"id":2362,"date":"2024-09-23T07:02:04","date_gmt":"2024-09-23T10:02:04","guid":{"rendered":"https:\/\/elfaroonline.com.ar\/?p=2362"},"modified":"2024-09-23T07:02:04","modified_gmt":"2024-09-23T10:02:04","slug":"el-gobierno-anticipo-que-habra-cortes-de-luz-programados-durante-el-verano","status":"publish","type":"post","link":"https:\/\/elfaroonline.com.ar\/index.php\/2024\/09\/23\/el-gobierno-anticipo-que-habra-cortes-de-luz-programados-durante-el-verano\/","title":{"rendered":"El Gobierno anticip\u00f3 que habr\u00e1 cortes de luz programados durante el verano"},"content":{"rendered":"<p>Lo afirm\u00f3 el jefe de Gabinete Guillermo Francos, quien responsabiliz\u00f3 a la gesti\u00f3n anterior por la falta de inversiones y el retraso en las tarifas. Dijo que buscar\u00e1n acuerdos con sectores productivos e industriales.<\/p>\n<p class=\"paragraph\">\u201cSe supone que si viene un verano de mucha temperatura puede haber una demanda muy alta de electricidad y lamentablemente <b>no ha habido inversiones en estos \u00faltimos tiempos<\/b>, con lo cual va a faltar generaci\u00f3n y<b> va a tener que programarse alg\u00fan corte<\/b>, sobre todo hacer algunos acuerdos con los sectores productivos, sectores industriales\u201d, indic\u00f3 el jefe de Gabinete.<\/p>\n<div class=\"inline ad-wrapper amp ad-amp\"><\/div>\n<p class=\"paragraph\">Francos sostuvo que se trata de uno de los tantos problemas que hered\u00f3 la gesti\u00f3n de <b>Javier Milei<\/b>: \u201cEs una situaci\u00f3n que viene de a\u00f1os y que hay que encarar seriamente. Yo creo que hay que encarar inversiones por supuesto. Y hay que encarar eventualidades, <b>uno no puede estar sujeto a la improvisaci\u00f3n<\/b>\u201d, agreg\u00f3 en di\u00e1logo con <i>Radio Mitre<\/i>.<\/p>\n<p class=\"paragraph\">El jefe de los ministros tambi\u00e9n defendi\u00f3 los <b>aumentos de las tarifas<\/b>, y plante\u00f3 que ser\u00e1 necesario seguir \u201csincerando\u201d el costo de los servicios para reducir los subsidios y que esto, en consecuencia, ayude a bajar la inflaci\u00f3n: \u201cSi no aumentan las tarifas, el costo lo tiene que pagar el Estado. Siempre hay que pagar el costo de funcionamiento, <b>si no lo paga quien consume, lo tiene que poner el Estado<\/b>, porque si no, las generadoras no generan. Si no hay una generaci\u00f3n razonable, obviamente a nadie se le puede pedir inversi\u00f3n tampoco\u201d, dijo.<\/p>\n<div class=\"inline_2 ad-wrapper ad-mobile amp ad-amp\"><\/div>\n<p class=\"paragraph\">Y agreg\u00f3: \u201cHay que aumentar las tarifas porque si no tiene que subsidiar el Estado y ya <b>la pol\u00edtica del Estado es ir terminando con los subsidios<\/b> para no tener que generar deuda, no tener que generar emisi\u00f3n y en definitiva no tener que generar inflaci\u00f3n, que es <b>el objetivo fundamental del gobierno<\/b>\u201d.<\/p>\n<p class=\"paragraph\">En un informe publicado en junio, la <b>Compa\u00f1\u00eda Administradora del Mercado Mayorista El\u00e9ctrico<\/b>(Cammesa) alert\u00f3 que el total de energ\u00eda producida localmente y las importaciones desde pa\u00edses vecinos no alcanzar\u00e1 a abastecer el pico de demanda que se espera para el verano, durante el per\u00edodo de febrero-marzo 2025. Cammesa estim\u00f3 que hay 19% de probabilidades de que la generaci\u00f3n se quede \u201ccorta\u201d y el pa\u00eds sufra apagones.<\/p>\n<p class=\"paragraph\">La demanda de energ\u00eda podr\u00eda llegar a los 30.700 MW, unos 1.000 MW m\u00e1s que el r\u00e9cord hist\u00f3rico que se toc\u00f3 en febrero de 2024, que fue de 29.653 MW. El foco oficial est\u00e1 puesto en los grandes centros urbanos, donde se consume m\u00e1s del 50% de la electricidad: el <b>\u00c1rea Metropolitana de Buenos Aires (AMBA), Mendoza y C\u00f3rdoba<\/b>.<\/p>\n","protected":false},"excerpt":{"rendered":"<p>Lo afirm\u00f3 el jefe de Gabinete Guillermo Francos, quien responsabiliz\u00f3 a la gesti\u00f3n anterior por la falta de inversiones y el retraso en las tarifas. Dijo que buscar\u00e1n acuerdos con sectores productivos e industriales. \u201cSe supone que si viene un verano de mucha temperatura puede haber una demanda muy alta de electricidad y lamentablemente no [&hellip;]<\/p>\n","protected":false},"author":2,"featured_media":2363,"comment_status":"open","ping_status":"open","sticky":false,"template":"","format":"standard","meta":{"footnotes":""},"categories":[23,22],"tags":[],"class_list":{"0":"post-2362","1":"post","2":"type-post","3":"status-publish","4":"format-standard","5":"has-post-thumbnail","7":"category-destacados","8":"category-nacionales"},"aioseo_notices":[],"_links":{"self":[{"href":"https:\/\/elfaroonline.com.ar\/index.php\/wp-json\/wp\/v2\/posts\/2362","targetHints":{"allow":["GET"]}}],"collection":[{"href":"https:\/\/elfaroonline.com.ar\/index.php\/wp-json\/wp\/v2\/posts"}],"about":[{"href":"https:\/\/elfaroonline.com.ar\/index.php\/wp-json\/wp\/v2\/types\/post"}],"author":[{"embeddable":true,"href":"https:\/\/elfaroonline.com.ar\/index.php\/wp-json\/wp\/v2\/users\/2"}],"replies":[{"embeddable":true,"href":"https:\/\/elfaroonline.com.ar\/index.php\/wp-json\/wp\/v2\/comments?post=2362"}],"version-history":[{"count":1,"href":"https:\/\/elfaroonline.com.ar\/index.php\/wp-json\/wp\/v2\/posts\/2362\/revisions"}],"predecessor-version":[{"id":2364,"href":"https:\/\/elfaroonline.com.ar\/index.php\/wp-json\/wp\/v2\/posts\/2362\/revisions\/2364"}],"wp:featuredmedia":[{"embeddable":true,"href":"https:\/\/elfaroonline.com.ar\/index.php\/wp-json\/wp\/v2\/media\/2363"}],"wp:attachment":[{"href":"https:\/\/elfaroonline.com.ar\/index.php\/wp-json\/wp\/v2\/media?parent=2362"}],"wp:term":[{"taxonomy":"category","embeddable":true,"href":"https:\/\/elfaroonline.com.ar\/index.php\/wp-json\/wp\/v2\/categories?post=2362"},{"taxonomy":"post_tag","embeddable":true,"href":"https:\/\/elfaroonline.com.ar\/index.php\/wp-json\/wp\/v2\/tags?post=2362"}],"curies":[{"name":"wp","href":"https:\/\/api.w.org\/{rel}","templated":true}]}}