{"id":2378,"date":"2024-09-26T06:16:50","date_gmt":"2024-09-26T09:16:50","guid":{"rendered":"https:\/\/elfaroonline.com.ar\/?p=2378"},"modified":"2024-09-26T06:16:50","modified_gmt":"2024-09-26T09:16:50","slug":"campana-de-prevencion-contra-el-dengue-en-el-barrio-eva-peron","status":"publish","type":"post","link":"https:\/\/elfaroonline.com.ar\/index.php\/2024\/09\/26\/campana-de-prevencion-contra-el-dengue-en-el-barrio-eva-peron\/","title":{"rendered":"Campa\u00f1a de Prevenci\u00f3n contra el Dengue en el Barrio Eva Per\u00f3n"},"content":{"rendered":"<p class=\"v1MsoNormal\">La Campa\u00f1a de Prevenci\u00f3n contra el Dengue 2024 que lleva adelante el Gobierno de Catamarca continuar\u00e1 este jueves 26 de septiembre en el Barrio Eva Per\u00f3n con actividades de concientizaci\u00f3n y prevenci\u00f3n del mosquito transmisor, mientras que el viernes 27 se realizar\u00e1 descacharrado.<\/p>\n<p class=\"v1MsoNormal\">Este operativo tiene como objetivo la prevenci\u00f3n de la enfermedad de Dengue, Chikungunya y Zika,\u00a0 a trav\u00e9s del trabajo mancomunado entre toda la comunidad. Por ello, promotores identificados con su respectiva indumentaria se concentrar\u00e1n en el Centro Vecinal del Barrio Eva Per\u00f3n para luego visitar e informar a los vecinos que la medida m\u00e1s importante es la limpieza y descacharrado de objetos, ya que el mosquito que transmite solo necesita un poco de agua acumulada en objetos o recipientes para dejar sus huevos y reproducirse.<\/p>\n<p class=\"v1MsoNormal\">A partir de las 16:00 horas del viernes, los camiones van a estar disponibles en la zona para el levantamiento de la basura, por ello se solicita a los vecinos que saquen a la vereda de su domicilio los objetos para campa\u00f1a de descacharreo como baldes, tarros, latas, tambores en desuso, juguetes a la intemperie, cocinas o heladeras sin uso u objetos inservibles que puedan acumular agua.<\/p>\n<p class=\"v1MsoNormal\">Para evitar la reproducci\u00f3n del mosquito, la mejor medida preventiva es eliminar todos los objetos o recipientes que puedan funcionar como criaderos.<\/p>\n","protected":false},"excerpt":{"rendered":"<p>La Campa\u00f1a de Prevenci\u00f3n contra el Dengue 2024 que lleva adelante el Gobierno de Catamarca continuar\u00e1 este jueves 26 de septiembre en el Barrio Eva Per\u00f3n con actividades de concientizaci\u00f3n y prevenci\u00f3n del mosquito transmisor, mientras que el viernes 27 se realizar\u00e1 descacharrado. Este operativo tiene como objetivo la prevenci\u00f3n de la enfermedad de Dengue, [&hellip;]<\/p>\n","protected":false},"author":2,"featured_media":2379,"comment_status":"open","ping_status":"open","sticky":false,"template":"","format":"standard","meta":{"footnotes":""},"categories":[20],"tags":[],"class_list":{"0":"post-2378","1":"post","2":"type-post","3":"status-publish","4":"format-standard","5":"has-post-thumbnail","7":"category-sociedad"},"aioseo_notices":[],"_links":{"self":[{"href":"https:\/\/elfaroonline.com.ar\/index.php\/wp-json\/wp\/v2\/posts\/2378","targetHints":{"allow":["GET"]}}],"collection":[{"href":"https:\/\/elfaroonline.com.ar\/index.php\/wp-json\/wp\/v2\/posts"}],"about":[{"href":"https:\/\/elfaroonline.com.ar\/index.php\/wp-json\/wp\/v2\/types\/post"}],"author":[{"embeddable":true,"href":"https:\/\/elfaroonline.com.ar\/index.php\/wp-json\/wp\/v2\/users\/2"}],"replies":[{"embeddable":true,"href":"https:\/\/elfaroonline.com.ar\/index.php\/wp-json\/wp\/v2\/comments?post=2378"}],"version-history":[{"count":1,"href":"https:\/\/elfaroonline.com.ar\/index.php\/wp-json\/wp\/v2\/posts\/2378\/revisions"}],"predecessor-version":[{"id":2380,"href":"https:\/\/elfaroonline.com.ar\/index.php\/wp-json\/wp\/v2\/posts\/2378\/revisions\/2380"}],"wp:featuredmedia":[{"embeddable":true,"href":"https:\/\/elfaroonline.com.ar\/index.php\/wp-json\/wp\/v2\/media\/2379"}],"wp:attachment":[{"href":"https:\/\/elfaroonline.com.ar\/index.php\/wp-json\/wp\/v2\/media?parent=2378"}],"wp:term":[{"taxonomy":"category","embeddable":true,"href":"https:\/\/elfaroonline.com.ar\/index.php\/wp-json\/wp\/v2\/categories?post=2378"},{"taxonomy":"post_tag","embeddable":true,"href":"https:\/\/elfaroonline.com.ar\/index.php\/wp-json\/wp\/v2\/tags?post=2378"}],"curies":[{"name":"wp","href":"https:\/\/api.w.org\/{rel}","templated":true}]}}