{"id":238,"date":"2024-04-12T21:54:25","date_gmt":"2024-04-13T00:54:25","guid":{"rendered":"https:\/\/elfaroonline.com.ar\/?p=238"},"modified":"2024-04-12T21:54:25","modified_gmt":"2024-04-13T00:54:25","slug":"empresas-catamarquenas-presentes-en-la-exposicion-de-puertos-de-la-region-de-atacama","status":"publish","type":"post","link":"https:\/\/elfaroonline.com.ar\/index.php\/2024\/04\/12\/empresas-catamarquenas-presentes-en-la-exposicion-de-puertos-de-la-region-de-atacama\/","title":{"rendered":"Empresas catamarque\u00f1as presentes en la exposici\u00f3n de puertos de la regi\u00f3n de Atacama"},"content":{"rendered":"<p class=\"v1MsoNormal\"><i>Acompa\u00f1ados por el vicegobernador Dusso y la ministra de Trabajo, Ver\u00f3nica Soria, visitaron los puertos de la regi\u00f3n chilena.<\/i><\/p>\n<p class=\"v1MsoNormal\">Durante las dos jornadas del XXIII Plenario del Comit\u00e9 de Integraci\u00f3n ATACALAR 2024, el sector privado catamarque\u00f1o tuvo una activa participaci\u00f3n exponiendo sus potencialidades y conociendo las posibilidades que brindan los puertos de la Regi\u00f3n de Atacama.<\/p>\n<p class=\"v1MsoNormal\">En el cierre de la agenda, este jueves, el vicegobernador Rub\u00e9n Dusso junto a la ministra de Trabajo, Planificaci\u00f3n y Recursos Humanos, Ver\u00f3nica Soria, y empresarios catamarque\u00f1os, participaron de la exposici\u00f3n de la comisi\u00f3n de puertos de atacama, donde las autoridades locales mostraron la oferta de puertos que tiene la regi\u00f3n para que la producci\u00f3n de las provincias del norte -y las que integran la macroregi\u00f3n Atacalar- tengan una alternativa de salida al Pacifico, luego recorrieron las instalaciones del Puerto multimodal de Caldera<\/p>\n<p class=\"v1MsoNormal\">Los representantes catamarque\u00f1os, a su vez, expusieron el potencial de carga y producci\u00f3n que tiene la provincia para fortalecer el Paso San Francisco y la utilizaci\u00f3n de este canal mar\u00edtimo.<\/p>\n<p class=\"v1MsoNormal\">Desde la empresa Zijin-Liex destacaron que el trabajo del &#8220;Comit\u00e9 de Integraci\u00f3n Atacalar es un puente para conectar Argentina y Chile que facilita la log\u00edstica, reduce tiempo y ahorro de costos para transportar por el Pac\u00edfico. Los pa\u00edses unidos y mirando en la misma direcci\u00f3n incentivan a la empresa como Zijin-Liex S.A. a tomar la decisi\u00f3n log\u00edstica m\u00e1s conveniente y econ\u00f3micamente&#8221;.<\/p>\n<p class=\"v1MsoNormal\">Los representantes del sector privado de Catamarca coincidieron en la importancia de continuar avanzando con el proyecto del Corredor Bioce\u00e1nico, que tendr\u00e1 como punto final los puertos de Atacama (Caldera, Huasco, Cha\u00f1aral, entre otros) como salida al Pac\u00edfico, para el desarrollo y exportaci\u00f3n de productos agroindustriales, mineros y dem\u00e1s.<\/p>\n<p class=\"v1MsoNormal\">Durante la visita a Caldera estuvieron presentes la ministra de Seguridad, Fabiola Segura; el ministro de Industria, Comercio y Empleo, Sebasti\u00e1n Caria; los intendentes de Fiambal\u00e1, Ra\u00fal \u00dasqueda; de Santa Mar\u00eda, Erika Inga; y de Tinogasta, Ernesto Andrada; adem\u00e1s de representantes de las empresas Zijin-Liex, proveedores mineros, empresas de transporte, entre otras.<\/p>\n<p class=\"v1MsoNormal\"><b>Ronda de negocios<\/b><\/p>\n<p class=\"v1MsoNormal\">En el marco del Comit\u00e9 de Integraci\u00f3n tambi\u00e9n se llevaron a cabo rondas de negocios entre los representantes del sector privado de las provincias de Catamarca, La Rioja y del Gobierno Regional de Atacama.<\/p>\n<p class=\"v1MsoNormal\">Empresarios catamarque\u00f1os y referentes del sector privado tur\u00edstico, minero, industrial, entre otros, participaron en estas rondas donde interactuaron con sus pares regionales sobre la situaci\u00f3n actual de sus sectores y las posibilidades de desarrollo mediante pol\u00edticas conjuntas.<\/p>\n<p class=\"v1MsoNormal\">Estos espacios de intercambio ofrecieron un alto potencial para el establecimiento de relaciones productivas y estrategias comerciales futuras en la provincia. De esta manera, el sector privado pudo destacar todo su potencial productivo, industrial y econ\u00f3mico.<\/p>\n<p class=\"v1MsoNormal\"><b>Promoci\u00f3n tur\u00edstica <\/b><\/p>\n<p class=\"v1MsoNormal\">Catamarca expuso y promocion\u00f3 su oferta tur\u00edstica en Chile con la participaci\u00f3n de siete empresas, tres agencias y cuatro emprendimientos de alojamiento tur\u00edstico. Estos representantes mantuvieron numerosas reuniones con diferentes operadores tur\u00edsticos de la regi\u00f3n de Atacama. Tambi\u00e9n se sumaron a la delegaci\u00f3n representantes de la C\u00e1mara de Turismo de Fiambal\u00e1.<\/p>\n<p class=\"v1MsoNormal\">Adem\u00e1s, participaron en la Comisi\u00f3n de Trabajo de Turismo, donde se coordinaron acciones conjuntas para potenciar el turismo y desarrollar un intercambio de promoci\u00f3n tur\u00edstica entre Catamarca y la regi\u00f3n de Atacama.<\/p>\n<p class=\"v1MsoNormal\">Estas rondas de negocios brindaron la oportunidad al sector privado de establecer contactos y v\u00ednculos para incrementar la demanda de turistas en la provincia, no solo de chilenos, sino tambi\u00e9n de otros extranjeros que visitan el pa\u00eds trasandino y podr\u00edan ampliar su itinerario para incluir Catamarca.<\/p>\n","protected":false},"excerpt":{"rendered":"<p>Acompa\u00f1ados por el vicegobernador Dusso y la ministra de Trabajo, Ver\u00f3nica Soria, visitaron los puertos de la regi\u00f3n chilena. Durante las dos jornadas del XXIII Plenario del Comit\u00e9 de Integraci\u00f3n ATACALAR 2024, el sector privado catamarque\u00f1o tuvo una activa participaci\u00f3n exponiendo sus potencialidades y conociendo las posibilidades que brindan los puertos de la Regi\u00f3n de [&hellip;]<\/p>\n","protected":false},"author":2,"featured_media":239,"comment_status":"open","ping_status":"open","sticky":false,"template":"","format":"standard","meta":{"footnotes":""},"categories":[21],"tags":[],"class_list":{"0":"post-238","1":"post","2":"type-post","3":"status-publish","4":"format-standard","5":"has-post-thumbnail","7":"category-politica"},"aioseo_notices":[],"_links":{"self":[{"href":"https:\/\/elfaroonline.com.ar\/index.php\/wp-json\/wp\/v2\/posts\/238","targetHints":{"allow":["GET"]}}],"collection":[{"href":"https:\/\/elfaroonline.com.ar\/index.php\/wp-json\/wp\/v2\/posts"}],"about":[{"href":"https:\/\/elfaroonline.com.ar\/index.php\/wp-json\/wp\/v2\/types\/post"}],"author":[{"embeddable":true,"href":"https:\/\/elfaroonline.com.ar\/index.php\/wp-json\/wp\/v2\/users\/2"}],"replies":[{"embeddable":true,"href":"https:\/\/elfaroonline.com.ar\/index.php\/wp-json\/wp\/v2\/comments?post=238"}],"version-history":[{"count":1,"href":"https:\/\/elfaroonline.com.ar\/index.php\/wp-json\/wp\/v2\/posts\/238\/revisions"}],"predecessor-version":[{"id":240,"href":"https:\/\/elfaroonline.com.ar\/index.php\/wp-json\/wp\/v2\/posts\/238\/revisions\/240"}],"wp:featuredmedia":[{"embeddable":true,"href":"https:\/\/elfaroonline.com.ar\/index.php\/wp-json\/wp\/v2\/media\/239"}],"wp:attachment":[{"href":"https:\/\/elfaroonline.com.ar\/index.php\/wp-json\/wp\/v2\/media?parent=238"}],"wp:term":[{"taxonomy":"category","embeddable":true,"href":"https:\/\/elfaroonline.com.ar\/index.php\/wp-json\/wp\/v2\/categories?post=238"},{"taxonomy":"post_tag","embeddable":true,"href":"https:\/\/elfaroonline.com.ar\/index.php\/wp-json\/wp\/v2\/tags?post=238"}],"curies":[{"name":"wp","href":"https:\/\/api.w.org\/{rel}","templated":true}]}}