{"id":2381,"date":"2024-09-26T06:16:25","date_gmt":"2024-09-26T09:16:25","guid":{"rendered":"https:\/\/elfaroonline.com.ar\/?p=2381"},"modified":"2024-09-26T06:16:25","modified_gmt":"2024-09-26T09:16:25","slug":"entrega-de-maquinaria-y-apoyo-a-productores-del-este-catamarqueno","status":"publish","type":"post","link":"https:\/\/elfaroonline.com.ar\/index.php\/2024\/09\/26\/entrega-de-maquinaria-y-apoyo-a-productores-del-este-catamarqueno\/","title":{"rendered":"Entrega de maquinaria y apoyo a productores del Este catamarque\u00f1o"},"content":{"rendered":"<div>\n<p class=\"v1MsoNormal\">En el marco de su recorrido por el Este provincial, el gobernador Ra\u00fal Jalil particip\u00f3 en Los Altos, de la entrega de una motoniveladora y una motopala al municipio, destinadas al mantenimiento de los caminos rurales. Estas m\u00e1quinas refuerzan la infraestructura vial local y se suman a otros equipos ya entregados a la administraci\u00f3n municipal.<\/p>\n<p class=\"v1MsoNormal\">Adem\u00e1s, el Ministerio de Inclusi\u00f3n Digital y Sistemas Productivos, a cargo del ministro Juan Cruz Miranda, entreg\u00f3 insumos a los productores de la zona. Entre los aportes se destacaron cinco toneladas de fertilizantes entregadas a los productores tabacaleros como parte del Plan Tabaco, junto con semillas de cabuto, forraje de sorgo y kits sanitarios para productores ganaderos de Los Altos, Santa Rosa, El Alto y Tapso.<\/p>\n<p class=\"v1MsoNormal\">Otro de los momentos m\u00e1s significativos de la jornada fue la entrega de ocho escrituras a productores de la colonia de Los Altos, quienes llevaban m\u00e1s de 30 a\u00f1os esperando la documentaci\u00f3n que certifica la propiedad de sus tierras. &#8220;Es un paso fundamental para ellos y para el desarrollo del lugar&#8221;, subray\u00f3 el ministro Miranda.<\/p>\n<p class=\"v1MsoNormal\">Asimismo, se firm\u00f3 una carta de intenci\u00f3n para construir el primer centro de gesti\u00f3n de envases vac\u00edos de fitosanitarios en Los Altos. Ignacio Stegmann, director ejecutivo de Campolimpio, se\u00f1al\u00f3 la importancia de esta iniciativa para el cuidado del medio ambiente y la salud: &#8220;Todos queremos cuidar el medio ambiente y la salud, y para eso queremos tratar adecuadamente los residuos, en este caso, los envases vac\u00edos de fitosanitarios&#8221;.<\/p>\n<p class=\"v1MsoNormal\">Acompa\u00f1aron al Gobernador durante la entrega en los distintos puntos del Este el ministro el ministro de Infraestructura y Obras Civiles, Juan Marchetti; los intendentes Ra\u00fal Barot (Los Altos), Mario P\u00e1ez (Santa Rosa), Ariel Ojeda (El Alto) y Mario Sosa (Tapso); el senador departamental Feliz Jerez; el diputado nacional, Sebasti\u00e1n N\u00f3blega; los legisladores provinciales Juan Carlos Ledesma y Hern\u00e1n D\u00edaz, entre otras autoridades.<\/p>\n<\/div>\n","protected":false},"excerpt":{"rendered":"<p>En el marco de su recorrido por el Este provincial, el gobernador Ra\u00fal Jalil particip\u00f3 en Los Altos, de la entrega de una motoniveladora y una motopala al municipio, destinadas al mantenimiento de los caminos rurales. Estas m\u00e1quinas refuerzan la infraestructura vial local y se suman a otros equipos ya entregados a la administraci\u00f3n municipal. [&hellip;]<\/p>\n","protected":false},"author":2,"featured_media":2382,"comment_status":"open","ping_status":"open","sticky":false,"template":"","format":"standard","meta":{"footnotes":""},"categories":[21],"tags":[],"class_list":{"0":"post-2381","1":"post","2":"type-post","3":"status-publish","4":"format-standard","5":"has-post-thumbnail","7":"category-politica"},"aioseo_notices":[],"_links":{"self":[{"href":"https:\/\/elfaroonline.com.ar\/index.php\/wp-json\/wp\/v2\/posts\/2381","targetHints":{"allow":["GET"]}}],"collection":[{"href":"https:\/\/elfaroonline.com.ar\/index.php\/wp-json\/wp\/v2\/posts"}],"about":[{"href":"https:\/\/elfaroonline.com.ar\/index.php\/wp-json\/wp\/v2\/types\/post"}],"author":[{"embeddable":true,"href":"https:\/\/elfaroonline.com.ar\/index.php\/wp-json\/wp\/v2\/users\/2"}],"replies":[{"embeddable":true,"href":"https:\/\/elfaroonline.com.ar\/index.php\/wp-json\/wp\/v2\/comments?post=2381"}],"version-history":[{"count":1,"href":"https:\/\/elfaroonline.com.ar\/index.php\/wp-json\/wp\/v2\/posts\/2381\/revisions"}],"predecessor-version":[{"id":2383,"href":"https:\/\/elfaroonline.com.ar\/index.php\/wp-json\/wp\/v2\/posts\/2381\/revisions\/2383"}],"wp:featuredmedia":[{"embeddable":true,"href":"https:\/\/elfaroonline.com.ar\/index.php\/wp-json\/wp\/v2\/media\/2382"}],"wp:attachment":[{"href":"https:\/\/elfaroonline.com.ar\/index.php\/wp-json\/wp\/v2\/media?parent=2381"}],"wp:term":[{"taxonomy":"category","embeddable":true,"href":"https:\/\/elfaroonline.com.ar\/index.php\/wp-json\/wp\/v2\/categories?post=2381"},{"taxonomy":"post_tag","embeddable":true,"href":"https:\/\/elfaroonline.com.ar\/index.php\/wp-json\/wp\/v2\/tags?post=2381"}],"curies":[{"name":"wp","href":"https:\/\/api.w.org\/{rel}","templated":true}]}}