{"id":2384,"date":"2024-09-26T06:16:03","date_gmt":"2024-09-26T09:16:03","guid":{"rendered":"https:\/\/elfaroonline.com.ar\/?p=2384"},"modified":"2024-09-26T06:16:03","modified_gmt":"2024-09-26T09:16:03","slug":"se-trabaja-a-toda-marcha-en-la-obra-basica-y-pavimentacion-de-ruta-provincial-n42","status":"publish","type":"post","link":"https:\/\/elfaroonline.com.ar\/index.php\/2024\/09\/26\/se-trabaja-a-toda-marcha-en-la-obra-basica-y-pavimentacion-de-ruta-provincial-n42\/","title":{"rendered":"Se trabaja a toda marcha en la obra b\u00e1sica y pavimentaci\u00f3n de Ruta Provincial N\u00b042"},"content":{"rendered":"<p class=\"v1MsoNormal\">El gobernador Ra\u00fal Jalil, acompa\u00f1ado por los intendentes del Este provincial, realiz\u00f3 una nueva inspecci\u00f3n en la obra de la Ruta Provincial N\u00b042, que abarca la obra b\u00e1sica y pavimentaci\u00f3n en el tramo comprendido entre Tintigasta y la Cumbre en El Portezuelo.<\/p>\n<p class=\"v1MsoNormal\">Esta obra es de gran importancia para la regi\u00f3n Este de Catamarca, ya que mejorar\u00e1 la conectividad y fomentar\u00e1 el desarrollo econ\u00f3mico, productivo y tur\u00edstico de la zona.<\/p>\n<p class=\"v1MsoNormal\">Tras haber estado detenida por un tiempo considerable, los trabajos avanzan a buen ritmo, con una importante cantidad de maquinaria trabajando en la compactaci\u00f3n del suelo en el sector monta\u00f1oso, obras de artes, alcantarillas, entre otras intervenciones necesarias para dejar en condiciones de continuar la pavimentaci\u00f3n.<\/p>\n<p class=\"v1MsoNormal\">&#8220;La obra est\u00e1 teniendo avances significativos, la empresa est\u00e1 trabajando a buen ritmo y se espera que para fines de este a\u00f1o tengamos una buena parte de la obra concluida&#8221;, asegur\u00f3 el ministro de Infraestructura y Obras Civiles, Juan Marchetti.<\/p>\n<p class=\"v1MsoNormal\">La obra comprende un total de 30 km en el tramo mencionado, de los cuales ya se han pavimentado casi 10 km.<\/p>\n<p>Durante la visita acompa\u00f1aron los intendentes de Los Altos, Ra\u00fal Barot; de Santa Rosa, Mario P\u00e1ez; de El Alto, Ariel Ojeda, entre otras autoridades.<\/p>\n","protected":false},"excerpt":{"rendered":"<p>El gobernador Ra\u00fal Jalil, acompa\u00f1ado por los intendentes del Este provincial, realiz\u00f3 una nueva inspecci\u00f3n en la obra de la Ruta Provincial N\u00b042, que abarca la obra b\u00e1sica y pavimentaci\u00f3n en el tramo comprendido entre Tintigasta y la Cumbre en El Portezuelo. Esta obra es de gran importancia para la regi\u00f3n Este de Catamarca, ya [&hellip;]<\/p>\n","protected":false},"author":2,"featured_media":2385,"comment_status":"open","ping_status":"open","sticky":false,"template":"","format":"standard","meta":{"footnotes":""},"categories":[20],"tags":[],"class_list":{"0":"post-2384","1":"post","2":"type-post","3":"status-publish","4":"format-standard","5":"has-post-thumbnail","7":"category-sociedad"},"aioseo_notices":[],"_links":{"self":[{"href":"https:\/\/elfaroonline.com.ar\/index.php\/wp-json\/wp\/v2\/posts\/2384","targetHints":{"allow":["GET"]}}],"collection":[{"href":"https:\/\/elfaroonline.com.ar\/index.php\/wp-json\/wp\/v2\/posts"}],"about":[{"href":"https:\/\/elfaroonline.com.ar\/index.php\/wp-json\/wp\/v2\/types\/post"}],"author":[{"embeddable":true,"href":"https:\/\/elfaroonline.com.ar\/index.php\/wp-json\/wp\/v2\/users\/2"}],"replies":[{"embeddable":true,"href":"https:\/\/elfaroonline.com.ar\/index.php\/wp-json\/wp\/v2\/comments?post=2384"}],"version-history":[{"count":1,"href":"https:\/\/elfaroonline.com.ar\/index.php\/wp-json\/wp\/v2\/posts\/2384\/revisions"}],"predecessor-version":[{"id":2386,"href":"https:\/\/elfaroonline.com.ar\/index.php\/wp-json\/wp\/v2\/posts\/2384\/revisions\/2386"}],"wp:featuredmedia":[{"embeddable":true,"href":"https:\/\/elfaroonline.com.ar\/index.php\/wp-json\/wp\/v2\/media\/2385"}],"wp:attachment":[{"href":"https:\/\/elfaroonline.com.ar\/index.php\/wp-json\/wp\/v2\/media?parent=2384"}],"wp:term":[{"taxonomy":"category","embeddable":true,"href":"https:\/\/elfaroonline.com.ar\/index.php\/wp-json\/wp\/v2\/categories?post=2384"},{"taxonomy":"post_tag","embeddable":true,"href":"https:\/\/elfaroonline.com.ar\/index.php\/wp-json\/wp\/v2\/tags?post=2384"}],"curies":[{"name":"wp","href":"https:\/\/api.w.org\/{rel}","templated":true}]}}