{"id":2390,"date":"2024-09-26T06:17:42","date_gmt":"2024-09-26T09:17:42","guid":{"rendered":"https:\/\/elfaroonline.com.ar\/?p=2390"},"modified":"2024-09-26T06:17:42","modified_gmt":"2024-09-26T09:17:42","slug":"un-grupo-de-10-personas-obtuvo-la-ciudadania-argentina","status":"publish","type":"post","link":"https:\/\/elfaroonline.com.ar\/index.php\/2024\/09\/26\/un-grupo-de-10-personas-obtuvo-la-ciudadania-argentina\/","title":{"rendered":"Un grupo de 10 personas obtuvo la ciudadan\u00eda argentina"},"content":{"rendered":"<p class=\"v1MsoNormal\">Una audiencia especial se llev\u00f3 a cabo en el Juzgado Federal de Segunda Nominaci\u00f3n de Catamarca. En la ocasi\u00f3n, se efectu\u00f3 la jura de Ciudadan\u00eda Argentina por Naturalizaci\u00f3n a 10 personas migrantes residentes en la provincia. Estas personas provienen de Bolivia, Per\u00fa, Colombia y Venezuela.<\/p>\n<p class=\"v1MsoNormal\">La ceremonia fue presidida por el juez Federal Guillermo Andr\u00e9s D\u00edaz Mart\u00ednez. Tambi\u00e9n participaron las secretarias de Leyes Especiales Mar\u00eda Constanza Ponferrada y Mar\u00eda Carrizo. De esta manera, se concret\u00f3 el procedimiento judicial mediante el cual las personas adquirieron la nacionalidad argentina y prometieron la observancia de la Constituci\u00f3n Nacional y de las Leyes de la Rep\u00fablica. Se vivieron momentos emotivos, con palabras de alegr\u00eda al consumar el Derecho a la Naturalizaci\u00f3n.<\/p>\n<p class=\"v1MsoNormal\">Esta audiencia se desarroll\u00f3 con motivo del D\u00eda Nacional del Inmigrante, que se celebra el 4 de septiembre. Esta fecha fue establecida por Decreto N\u00b0 21.430 del Poder Ejecutivo Nacional en 1949 y conmemora la disposici\u00f3n dictada por el Primer Triunvirato, fechada en 1812, que fomentaba la migraci\u00f3n. La ceremonia cont\u00f3 tambi\u00e9n con la participaci\u00f3n del ministro de Gobierno, Justicia y Derechos Humanos, Fernando \u00c1vila; la secretaria de Justicia, Derechos Humanos y G\u00e9nero, Mara Mur\u00faa, y el secretario de Relaciones Institucionales, Gast\u00f3n Venturini.<\/p>\n<p class=\"v1MsoNormal\"><b>El derecho a migrar<\/b><\/p>\n<p class=\"v1MsoNormal\">De acuerdo con el art\u00edculo 13 de la Declaraci\u00f3n Universal de Derechos Humanos, firmada por todos los pa\u00edses del mundo en Par\u00eds en 1948, se establece que &#8220;toda persona tiene derecho a circular libremente y a elegir su residencia en el territorio de un Estado&#8221; y que &#8220;tiene derecho a salir de cualquier pa\u00eds, incluso del propio, y a regresar a su pa\u00eds&#8221;.<\/p>\n","protected":false},"excerpt":{"rendered":"<p>Una audiencia especial se llev\u00f3 a cabo en el Juzgado Federal de Segunda Nominaci\u00f3n de Catamarca. En la ocasi\u00f3n, se efectu\u00f3 la jura de Ciudadan\u00eda Argentina por Naturalizaci\u00f3n a 10 personas migrantes residentes en la provincia. Estas personas provienen de Bolivia, Per\u00fa, Colombia y Venezuela. La ceremonia fue presidida por el juez Federal Guillermo Andr\u00e9s [&hellip;]<\/p>\n","protected":false},"author":2,"featured_media":2391,"comment_status":"open","ping_status":"open","sticky":false,"template":"","format":"standard","meta":{"footnotes":""},"categories":[23,20],"tags":[],"class_list":{"0":"post-2390","1":"post","2":"type-post","3":"status-publish","4":"format-standard","5":"has-post-thumbnail","7":"category-destacados","8":"category-sociedad"},"aioseo_notices":[],"_links":{"self":[{"href":"https:\/\/elfaroonline.com.ar\/index.php\/wp-json\/wp\/v2\/posts\/2390","targetHints":{"allow":["GET"]}}],"collection":[{"href":"https:\/\/elfaroonline.com.ar\/index.php\/wp-json\/wp\/v2\/posts"}],"about":[{"href":"https:\/\/elfaroonline.com.ar\/index.php\/wp-json\/wp\/v2\/types\/post"}],"author":[{"embeddable":true,"href":"https:\/\/elfaroonline.com.ar\/index.php\/wp-json\/wp\/v2\/users\/2"}],"replies":[{"embeddable":true,"href":"https:\/\/elfaroonline.com.ar\/index.php\/wp-json\/wp\/v2\/comments?post=2390"}],"version-history":[{"count":2,"href":"https:\/\/elfaroonline.com.ar\/index.php\/wp-json\/wp\/v2\/posts\/2390\/revisions"}],"predecessor-version":[{"id":2402,"href":"https:\/\/elfaroonline.com.ar\/index.php\/wp-json\/wp\/v2\/posts\/2390\/revisions\/2402"}],"wp:featuredmedia":[{"embeddable":true,"href":"https:\/\/elfaroonline.com.ar\/index.php\/wp-json\/wp\/v2\/media\/2391"}],"wp:attachment":[{"href":"https:\/\/elfaroonline.com.ar\/index.php\/wp-json\/wp\/v2\/media?parent=2390"}],"wp:term":[{"taxonomy":"category","embeddable":true,"href":"https:\/\/elfaroonline.com.ar\/index.php\/wp-json\/wp\/v2\/categories?post=2390"},{"taxonomy":"post_tag","embeddable":true,"href":"https:\/\/elfaroonline.com.ar\/index.php\/wp-json\/wp\/v2\/tags?post=2390"}],"curies":[{"name":"wp","href":"https:\/\/api.w.org\/{rel}","templated":true}]}}