{"id":2393,"date":"2024-09-26T06:15:23","date_gmt":"2024-09-26T09:15:23","guid":{"rendered":"https:\/\/elfaroonline.com.ar\/?p=2393"},"modified":"2024-09-26T06:15:23","modified_gmt":"2024-09-26T09:15:23","slug":"siniestro-vial-fatal-en-capayan","status":"publish","type":"post","link":"https:\/\/elfaroonline.com.ar\/index.php\/2024\/09\/26\/siniestro-vial-fatal-en-capayan\/","title":{"rendered":"Siniestro vial fatal en Capay\u00e1n"},"content":{"rendered":"<p class=\"v1MsoNormal\"><span lang=\"ES-AR\">Ayer a las <b>04:00<\/b>, en la Ruta Nacional N\u00ba 38, a 1 kil\u00f3metro aproximadamente hacia el punto cardinal Sur de calle N\u00ba 8, de la localidad de Nueva Coneta, Departamento Capay\u00e1n, se registr\u00f3 un siniestro vial.<\/span><\/p>\n<p class=\"v1MsoNormal\"><b><span lang=\"ES-AR\">Jorge Antonio Cruz Bol\u00edvar (29)<\/span><\/b><span lang=\"ES-AR\">, circulaba en un autom\u00f3vil Volkswagen Gol Trend gris, dominio ICF-329, en compa\u00f1\u00eda de <b>Sabrina del Valle Canelo (27),<\/b> y por causas que se investigan colision\u00f3 con una motocicleta Yamaha YBR 125 cc., de color gris, al mando de <b>Luis Carlos Enrique Gonz\u00e1lez (47)<\/b>.<\/span><\/p>\n<p class=\"v1MsoNormal\"><span lang=\"ES-AR\">Producto del siniestro, y a ra\u00edz de las graves lesiones sufridas, el conductor del rodado menor perdi\u00f3 la vida en el acto, por lo que en el lugar trabajaron numerarios de las <b>Direcciones Criminal\u00edstica<\/b> y <b>Seguridad Vial de la Polic\u00eda de la Provincia<\/b> y de la <b>Comisar\u00eda de Nueva Coneta<\/b>, que por jurisdicci\u00f3n corresponde, quienes labraron las actuaciones de rigor, bajo las directivas de la Fiscal\u00eda de Instrucci\u00f3n en turno del Distrito Sur.<\/span><\/p>\n","protected":false},"excerpt":{"rendered":"<p>Ayer a las 04:00, en la Ruta Nacional N\u00ba 38, a 1 kil\u00f3metro aproximadamente hacia el punto cardinal Sur de calle N\u00ba 8, de la localidad de Nueva Coneta, Departamento Capay\u00e1n, se registr\u00f3 un siniestro vial. Jorge Antonio Cruz Bol\u00edvar (29), circulaba en un autom\u00f3vil Volkswagen Gol Trend gris, dominio ICF-329, en compa\u00f1\u00eda de Sabrina [&hellip;]<\/p>\n","protected":false},"author":2,"featured_media":2394,"comment_status":"open","ping_status":"open","sticky":false,"template":"","format":"standard","meta":{"footnotes":""},"categories":[27],"tags":[],"class_list":{"0":"post-2393","1":"post","2":"type-post","3":"status-publish","4":"format-standard","5":"has-post-thumbnail","7":"category-policiales"},"aioseo_notices":[],"_links":{"self":[{"href":"https:\/\/elfaroonline.com.ar\/index.php\/wp-json\/wp\/v2\/posts\/2393","targetHints":{"allow":["GET"]}}],"collection":[{"href":"https:\/\/elfaroonline.com.ar\/index.php\/wp-json\/wp\/v2\/posts"}],"about":[{"href":"https:\/\/elfaroonline.com.ar\/index.php\/wp-json\/wp\/v2\/types\/post"}],"author":[{"embeddable":true,"href":"https:\/\/elfaroonline.com.ar\/index.php\/wp-json\/wp\/v2\/users\/2"}],"replies":[{"embeddable":true,"href":"https:\/\/elfaroonline.com.ar\/index.php\/wp-json\/wp\/v2\/comments?post=2393"}],"version-history":[{"count":1,"href":"https:\/\/elfaroonline.com.ar\/index.php\/wp-json\/wp\/v2\/posts\/2393\/revisions"}],"predecessor-version":[{"id":2395,"href":"https:\/\/elfaroonline.com.ar\/index.php\/wp-json\/wp\/v2\/posts\/2393\/revisions\/2395"}],"wp:featuredmedia":[{"embeddable":true,"href":"https:\/\/elfaroonline.com.ar\/index.php\/wp-json\/wp\/v2\/media\/2394"}],"wp:attachment":[{"href":"https:\/\/elfaroonline.com.ar\/index.php\/wp-json\/wp\/v2\/media?parent=2393"}],"wp:term":[{"taxonomy":"category","embeddable":true,"href":"https:\/\/elfaroonline.com.ar\/index.php\/wp-json\/wp\/v2\/categories?post=2393"},{"taxonomy":"post_tag","embeddable":true,"href":"https:\/\/elfaroonline.com.ar\/index.php\/wp-json\/wp\/v2\/tags?post=2393"}],"curies":[{"name":"wp","href":"https:\/\/api.w.org\/{rel}","templated":true}]}}