{"id":241,"date":"2024-04-12T21:59:17","date_gmt":"2024-04-13T00:59:17","guid":{"rendered":"https:\/\/elfaroonline.com.ar\/?p=241"},"modified":"2024-04-12T21:59:17","modified_gmt":"2024-04-13T00:59:17","slug":"el-ex-diplomatico-de-estados-unidos-manuel-rocha-fue-sentenciado-a-15-anos-de-prision-por-espiar-para-cuba","status":"publish","type":"post","link":"https:\/\/elfaroonline.com.ar\/index.php\/2024\/04\/12\/el-ex-diplomatico-de-estados-unidos-manuel-rocha-fue-sentenciado-a-15-anos-de-prision-por-espiar-para-cuba\/","title":{"rendered":"El ex diplom\u00e1tico de Estados Unidos Manuel Rocha fue sentenciado a 15 a\u00f1os de prisi\u00f3n por espiar para Cuba"},"content":{"rendered":"<p><b>Victor Manuel Rocha<\/b>, ex embajador de <b>Estados Unidos<\/b> en Bolivia, fue condenado \u00a0a <b>15 a\u00f1os de prisi\u00f3n<\/b> por actuar como agente encubierto <b>de Cuba<\/b> durante cuatro d\u00e9cadas, en una audiencia celebrada en un tribunal federal de Miami (Florida).<\/p>\n<p>El ex diplom\u00e1tico, que alcanz\u00f3 un <b>acuerdo de colaboraci\u00f3n<\/b> con la Fiscal\u00eda, se declar\u00f3 culpable de haber recopilado informaci\u00f3n de inteligencia estadounidense para el gobierno comunista de Cuba desde alrededor de 1981, a pesar de haberlo negado en un primer momento. Tras reconocer esos hechos, la jueza Bloom lo conden\u00f3.<\/p>\n<p>La polic\u00eda estadounidense detuvo a Rocha en Miami en diciembre y lo acus\u00f3 de actuar como agente de un gobierno extranjero sin el consentimiento previo de su administraci\u00f3n. En sus a\u00f1os como topo, ocup\u00f3 cargos importantes en el Departamento de Estado, desde donde pudo acceder a <b>informaci\u00f3n confidencial de alto nivel<\/b>e <b>influir en la pol\u00edtica exterior estadounidense<\/b>.<\/p>\n","protected":false},"excerpt":{"rendered":"<p>Victor Manuel Rocha, ex embajador de Estados Unidos en Bolivia, fue condenado \u00a0a 15 a\u00f1os de prisi\u00f3n por actuar como agente encubierto de Cuba durante cuatro d\u00e9cadas, en una audiencia celebrada en un tribunal federal de Miami (Florida). El ex diplom\u00e1tico, que alcanz\u00f3 un acuerdo de colaboraci\u00f3n con la Fiscal\u00eda, se declar\u00f3 culpable de haber [&hellip;]<\/p>\n","protected":false},"author":2,"featured_media":242,"comment_status":"open","ping_status":"open","sticky":false,"template":"","format":"standard","meta":{"footnotes":""},"categories":[24],"tags":[],"class_list":{"0":"post-241","1":"post","2":"type-post","3":"status-publish","4":"format-standard","5":"has-post-thumbnail","7":"category-mundo"},"aioseo_notices":[],"_links":{"self":[{"href":"https:\/\/elfaroonline.com.ar\/index.php\/wp-json\/wp\/v2\/posts\/241","targetHints":{"allow":["GET"]}}],"collection":[{"href":"https:\/\/elfaroonline.com.ar\/index.php\/wp-json\/wp\/v2\/posts"}],"about":[{"href":"https:\/\/elfaroonline.com.ar\/index.php\/wp-json\/wp\/v2\/types\/post"}],"author":[{"embeddable":true,"href":"https:\/\/elfaroonline.com.ar\/index.php\/wp-json\/wp\/v2\/users\/2"}],"replies":[{"embeddable":true,"href":"https:\/\/elfaroonline.com.ar\/index.php\/wp-json\/wp\/v2\/comments?post=241"}],"version-history":[{"count":1,"href":"https:\/\/elfaroonline.com.ar\/index.php\/wp-json\/wp\/v2\/posts\/241\/revisions"}],"predecessor-version":[{"id":243,"href":"https:\/\/elfaroonline.com.ar\/index.php\/wp-json\/wp\/v2\/posts\/241\/revisions\/243"}],"wp:featuredmedia":[{"embeddable":true,"href":"https:\/\/elfaroonline.com.ar\/index.php\/wp-json\/wp\/v2\/media\/242"}],"wp:attachment":[{"href":"https:\/\/elfaroonline.com.ar\/index.php\/wp-json\/wp\/v2\/media?parent=241"}],"wp:term":[{"taxonomy":"category","embeddable":true,"href":"https:\/\/elfaroonline.com.ar\/index.php\/wp-json\/wp\/v2\/categories?post=241"},{"taxonomy":"post_tag","embeddable":true,"href":"https:\/\/elfaroonline.com.ar\/index.php\/wp-json\/wp\/v2\/tags?post=241"}],"curies":[{"name":"wp","href":"https:\/\/api.w.org\/{rel}","templated":true}]}}