{"id":2419,"date":"2024-09-30T06:31:56","date_gmt":"2024-09-30T09:31:56","guid":{"rendered":"https:\/\/elfaroonline.com.ar\/?p=2419"},"modified":"2024-09-30T06:31:56","modified_gmt":"2024-09-30T09:31:56","slug":"el-programa-catamarca-con-vos-paso-por-saujil","status":"publish","type":"post","link":"https:\/\/elfaroonline.com.ar\/index.php\/2024\/09\/30\/el-programa-catamarca-con-vos-paso-por-saujil\/","title":{"rendered":"El Programa &#8220;Catamarca con Vos&#8221; pas\u00f3 por Saujil"},"content":{"rendered":"<p class=\"v1MsoNormal\">Los vecinos de Saujil recibieron los beneficios de la renovada propuesta del Programa &#8220;Catamarca con Vos&#8221; con mercado itinerante, capacitaciones y shows en vivo. En la ma\u00f1ana del viernes, todos los organismos del Gobierno de Catamarca se dispusieron en el tinglado parroquial del colegio Juan Cayetano Bianchi, acompa\u00f1ados de la municipalidad de dicha localidad.<\/p>\n<p class=\"v1MsoNormal\">Una importante cantidad de vecinos se hicieron presentes, llegando a realizarse alrededor de 300 prestaciones en esta oportunidad, con este programa provincial que pretende acercarse al interior de nuestra Provincia para mejorar la calidad de vida de sus habitantes.<\/p>\n<p class=\"v1MsoNormal\">De esta manera, la gente pudo acceder a tr\u00e1mites de DNI, EC SAPEM, asistencia m\u00e9dica, servicios veterinarios, peluquer\u00eda, pol\u00edticas juveniles y de g\u00e9nero; entre otras cosas.<\/p>\n<p class=\"v1MsoNormal\">En el Polideportivo Municipal, la apertura del programa cultural se dio con el Ballet folcl\u00f3rico municipal &#8220;Jubilados 29 de septiembre&#8221;. En el auditorio, se brind\u00f3 la capacitaci\u00f3n sobre liquidaci\u00f3n de haberes y nuevas normativas de OSEP y AGAP y la divisi\u00f3n de canes de la Polic\u00eda se destac\u00f3 con su demostraci\u00f3n. Para finalizar, la artista Takihuara brill\u00f3 con su show en vivo.<\/p>\n<p class=\"v1MsoNormal\">El programa, tambi\u00e9n sum\u00f3 a los productores locales a un &#8220;mercado itinerante&#8221; para que ofrezcan sus productos aprovechando la afluencia de gente. Asimismo, ofrece a los ciudadanos acceso de manera f\u00e1cil y gratuita a la Direcci\u00f3n Provincial de Acci\u00f3n Cooperativa y Mutual; Inspecci\u00f3n General de Personas Jur\u00eddicas; Direcci\u00f3n Provincial de Derechos Humanos; Direcci\u00f3n Provincial de Justicia; Direcci\u00f3n Provincial de Mujeres, G\u00e9nero y Diversidad; Secretar\u00eda de Pol\u00edticas Juveniles; Ministerio de Desarrollo Social; Ministerio de Vivienda y Urbanizaci\u00f3n; Instituto Provincial de la Vivienda;\u00a0 Ministerio de Trabajo, Planificaci\u00f3n y Recursos Humanos; Ministerio de Seguridad; ARCA; Ministerio de Salud; Ministerio de Econom\u00eda; Direcci\u00f3n Provincial de Defensa del Consumidor y Direcci\u00f3n de Comercio y Servicios;\u00a0 Ministerio de Integraci\u00f3n Regional, Log\u00edstica y Transporte;\u00a0 Ministerio de Educaci\u00f3n; y Servicio de peluquer\u00eda gratuito.<\/p>\n","protected":false},"excerpt":{"rendered":"<p>Los vecinos de Saujil recibieron los beneficios de la renovada propuesta del Programa &#8220;Catamarca con Vos&#8221; con mercado itinerante, capacitaciones y shows en vivo. En la ma\u00f1ana del viernes, todos los organismos del Gobierno de Catamarca se dispusieron en el tinglado parroquial del colegio Juan Cayetano Bianchi, acompa\u00f1ados de la municipalidad de dicha localidad. Una [&hellip;]<\/p>\n","protected":false},"author":2,"featured_media":2420,"comment_status":"open","ping_status":"open","sticky":false,"template":"","format":"standard","meta":{"footnotes":""},"categories":[23,20],"tags":[],"class_list":{"0":"post-2419","1":"post","2":"type-post","3":"status-publish","4":"format-standard","5":"has-post-thumbnail","7":"category-destacados","8":"category-sociedad"},"aioseo_notices":[],"_links":{"self":[{"href":"https:\/\/elfaroonline.com.ar\/index.php\/wp-json\/wp\/v2\/posts\/2419","targetHints":{"allow":["GET"]}}],"collection":[{"href":"https:\/\/elfaroonline.com.ar\/index.php\/wp-json\/wp\/v2\/posts"}],"about":[{"href":"https:\/\/elfaroonline.com.ar\/index.php\/wp-json\/wp\/v2\/types\/post"}],"author":[{"embeddable":true,"href":"https:\/\/elfaroonline.com.ar\/index.php\/wp-json\/wp\/v2\/users\/2"}],"replies":[{"embeddable":true,"href":"https:\/\/elfaroonline.com.ar\/index.php\/wp-json\/wp\/v2\/comments?post=2419"}],"version-history":[{"count":1,"href":"https:\/\/elfaroonline.com.ar\/index.php\/wp-json\/wp\/v2\/posts\/2419\/revisions"}],"predecessor-version":[{"id":2421,"href":"https:\/\/elfaroonline.com.ar\/index.php\/wp-json\/wp\/v2\/posts\/2419\/revisions\/2421"}],"wp:featuredmedia":[{"embeddable":true,"href":"https:\/\/elfaroonline.com.ar\/index.php\/wp-json\/wp\/v2\/media\/2420"}],"wp:attachment":[{"href":"https:\/\/elfaroonline.com.ar\/index.php\/wp-json\/wp\/v2\/media?parent=2419"}],"wp:term":[{"taxonomy":"category","embeddable":true,"href":"https:\/\/elfaroonline.com.ar\/index.php\/wp-json\/wp\/v2\/categories?post=2419"},{"taxonomy":"post_tag","embeddable":true,"href":"https:\/\/elfaroonline.com.ar\/index.php\/wp-json\/wp\/v2\/tags?post=2419"}],"curies":[{"name":"wp","href":"https:\/\/api.w.org\/{rel}","templated":true}]}}