{"id":244,"date":"2024-04-12T22:03:07","date_gmt":"2024-04-13T01:03:07","guid":{"rendered":"https:\/\/elfaroonline.com.ar\/?p=244"},"modified":"2024-04-12T22:03:07","modified_gmt":"2024-04-13T01:03:07","slug":"poncho-2024-el-gobierno-trabaja-en-las-mejoras-del-predio-ferial-catamarca","status":"publish","type":"post","link":"https:\/\/elfaroonline.com.ar\/index.php\/2024\/04\/12\/poncho-2024-el-gobierno-trabaja-en-las-mejoras-del-predio-ferial-catamarca\/","title":{"rendered":"Poncho 2024: El gobierno trabaja en las mejoras del Predio Ferial Catamarca"},"content":{"rendered":"<p class=\"v1MsoNormal\">La ministra de Cultura, Turismo y Deporte de Catamarca, Daiana Rold\u00e1n y el ministro de Infraestructura y Obras Civiles, Juan Marchetti, junto a sus equipos t\u00e9cnicos, recorrieron este jueves las instalaciones del Predio Ferial Catamarca para coordinar las mejoras de los espacios para la realizaci\u00f3n de la edici\u00f3n 2024 de la Fiesta Nacional e Internacional del Poncho.<\/p>\n<p class=\"v1MsoNormal\">En la oportunidad se comenzaron a delinear las mejoras necesarias en salones, caminer\u00edas y espacios destinados a la afluencia masiva del p\u00fablico que visita el predio para esa \u00e9poca<\/p>\n<p class=\"v1MsoNormal\">La Fiesta Nacional e Internacional del Poncho 2024 se realizar\u00e1 del 12 al 21 de julio en el Predio Ferial Catamarca. Ser\u00e1 la edici\u00f3n N\u00b053 de la fiesta m\u00e1s importante de los catamarque\u00f1os.<\/p>\n<p class=\"v1MsoNormal\">El Poncho es la fiesta popular m\u00e1s grande del invierno de la Argentina, y durante 10 d\u00edas afirma la identidad y la tradici\u00f3n de Catamarca a trav\u00e9s de sus artesan\u00edas, gastronom\u00eda, el turismo y de las expresiones art\u00edsticas de la m\u00fasica y la danza.<\/p>\n","protected":false},"excerpt":{"rendered":"<p>La ministra de Cultura, Turismo y Deporte de Catamarca, Daiana Rold\u00e1n y el ministro de Infraestructura y Obras Civiles, Juan Marchetti, junto a sus equipos t\u00e9cnicos, recorrieron este jueves las instalaciones del Predio Ferial Catamarca para coordinar las mejoras de los espacios para la realizaci\u00f3n de la edici\u00f3n 2024 de la Fiesta Nacional e Internacional [&hellip;]<\/p>\n","protected":false},"author":2,"featured_media":245,"comment_status":"open","ping_status":"open","sticky":false,"template":"","format":"standard","meta":{"footnotes":""},"categories":[20],"tags":[30],"class_list":{"0":"post-244","1":"post","2":"type-post","3":"status-publish","4":"format-standard","5":"has-post-thumbnail","7":"category-sociedad","8":"tag-poncho"},"aioseo_notices":[],"_links":{"self":[{"href":"https:\/\/elfaroonline.com.ar\/index.php\/wp-json\/wp\/v2\/posts\/244","targetHints":{"allow":["GET"]}}],"collection":[{"href":"https:\/\/elfaroonline.com.ar\/index.php\/wp-json\/wp\/v2\/posts"}],"about":[{"href":"https:\/\/elfaroonline.com.ar\/index.php\/wp-json\/wp\/v2\/types\/post"}],"author":[{"embeddable":true,"href":"https:\/\/elfaroonline.com.ar\/index.php\/wp-json\/wp\/v2\/users\/2"}],"replies":[{"embeddable":true,"href":"https:\/\/elfaroonline.com.ar\/index.php\/wp-json\/wp\/v2\/comments?post=244"}],"version-history":[{"count":1,"href":"https:\/\/elfaroonline.com.ar\/index.php\/wp-json\/wp\/v2\/posts\/244\/revisions"}],"predecessor-version":[{"id":246,"href":"https:\/\/elfaroonline.com.ar\/index.php\/wp-json\/wp\/v2\/posts\/244\/revisions\/246"}],"wp:featuredmedia":[{"embeddable":true,"href":"https:\/\/elfaroonline.com.ar\/index.php\/wp-json\/wp\/v2\/media\/245"}],"wp:attachment":[{"href":"https:\/\/elfaroonline.com.ar\/index.php\/wp-json\/wp\/v2\/media?parent=244"}],"wp:term":[{"taxonomy":"category","embeddable":true,"href":"https:\/\/elfaroonline.com.ar\/index.php\/wp-json\/wp\/v2\/categories?post=244"},{"taxonomy":"post_tag","embeddable":true,"href":"https:\/\/elfaroonline.com.ar\/index.php\/wp-json\/wp\/v2\/tags?post=244"}],"curies":[{"name":"wp","href":"https:\/\/api.w.org\/{rel}","templated":true}]}}