{"id":2443,"date":"2024-09-30T06:35:04","date_gmt":"2024-09-30T09:35:04","guid":{"rendered":"https:\/\/elfaroonline.com.ar\/?p=2443"},"modified":"2024-09-30T06:35:04","modified_gmt":"2024-09-30T09:35:04","slug":"river-hizo-figura-al-arquero-de-talleres-pero-cayo-1-0-en-el-monumental-por-la-liga-profesional","status":"publish","type":"post","link":"https:\/\/elfaroonline.com.ar\/index.php\/2024\/09\/30\/river-hizo-figura-al-arquero-de-talleres-pero-cayo-1-0-en-el-monumental-por-la-liga-profesional\/","title":{"rendered":"River hizo figura al arquero de Talleres, pero cay\u00f3 1-0 en el Monumental por la Liga Profesional"},"content":{"rendered":"<p>Federico Girotti capitaliz\u00f3 un error de Paulo D\u00edaz y estableci\u00f3 la \u201cLey del Ex\u201d para que el combinado cordob\u00e9s se imponga por la m\u00ednima diferencia en N\u00fa\u00f1ez. El conjunto de Marcelo Gallardo desperdici\u00f3 la chance de acercarse a la cima.<\/p>\n<p>Talleres se llev\u00f3 la victoria del Monumental gracias al gol de Federico Girotti, quien capitaliz\u00f3 un error de Paulo D\u00edaz a los doce minutos de la etapa inicial. River Plate termin\u00f3 con Facundo Colidio, Miguel Borja, Pablo Solari, Franco Mastantuono y el Diablito Echeverri en la cancha y el elenco cordob\u00e9s resisti\u00f3 como pudo. Guido Herrera fue el m\u00e1ximo responsable del resultado, quien se luci\u00f3 con una producci\u00f3n brillante. Los del Cacique Medina quedaron a tres puntos de V\u00e9lez y sue\u00f1an con dar pelea en la Liga Profesional.<\/p>\n","protected":false},"excerpt":{"rendered":"<p>Federico Girotti capitaliz\u00f3 un error de Paulo D\u00edaz y estableci\u00f3 la \u201cLey del Ex\u201d para que el combinado cordob\u00e9s se imponga por la m\u00ednima diferencia en N\u00fa\u00f1ez. El conjunto de Marcelo Gallardo desperdici\u00f3 la chance de acercarse a la cima. Talleres se llev\u00f3 la victoria del Monumental gracias al gol de Federico Girotti, quien capitaliz\u00f3 [&hellip;]<\/p>\n","protected":false},"author":2,"featured_media":2444,"comment_status":"open","ping_status":"open","sticky":false,"template":"","format":"standard","meta":{"footnotes":""},"categories":[25],"tags":[],"class_list":{"0":"post-2443","1":"post","2":"type-post","3":"status-publish","4":"format-standard","5":"has-post-thumbnail","7":"category-deportes"},"aioseo_notices":[],"aioseo_head":"\n\t\t<!-- All in One SEO 5.0.0.1 - aioseo.com -->\n\t<meta name=\"description\" content=\"Federico Girotti capitaliz\u00f3 un error de Paulo D\u00edaz y estableci\u00f3 la \u201cLey del Ex\u201d para que el combinado cordob\u00e9s se imponga por la m\u00ednima diferencia en N\u00fa\u00f1ez. El conjunto de Marcelo Gallardo desperdici\u00f3 la chance de acercarse a la cima.\" \/>\n\t<meta name=\"robots\" content=\"max-image-preview:large\" \/>\n\t<meta name=\"author\" content=\"El Faro Online\"\/>\n\t<link rel=\"canonical\" href=\"https:\/\/elfaroonline.com.ar\/index.php\/2024\/09\/30\/river-hizo-figura-al-arquero-de-talleres-pero-cayo-1-0-en-el-monumental-por-la-liga-profesional\/\" \/>\n\t<meta name=\"generator\" content=\"All in One SEO (AIOSEO) 5.0.0.1\" \/>\n\t\t<meta property=\"og:locale\" content=\"es_ES\" \/>\n\t\t<meta property=\"og:site_name\" content=\"elfaroonline.com.ar -\" \/>\n\t\t<meta property=\"og:type\" content=\"article\" \/>\n\t\t<meta property=\"og:title\" content=\"River hizo figura al arquero de Talleres, pero cay\u00f3 1-0 en el Monumental por la Liga Profesional\" \/>\n\t\t<meta property=\"og:description\" content=\"Federico Girotti capitaliz\u00f3 un error de Paulo D\u00edaz y estableci\u00f3 la \u201cLey del Ex\u201d para que el combinado cordob\u00e9s se imponga por la m\u00ednima diferencia en N\u00fa\u00f1ez. El conjunto de Marcelo Gallardo desperdici\u00f3 la chance de acercarse a la cima.\" \/>\n\t\t<meta property=\"og:url\" content=\"https:\/\/elfaroonline.com.ar\/index.php\/2024\/09\/30\/river-hizo-figura-al-arquero-de-talleres-pero-cayo-1-0-en-el-monumental-por-la-liga-profesional\/\" \/>\n\t\t<meta property=\"article:published_time\" content=\"2024-09-30T09:35:04+00:00\" \/>\n\t\t<meta property=\"article:modified_time\" content=\"2024-09-30T09:35:04+00:00\" \/>\n\t\t<meta name=\"twitter:card\" content=\"summary_large_image\" \/>\n\t\t<meta name=\"twitter:title\" content=\"River hizo figura al arquero de Talleres, pero cay\u00f3 1-0 en el Monumental por la Liga Profesional\" \/>\n\t\t<meta name=\"twitter:description\" content=\"Federico Girotti capitaliz\u00f3 un error de Paulo D\u00edaz y estableci\u00f3 la \u201cLey del Ex\u201d para que el combinado cordob\u00e9s se imponga por la m\u00ednima diferencia en N\u00fa\u00f1ez. El conjunto de Marcelo Gallardo desperdici\u00f3 la chance de acercarse a la cima.\" \/>\n\t\t<script type=\"application\/ld+json\" class=\"aioseo-schema\">\n\t\t\t{\"@context\":\"https:\\\/\\\/schema.org\",\"@graph\":[{\"@type\":\"BlogPosting\",\"@id\":\"https:\\\/\\\/elfaroonline.com.ar\\\/index.php\\\/2024\\\/09\\\/30\\\/river-hizo-figura-al-arquero-de-talleres-pero-cayo-1-0-en-el-monumental-por-la-liga-profesional\\\/#blogposting\",\"name\":\"River hizo figura al arquero de Talleres, pero cay\\u00f3 1-0 en el Monumental por la Liga Profesional\",\"headline\":\"River hizo figura al arquero de Talleres, pero cay\\u00f3 1-0 en el Monumental por la Liga Profesional\",\"author\":{\"@id\":\"https:\\\/\\\/elfaroonline.com.ar\\\/index.php\\\/author\\\/elfaro\\\/#author\"},\"publisher\":{\"@id\":\"https:\\\/\\\/elfaroonline.com.ar\\\/#organization\"},\"image\":{\"@type\":\"ImageObject\",\"url\":\"https:\\\/\\\/elfaroonline.com.ar\\\/wp-content\\\/uploads\\\/2024\\\/09\\\/IMG_6288.jpeg\",\"width\":420,\"height\":280},\"datePublished\":\"2024-09-30T06:35:04-03:00\",\"dateModified\":\"2024-09-30T06:35:04-03:00\",\"inLanguage\":\"es-AR\",\"mainEntityOfPage\":{\"@id\":\"https:\\\/\\\/elfaroonline.com.ar\\\/index.php\\\/2024\\\/09\\\/30\\\/river-hizo-figura-al-arquero-de-talleres-pero-cayo-1-0-en-el-monumental-por-la-liga-profesional\\\/#webpage\"},\"isPartOf\":{\"@id\":\"https:\\\/\\\/elfaroonline.com.ar\\\/index.php\\\/2024\\\/09\\\/30\\\/river-hizo-figura-al-arquero-de-talleres-pero-cayo-1-0-en-el-monumental-por-la-liga-profesional\\\/#webpage\"},\"articleSection\":\"Deportes\"},{\"@type\":\"BreadcrumbList\",\"@id\":\"https:\\\/\\\/elfaroonline.com.ar\\\/index.php\\\/2024\\\/09\\\/30\\\/river-hizo-figura-al-arquero-de-talleres-pero-cayo-1-0-en-el-monumental-por-la-liga-profesional\\\/#breadcrumblist\",\"itemListElement\":[{\"@type\":\"ListItem\",\"@id\":\"https:\\\/\\\/elfaroonline.com.ar#listItem\",\"position\":1,\"name\":\"Home\",\"item\":\"https:\\\/\\\/elfaroonline.com.ar\",\"nextItem\":{\"@type\":\"ListItem\",\"@id\":\"https:\\\/\\\/elfaroonline.com.ar\\\/index.php\\\/category\\\/deportes\\\/#listItem\",\"name\":\"Deportes\"}},{\"@type\":\"ListItem\",\"@id\":\"https:\\\/\\\/elfaroonline.com.ar\\\/index.php\\\/category\\\/deportes\\\/#listItem\",\"position\":2,\"name\":\"Deportes\",\"item\":\"https:\\\/\\\/elfaroonline.com.ar\\\/index.php\\\/category\\\/deportes\\\/\",\"nextItem\":{\"@type\":\"ListItem\",\"@id\":\"https:\\\/\\\/elfaroonline.com.ar\\\/index.php\\\/2024\\\/09\\\/30\\\/river-hizo-figura-al-arquero-de-talleres-pero-cayo-1-0-en-el-monumental-por-la-liga-profesional\\\/#listItem\",\"name\":\"River hizo figura al arquero de Talleres, pero cay\\u00f3 1-0 en el Monumental por la Liga Profesional\"},\"previousItem\":{\"@type\":\"ListItem\",\"@id\":\"https:\\\/\\\/elfaroonline.com.ar#listItem\",\"name\":\"Home\"}},{\"@type\":\"ListItem\",\"@id\":\"https:\\\/\\\/elfaroonline.com.ar\\\/index.php\\\/2024\\\/09\\\/30\\\/river-hizo-figura-al-arquero-de-talleres-pero-cayo-1-0-en-el-monumental-por-la-liga-profesional\\\/#listItem\",\"position\":3,\"name\":\"River hizo figura al arquero de Talleres, pero cay\\u00f3 1-0 en el Monumental por la Liga Profesional\",\"previousItem\":{\"@type\":\"ListItem\",\"@id\":\"https:\\\/\\\/elfaroonline.com.ar\\\/index.php\\\/category\\\/deportes\\\/#listItem\",\"name\":\"Deportes\"}}]},{\"@type\":\"Organization\",\"@id\":\"https:\\\/\\\/elfaroonline.com.ar\\\/#organization\",\"name\":\"elfaroonline.com.ar\",\"url\":\"https:\\\/\\\/elfaroonline.com.ar\\\/\"},{\"@type\":\"Person\",\"@id\":\"https:\\\/\\\/elfaroonline.com.ar\\\/index.php\\\/author\\\/elfaro\\\/#author\",\"url\":\"https:\\\/\\\/elfaroonline.com.ar\\\/index.php\\\/author\\\/elfaro\\\/\",\"name\":\"El Faro Online\",\"image\":{\"@type\":\"ImageObject\",\"@id\":\"https:\\\/\\\/elfaroonline.com.ar\\\/index.php\\\/2024\\\/09\\\/30\\\/river-hizo-figura-al-arquero-de-talleres-pero-cayo-1-0-en-el-monumental-por-la-liga-profesional\\\/#authorImage\",\"url\":\"https:\\\/\\\/secure.gravatar.com\\\/avatar\\\/97dc46c3711deda1040382679fc31e66bb0f67b30b6dec3feea788d18888f5f7?s=96&d=mm&r=g\",\"width\":96,\"height\":96,\"caption\":\"El Faro Online\"}},{\"@type\":\"WebPage\",\"@id\":\"https:\\\/\\\/elfaroonline.com.ar\\\/index.php\\\/2024\\\/09\\\/30\\\/river-hizo-figura-al-arquero-de-talleres-pero-cayo-1-0-en-el-monumental-por-la-liga-profesional\\\/#webpage\",\"url\":\"https:\\\/\\\/elfaroonline.com.ar\\\/index.php\\\/2024\\\/09\\\/30\\\/river-hizo-figura-al-arquero-de-talleres-pero-cayo-1-0-en-el-monumental-por-la-liga-profesional\\\/\",\"name\":\"River hizo figura al arquero de Talleres, pero cay\\u00f3 1-0 en el Monumental por la Liga Profesional\",\"description\":\"Federico Girotti capitaliz\\u00f3 un error de Paulo D\\u00edaz y estableci\\u00f3 la \\u201cLey del Ex\\u201d para que el combinado cordob\\u00e9s se imponga por la m\\u00ednima diferencia en N\\u00fa\\u00f1ez. El conjunto de Marcelo Gallardo desperdici\\u00f3 la chance de acercarse a la cima.\",\"inLanguage\":\"es-AR\",\"isPartOf\":{\"@id\":\"https:\\\/\\\/elfaroonline.com.ar\\\/#website\"},\"breadcrumb\":{\"@id\":\"https:\\\/\\\/elfaroonline.com.ar\\\/index.php\\\/2024\\\/09\\\/30\\\/river-hizo-figura-al-arquero-de-talleres-pero-cayo-1-0-en-el-monumental-por-la-liga-profesional\\\/#breadcrumblist\"},\"author\":{\"@id\":\"https:\\\/\\\/elfaroonline.com.ar\\\/index.php\\\/author\\\/elfaro\\\/#author\"},\"creator\":{\"@id\":\"https:\\\/\\\/elfaroonline.com.ar\\\/index.php\\\/author\\\/elfaro\\\/#author\"},\"image\":{\"@type\":\"ImageObject\",\"url\":\"https:\\\/\\\/elfaroonline.com.ar\\\/wp-content\\\/uploads\\\/2024\\\/09\\\/IMG_6288.jpeg\",\"@id\":\"https:\\\/\\\/elfaroonline.com.ar\\\/index.php\\\/2024\\\/09\\\/30\\\/river-hizo-figura-al-arquero-de-talleres-pero-cayo-1-0-en-el-monumental-por-la-liga-profesional\\\/#mainImage\",\"width\":420,\"height\":280},\"primaryImageOfPage\":{\"@id\":\"https:\\\/\\\/elfaroonline.com.ar\\\/index.php\\\/2024\\\/09\\\/30\\\/river-hizo-figura-al-arquero-de-talleres-pero-cayo-1-0-en-el-monumental-por-la-liga-profesional\\\/#mainImage\"},\"datePublished\":\"2024-09-30T06:35:04-03:00\",\"dateModified\":\"2024-09-30T06:35:04-03:00\"},{\"@type\":\"WebSite\",\"@id\":\"https:\\\/\\\/elfaroonline.com.ar\\\/#website\",\"url\":\"https:\\\/\\\/elfaroonline.com.ar\\\/\",\"name\":\"elfaroonline.com.ar\",\"inLanguage\":\"es-AR\",\"publisher\":{\"@id\":\"https:\\\/\\\/elfaroonline.com.ar\\\/#organization\"}}]}\n\t\t<\/script>\n\t\t<!-- All in One SEO -->\n\n","aioseo_head_json":{"title":"River hizo figura al arquero de Talleres, pero cay\u00f3 1-0 en el Monumental por la Liga Profesional","description":"Federico Girotti capitaliz\u00f3 un error de Paulo D\u00edaz y estableci\u00f3 la \u201cLey del Ex\u201d para que el combinado cordob\u00e9s se imponga por la m\u00ednima diferencia en N\u00fa\u00f1ez. El conjunto de Marcelo Gallardo desperdici\u00f3 la chance de acercarse a la cima.","canonical_url":"https:\/\/elfaroonline.com.ar\/index.php\/2024\/09\/30\/river-hizo-figura-al-arquero-de-talleres-pero-cayo-1-0-en-el-monumental-por-la-liga-profesional\/","robots":"max-image-preview:large","keywords":"","webmasterTools":{"miscellaneous":""},"schema":{"@context":"https:\/\/schema.org","@graph":[{"@type":"BlogPosting","@id":"https:\/\/elfaroonline.com.ar\/index.php\/2024\/09\/30\/river-hizo-figura-al-arquero-de-talleres-pero-cayo-1-0-en-el-monumental-por-la-liga-profesional\/#blogposting","name":"River hizo figura al arquero de Talleres, pero cay\u00f3 1-0 en el Monumental por la Liga Profesional","headline":"River hizo figura al arquero de Talleres, pero cay\u00f3 1-0 en el Monumental por la Liga Profesional","author":{"@id":"https:\/\/elfaroonline.com.ar\/index.php\/author\/elfaro\/#author"},"publisher":{"@id":"https:\/\/elfaroonline.com.ar\/#organization"},"image":{"@type":"ImageObject","url":"https:\/\/elfaroonline.com.ar\/wp-content\/uploads\/2024\/09\/IMG_6288.jpeg","width":420,"height":280},"datePublished":"2024-09-30T06:35:04-03:00","dateModified":"2024-09-30T06:35:04-03:00","inLanguage":"es-AR","mainEntityOfPage":{"@id":"https:\/\/elfaroonline.com.ar\/index.php\/2024\/09\/30\/river-hizo-figura-al-arquero-de-talleres-pero-cayo-1-0-en-el-monumental-por-la-liga-profesional\/#webpage"},"isPartOf":{"@id":"https:\/\/elfaroonline.com.ar\/index.php\/2024\/09\/30\/river-hizo-figura-al-arquero-de-talleres-pero-cayo-1-0-en-el-monumental-por-la-liga-profesional\/#webpage"},"articleSection":"Deportes"},{"@type":"BreadcrumbList","@id":"https:\/\/elfaroonline.com.ar\/index.php\/2024\/09\/30\/river-hizo-figura-al-arquero-de-talleres-pero-cayo-1-0-en-el-monumental-por-la-liga-profesional\/#breadcrumblist","itemListElement":[{"@type":"ListItem","@id":"https:\/\/elfaroonline.com.ar#listItem","position":1,"name":"Home","item":"https:\/\/elfaroonline.com.ar","nextItem":{"@type":"ListItem","@id":"https:\/\/elfaroonline.com.ar\/index.php\/category\/deportes\/#listItem","name":"Deportes"}},{"@type":"ListItem","@id":"https:\/\/elfaroonline.com.ar\/index.php\/category\/deportes\/#listItem","position":2,"name":"Deportes","item":"https:\/\/elfaroonline.com.ar\/index.php\/category\/deportes\/","nextItem":{"@type":"ListItem","@id":"https:\/\/elfaroonline.com.ar\/index.php\/2024\/09\/30\/river-hizo-figura-al-arquero-de-talleres-pero-cayo-1-0-en-el-monumental-por-la-liga-profesional\/#listItem","name":"River hizo figura al arquero de Talleres, pero cay\u00f3 1-0 en el Monumental por la Liga Profesional"},"previousItem":{"@type":"ListItem","@id":"https:\/\/elfaroonline.com.ar#listItem","name":"Home"}},{"@type":"ListItem","@id":"https:\/\/elfaroonline.com.ar\/index.php\/2024\/09\/30\/river-hizo-figura-al-arquero-de-talleres-pero-cayo-1-0-en-el-monumental-por-la-liga-profesional\/#listItem","position":3,"name":"River hizo figura al arquero de Talleres, pero cay\u00f3 1-0 en el Monumental por la Liga Profesional","previousItem":{"@type":"ListItem","@id":"https:\/\/elfaroonline.com.ar\/index.php\/category\/deportes\/#listItem","name":"Deportes"}}]},{"@type":"Organization","@id":"https:\/\/elfaroonline.com.ar\/#organization","name":"elfaroonline.com.ar","url":"https:\/\/elfaroonline.com.ar\/"},{"@type":"Person","@id":"https:\/\/elfaroonline.com.ar\/index.php\/author\/elfaro\/#author","url":"https:\/\/elfaroonline.com.ar\/index.php\/author\/elfaro\/","name":"El Faro Online","image":{"@type":"ImageObject","@id":"https:\/\/elfaroonline.com.ar\/index.php\/2024\/09\/30\/river-hizo-figura-al-arquero-de-talleres-pero-cayo-1-0-en-el-monumental-por-la-liga-profesional\/#authorImage","url":"https:\/\/secure.gravatar.com\/avatar\/97dc46c3711deda1040382679fc31e66bb0f67b30b6dec3feea788d18888f5f7?s=96&d=mm&r=g","width":96,"height":96,"caption":"El Faro Online"}},{"@type":"WebPage","@id":"https:\/\/elfaroonline.com.ar\/index.php\/2024\/09\/30\/river-hizo-figura-al-arquero-de-talleres-pero-cayo-1-0-en-el-monumental-por-la-liga-profesional\/#webpage","url":"https:\/\/elfaroonline.com.ar\/index.php\/2024\/09\/30\/river-hizo-figura-al-arquero-de-talleres-pero-cayo-1-0-en-el-monumental-por-la-liga-profesional\/","name":"River hizo figura al arquero de Talleres, pero cay\u00f3 1-0 en el Monumental por la Liga Profesional","description":"Federico Girotti capitaliz\u00f3 un error de Paulo D\u00edaz y estableci\u00f3 la \u201cLey del Ex\u201d para que el combinado cordob\u00e9s se imponga por la m\u00ednima diferencia en N\u00fa\u00f1ez. El conjunto de Marcelo Gallardo desperdici\u00f3 la chance de acercarse a la cima.","inLanguage":"es-AR","isPartOf":{"@id":"https:\/\/elfaroonline.com.ar\/#website"},"breadcrumb":{"@id":"https:\/\/elfaroonline.com.ar\/index.php\/2024\/09\/30\/river-hizo-figura-al-arquero-de-talleres-pero-cayo-1-0-en-el-monumental-por-la-liga-profesional\/#breadcrumblist"},"author":{"@id":"https:\/\/elfaroonline.com.ar\/index.php\/author\/elfaro\/#author"},"creator":{"@id":"https:\/\/elfaroonline.com.ar\/index.php\/author\/elfaro\/#author"},"image":{"@type":"ImageObject","url":"https:\/\/elfaroonline.com.ar\/wp-content\/uploads\/2024\/09\/IMG_6288.jpeg","@id":"https:\/\/elfaroonline.com.ar\/index.php\/2024\/09\/30\/river-hizo-figura-al-arquero-de-talleres-pero-cayo-1-0-en-el-monumental-por-la-liga-profesional\/#mainImage","width":420,"height":280},"primaryImageOfPage":{"@id":"https:\/\/elfaroonline.com.ar\/index.php\/2024\/09\/30\/river-hizo-figura-al-arquero-de-talleres-pero-cayo-1-0-en-el-monumental-por-la-liga-profesional\/#mainImage"},"datePublished":"2024-09-30T06:35:04-03:00","dateModified":"2024-09-30T06:35:04-03:00"},{"@type":"WebSite","@id":"https:\/\/elfaroonline.com.ar\/#website","url":"https:\/\/elfaroonline.com.ar\/","name":"elfaroonline.com.ar","inLanguage":"es-AR","publisher":{"@id":"https:\/\/elfaroonline.com.ar\/#organization"}}]},"og:locale":"es_ES","og:site_name":"elfaroonline.com.ar -","og:type":"article","og:title":"River hizo figura al arquero de Talleres, pero cay\u00f3 1-0 en el Monumental por la Liga Profesional","og:description":"Federico Girotti capitaliz\u00f3 un error de Paulo D\u00edaz y estableci\u00f3 la \u201cLey del Ex\u201d para que el combinado cordob\u00e9s se imponga por la m\u00ednima diferencia en N\u00fa\u00f1ez. El conjunto de Marcelo Gallardo desperdici\u00f3 la chance de acercarse a la cima.","og:url":"https:\/\/elfaroonline.com.ar\/index.php\/2024\/09\/30\/river-hizo-figura-al-arquero-de-talleres-pero-cayo-1-0-en-el-monumental-por-la-liga-profesional\/","article:published_time":"2024-09-30T09:35:04+00:00","article:modified_time":"2024-09-30T09:35:04+00:00","twitter:card":"summary_large_image","twitter:title":"River hizo figura al arquero de Talleres, pero cay\u00f3 1-0 en el Monumental por la Liga Profesional","twitter:description":"Federico Girotti capitaliz\u00f3 un error de Paulo D\u00edaz y estableci\u00f3 la \u201cLey del Ex\u201d para que el combinado cordob\u00e9s se imponga por la m\u00ednima diferencia en N\u00fa\u00f1ez. El conjunto de Marcelo Gallardo desperdici\u00f3 la chance de acercarse a la cima."},"aioseo_meta_data":{"post_id":"2443","title":"River hizo figura al arquero de Talleres, pero cay\u00f3 1-0 en el Monumental por la Liga Profesional","description":"Federico Girotti capitaliz\u00f3 un error de Paulo D\u00edaz y estableci\u00f3 la \u201cLey del Ex\u201d para que el combinado cordob\u00e9s se imponga por la m\u00ednima diferencia en N\u00fa\u00f1ez. El conjunto de Marcelo Gallardo desperdici\u00f3 la chance de acercarse a la cima.","keywords":null,"keyphrases":{"focus":{"keyphrase":"","score":0,"analysis":{"keyphraseInTitle":{"score":0,"maxScore":9,"error":1}}},"additional":[]},"primary_term":null,"canonical_url":null,"og_title":null,"og_description":null,"og_object_type":"default","og_image_type":"default","og_image_url":null,"og_image_width":null,"og_image_height":null,"og_image_custom_url":null,"og_image_custom_fields":null,"og_video":"","og_custom_url":null,"og_article_section":null,"og_article_tags":null,"twitter_use_og":false,"twitter_card":"default","twitter_image_type":"default","twitter_image_url":null,"twitter_image_custom_url":null,"twitter_image_custom_fields":null,"twitter_title":null,"twitter_description":null,"schema":{"blockGraphs":[],"customGraphs":[],"default":{"data":{"Article":[],"Course":[],"Dataset":[],"FAQPage":[],"Movie":[],"Person":[],"Product":[],"ProductReview":[],"Car":[],"Recipe":[],"Service":[],"SoftwareApplication":[],"WebPage":[]},"graphName":"BlogPosting","isEnabled":true},"graphs":[]},"schema_type":"default","schema_type_options":null,"pillar_content":false,"robots_default":true,"robots_noindex":false,"robots_noarchive":false,"robots_nosnippet":false,"robots_nofollow":false,"robots_noimageindex":false,"robots_noodp":false,"robots_notranslate":false,"robots_max_snippet":"-1","robots_max_videopreview":"-1","robots_max_imagepreview":"large","priority":null,"frequency":"default","local_seo":null,"breadcrumb_settings":null,"limit_modified_date":false,"ai":null,"created":"2024-09-30 00:30:21","updated":"2025-07-15 23:31:12","seo_analyzer_scan_date":null,"focus_keyword":null,"additional_keywords":null,"truseo_locale":null},"aioseo_breadcrumb":"<div class=\"aioseo-breadcrumbs\"><span class=\"aioseo-breadcrumb\">\n\t\t\t<a href=\"https:\/\/elfaroonline.com.ar\" title=\"Home\">Home<\/a>\n\t\t<\/span><span class=\"aioseo-breadcrumb-separator\">&raquo;<\/span><span class=\"aioseo-breadcrumb\">\n\t\t\t<a href=\"https:\/\/elfaroonline.com.ar\/index.php\/category\/deportes\/\" title=\"Deportes\">Deportes<\/a>\n\t\t<\/span><span class=\"aioseo-breadcrumb-separator\">&raquo;<\/span><span class=\"aioseo-breadcrumb\">\n\t\t\tRiver hizo figura al arquero de Talleres, pero cay\u00f3 1-0 en el Monumental por la Liga Profesional\n\t\t<\/span><\/div>","aioseo_breadcrumb_json":[{"label":"Home","link":"https:\/\/elfaroonline.com.ar"},{"label":"Deportes","link":"https:\/\/elfaroonline.com.ar\/index.php\/category\/deportes\/"},{"label":"River hizo figura al arquero de Talleres, pero cay\u00f3 1-0 en el Monumental por la Liga Profesional","link":"https:\/\/elfaroonline.com.ar\/index.php\/2024\/09\/30\/river-hizo-figura-al-arquero-de-talleres-pero-cayo-1-0-en-el-monumental-por-la-liga-profesional\/"}],"_links":{"self":[{"href":"https:\/\/elfaroonline.com.ar\/index.php\/wp-json\/wp\/v2\/posts\/2443","targetHints":{"allow":["GET"]}}],"collection":[{"href":"https:\/\/elfaroonline.com.ar\/index.php\/wp-json\/wp\/v2\/posts"}],"about":[{"href":"https:\/\/elfaroonline.com.ar\/index.php\/wp-json\/wp\/v2\/types\/post"}],"author":[{"embeddable":true,"href":"https:\/\/elfaroonline.com.ar\/index.php\/wp-json\/wp\/v2\/users\/2"}],"replies":[{"embeddable":true,"href":"https:\/\/elfaroonline.com.ar\/index.php\/wp-json\/wp\/v2\/comments?post=2443"}],"version-history":[{"count":1,"href":"https:\/\/elfaroonline.com.ar\/index.php\/wp-json\/wp\/v2\/posts\/2443\/revisions"}],"predecessor-version":[{"id":2445,"href":"https:\/\/elfaroonline.com.ar\/index.php\/wp-json\/wp\/v2\/posts\/2443\/revisions\/2445"}],"wp:featuredmedia":[{"embeddable":true,"href":"https:\/\/elfaroonline.com.ar\/index.php\/wp-json\/wp\/v2\/media\/2444"}],"wp:attachment":[{"href":"https:\/\/elfaroonline.com.ar\/index.php\/wp-json\/wp\/v2\/media?parent=2443"}],"wp:term":[{"taxonomy":"category","embeddable":true,"href":"https:\/\/elfaroonline.com.ar\/index.php\/wp-json\/wp\/v2\/categories?post=2443"},{"taxonomy":"post_tag","embeddable":true,"href":"https:\/\/elfaroonline.com.ar\/index.php\/wp-json\/wp\/v2\/tags?post=2443"}],"curies":[{"name":"wp","href":"https:\/\/api.w.org\/{rel}","templated":true}]}}