{"id":2449,"date":"2024-10-01T17:28:29","date_gmt":"2024-10-01T20:28:29","guid":{"rendered":"https:\/\/elfaroonline.com.ar\/?p=2449"},"modified":"2024-10-01T17:28:29","modified_gmt":"2024-10-01T20:28:29","slug":"seis-provincias-argentinas-participan-de-la-lme-week","status":"publish","type":"post","link":"https:\/\/elfaroonline.com.ar\/index.php\/2024\/10\/01\/seis-provincias-argentinas-participan-de-la-lme-week\/","title":{"rendered":"Seis provincias argentinas participan de la LME Week"},"content":{"rendered":"<p class=\"v1MsoNormal\">La delegaci\u00f3n argentina integrada por Ra\u00fal Jalil, gobernador de Catamarca; Carlos Sadir, gobernador de Jujuy; Alfredo Cornejo, gobernador de Mendoza; Gustavo Sa\u00e9nz, gobernador de Salta; Marcelo Orrego, gobernador de San Juan; Andrea Mariana Confini, secretaria de Energ\u00eda y Ambiente de R\u00edo Negro e Ignacio Lamothe, secretario General del Consejo Federal de Inversiones, viajaron para participar en la London Metal Exchange Week 2024 (LME Week).<\/p>\n<p class=\"v1MsoNormal\">El domingo la delegaci\u00f3n particip\u00f3 de una reuni\u00f3n de trabajo en la Residencia Argentina junto a los equipos de la Embajada Argentina en Londres y la Embajada Brit\u00e1nica en Buenos Aires.<\/p>\n<p class=\"v1MsoNormal\">Durante la jornada de este lunes, los gobernadores de Salta, Jujuy, Catamarca, Mendoza y San Juan expusieron en la prestigiosa Escuela de Econom\u00eda y Ciencias Pol\u00edticas de Londres (The London School of Economics and Politicial Science), una de las universidades m\u00e1s importantes, frente a estudiantes, acad\u00e9micos y expertos en desarrollo de Am\u00e9rica Latina y de Argentina.<\/p>\n<p class=\"v1MsoNormal\">El panel de los gobernadores tuvo como tema principal las oportunidades de desarrollo sustentable de los recursos naturales y prioridades estrat\u00e9gicas de las provincias argentinas.<\/p>\n<p class=\"v1MsoNormal\">Adem\u00e1s, todas las delegaciones participaron de una reuni\u00f3n en el International Finance Corporation.<\/p>\n<p class=\"v1MsoNormal\">La misi\u00f3n continuar\u00e1 ma\u00f1ana con reuniones estrat\u00e9gicas para seguir abordando las oportunidades de las provincias argentinas en el desarrollo de la miner\u00eda.<\/p>\n","protected":false},"excerpt":{"rendered":"<p>La delegaci\u00f3n argentina integrada por Ra\u00fal Jalil, gobernador de Catamarca; Carlos Sadir, gobernador de Jujuy; Alfredo Cornejo, gobernador de Mendoza; Gustavo Sa\u00e9nz, gobernador de Salta; Marcelo Orrego, gobernador de San Juan; Andrea Mariana Confini, secretaria de Energ\u00eda y Ambiente de R\u00edo Negro e Ignacio Lamothe, secretario General del Consejo Federal de Inversiones, viajaron para participar [&hellip;]<\/p>\n","protected":false},"author":2,"featured_media":2450,"comment_status":"open","ping_status":"open","sticky":false,"template":"","format":"standard","meta":{"footnotes":""},"categories":[23,21],"tags":[],"class_list":{"0":"post-2449","1":"post","2":"type-post","3":"status-publish","4":"format-standard","5":"has-post-thumbnail","7":"category-destacados","8":"category-politica"},"aioseo_notices":[],"aioseo_head":"\n\t\t<!-- All in One SEO 5.0.0.1 - aioseo.com -->\n\t<meta name=\"description\" content=\"La delegaci\u00f3n argentina integrada por Ra\u00fal Jalil, gobernador de Catamarca; Carlos Sadir, gobernador de Jujuy; Alfredo Cornejo, gobernador de Mendoza; Gustavo Sa\u00e9nz, gobernador de Salta; Marcelo Orrego, gobernador de San Juan; Andrea Mariana Confini, secretaria de Energ\u00eda y Ambiente de R\u00edo Negro e Ignacio Lamothe, secretario General del Consejo Federal de Inversiones, viajaron para participar en la London Metal Exchange Week 2024 (LME Week).\" \/>\n\t<meta name=\"robots\" content=\"max-image-preview:large\" \/>\n\t<meta name=\"author\" content=\"El Faro Online\"\/>\n\t<link rel=\"canonical\" href=\"https:\/\/elfaroonline.com.ar\/index.php\/2024\/10\/01\/seis-provincias-argentinas-participan-de-la-lme-week\/\" \/>\n\t<meta name=\"generator\" content=\"All in One SEO (AIOSEO) 5.0.0.1\" \/>\n\t\t<meta property=\"og:locale\" content=\"es_ES\" \/>\n\t\t<meta property=\"og:site_name\" content=\"elfaroonline.com.ar -\" \/>\n\t\t<meta property=\"og:type\" content=\"article\" \/>\n\t\t<meta property=\"og:title\" content=\"Seis provincias argentinas participan de la LME Week\" \/>\n\t\t<meta property=\"og:description\" content=\"La delegaci\u00f3n argentina integrada por Ra\u00fal Jalil, gobernador de Catamarca; Carlos Sadir, gobernador de Jujuy; Alfredo Cornejo, gobernador de Mendoza; Gustavo Sa\u00e9nz, gobernador de Salta; Marcelo Orrego, gobernador de San Juan; Andrea Mariana Confini, secretaria de Energ\u00eda y Ambiente de R\u00edo Negro e Ignacio Lamothe, secretario General del Consejo Federal de Inversiones, viajaron para participar en la London Metal Exchange Week 2024 (LME Week).\" \/>\n\t\t<meta property=\"og:url\" content=\"https:\/\/elfaroonline.com.ar\/index.php\/2024\/10\/01\/seis-provincias-argentinas-participan-de-la-lme-week\/\" \/>\n\t\t<meta property=\"article:published_time\" content=\"2024-10-01T20:28:29+00:00\" \/>\n\t\t<meta property=\"article:modified_time\" content=\"2024-10-01T20:28:29+00:00\" \/>\n\t\t<meta name=\"twitter:card\" content=\"summary_large_image\" \/>\n\t\t<meta name=\"twitter:title\" content=\"Seis provincias argentinas participan de la LME Week\" \/>\n\t\t<meta name=\"twitter:description\" content=\"La delegaci\u00f3n argentina integrada por Ra\u00fal Jalil, gobernador de Catamarca; Carlos Sadir, gobernador de Jujuy; Alfredo Cornejo, gobernador de Mendoza; Gustavo Sa\u00e9nz, gobernador de Salta; Marcelo Orrego, gobernador de San Juan; Andrea Mariana Confini, secretaria de Energ\u00eda y Ambiente de R\u00edo Negro e Ignacio Lamothe, secretario General del Consejo Federal de Inversiones, viajaron para participar en la London Metal Exchange Week 2024 (LME Week).\" \/>\n\t\t<script type=\"application\/ld+json\" class=\"aioseo-schema\">\n\t\t\t{\"@context\":\"https:\\\/\\\/schema.org\",\"@graph\":[{\"@type\":\"BlogPosting\",\"@id\":\"https:\\\/\\\/elfaroonline.com.ar\\\/index.php\\\/2024\\\/10\\\/01\\\/seis-provincias-argentinas-participan-de-la-lme-week\\\/#blogposting\",\"name\":\"Seis provincias argentinas participan de la LME Week\",\"headline\":\"Seis provincias argentinas participan de la LME Week\",\"author\":{\"@id\":\"https:\\\/\\\/elfaroonline.com.ar\\\/index.php\\\/author\\\/elfaro\\\/#author\"},\"publisher\":{\"@id\":\"https:\\\/\\\/elfaroonline.com.ar\\\/#organization\"},\"image\":{\"@type\":\"ImageObject\",\"url\":\"https:\\\/\\\/elfaroonline.com.ar\\\/wp-content\\\/uploads\\\/2024\\\/09\\\/9121976a-0485-48b3-be5f-f4cb55b972da.jpeg\",\"width\":2560,\"height\":2048},\"datePublished\":\"2024-10-01T17:28:29-03:00\",\"dateModified\":\"2024-10-01T17:28:29-03:00\",\"inLanguage\":\"es-AR\",\"mainEntityOfPage\":{\"@id\":\"https:\\\/\\\/elfaroonline.com.ar\\\/index.php\\\/2024\\\/10\\\/01\\\/seis-provincias-argentinas-participan-de-la-lme-week\\\/#webpage\"},\"isPartOf\":{\"@id\":\"https:\\\/\\\/elfaroonline.com.ar\\\/index.php\\\/2024\\\/10\\\/01\\\/seis-provincias-argentinas-participan-de-la-lme-week\\\/#webpage\"},\"articleSection\":\"Destacados, Pol\\u00edtica\"},{\"@type\":\"BreadcrumbList\",\"@id\":\"https:\\\/\\\/elfaroonline.com.ar\\\/index.php\\\/2024\\\/10\\\/01\\\/seis-provincias-argentinas-participan-de-la-lme-week\\\/#breadcrumblist\",\"itemListElement\":[{\"@type\":\"ListItem\",\"@id\":\"https:\\\/\\\/elfaroonline.com.ar#listItem\",\"position\":1,\"name\":\"Home\",\"item\":\"https:\\\/\\\/elfaroonline.com.ar\",\"nextItem\":{\"@type\":\"ListItem\",\"@id\":\"https:\\\/\\\/elfaroonline.com.ar\\\/index.php\\\/category\\\/politica\\\/#listItem\",\"name\":\"Pol\\u00edtica\"}},{\"@type\":\"ListItem\",\"@id\":\"https:\\\/\\\/elfaroonline.com.ar\\\/index.php\\\/category\\\/politica\\\/#listItem\",\"position\":2,\"name\":\"Pol\\u00edtica\",\"item\":\"https:\\\/\\\/elfaroonline.com.ar\\\/index.php\\\/category\\\/politica\\\/\",\"nextItem\":{\"@type\":\"ListItem\",\"@id\":\"https:\\\/\\\/elfaroonline.com.ar\\\/index.php\\\/2024\\\/10\\\/01\\\/seis-provincias-argentinas-participan-de-la-lme-week\\\/#listItem\",\"name\":\"Seis provincias argentinas participan de la LME Week\"},\"previousItem\":{\"@type\":\"ListItem\",\"@id\":\"https:\\\/\\\/elfaroonline.com.ar#listItem\",\"name\":\"Home\"}},{\"@type\":\"ListItem\",\"@id\":\"https:\\\/\\\/elfaroonline.com.ar\\\/index.php\\\/2024\\\/10\\\/01\\\/seis-provincias-argentinas-participan-de-la-lme-week\\\/#listItem\",\"position\":3,\"name\":\"Seis provincias argentinas participan de la LME Week\",\"previousItem\":{\"@type\":\"ListItem\",\"@id\":\"https:\\\/\\\/elfaroonline.com.ar\\\/index.php\\\/category\\\/politica\\\/#listItem\",\"name\":\"Pol\\u00edtica\"}}]},{\"@type\":\"Organization\",\"@id\":\"https:\\\/\\\/elfaroonline.com.ar\\\/#organization\",\"name\":\"elfaroonline.com.ar\",\"url\":\"https:\\\/\\\/elfaroonline.com.ar\\\/\"},{\"@type\":\"Person\",\"@id\":\"https:\\\/\\\/elfaroonline.com.ar\\\/index.php\\\/author\\\/elfaro\\\/#author\",\"url\":\"https:\\\/\\\/elfaroonline.com.ar\\\/index.php\\\/author\\\/elfaro\\\/\",\"name\":\"El Faro Online\",\"image\":{\"@type\":\"ImageObject\",\"@id\":\"https:\\\/\\\/elfaroonline.com.ar\\\/index.php\\\/2024\\\/10\\\/01\\\/seis-provincias-argentinas-participan-de-la-lme-week\\\/#authorImage\",\"url\":\"https:\\\/\\\/secure.gravatar.com\\\/avatar\\\/97dc46c3711deda1040382679fc31e66bb0f67b30b6dec3feea788d18888f5f7?s=96&d=mm&r=g\",\"width\":96,\"height\":96,\"caption\":\"El Faro Online\"}},{\"@type\":\"WebPage\",\"@id\":\"https:\\\/\\\/elfaroonline.com.ar\\\/index.php\\\/2024\\\/10\\\/01\\\/seis-provincias-argentinas-participan-de-la-lme-week\\\/#webpage\",\"url\":\"https:\\\/\\\/elfaroonline.com.ar\\\/index.php\\\/2024\\\/10\\\/01\\\/seis-provincias-argentinas-participan-de-la-lme-week\\\/\",\"name\":\"Seis provincias argentinas participan de la LME Week\",\"description\":\"La delegaci\\u00f3n argentina integrada por Ra\\u00fal Jalil, gobernador de Catamarca; Carlos Sadir, gobernador de Jujuy; Alfredo Cornejo, gobernador de Mendoza; Gustavo Sa\\u00e9nz, gobernador de Salta; Marcelo Orrego, gobernador de San Juan; Andrea Mariana Confini, secretaria de Energ\\u00eda y Ambiente de R\\u00edo Negro e Ignacio Lamothe, secretario General del Consejo Federal de Inversiones, viajaron para participar en la London Metal Exchange Week 2024 (LME Week).\",\"inLanguage\":\"es-AR\",\"isPartOf\":{\"@id\":\"https:\\\/\\\/elfaroonline.com.ar\\\/#website\"},\"breadcrumb\":{\"@id\":\"https:\\\/\\\/elfaroonline.com.ar\\\/index.php\\\/2024\\\/10\\\/01\\\/seis-provincias-argentinas-participan-de-la-lme-week\\\/#breadcrumblist\"},\"author\":{\"@id\":\"https:\\\/\\\/elfaroonline.com.ar\\\/index.php\\\/author\\\/elfaro\\\/#author\"},\"creator\":{\"@id\":\"https:\\\/\\\/elfaroonline.com.ar\\\/index.php\\\/author\\\/elfaro\\\/#author\"},\"image\":{\"@type\":\"ImageObject\",\"url\":\"https:\\\/\\\/elfaroonline.com.ar\\\/wp-content\\\/uploads\\\/2024\\\/09\\\/9121976a-0485-48b3-be5f-f4cb55b972da.jpeg\",\"@id\":\"https:\\\/\\\/elfaroonline.com.ar\\\/index.php\\\/2024\\\/10\\\/01\\\/seis-provincias-argentinas-participan-de-la-lme-week\\\/#mainImage\",\"width\":2560,\"height\":2048},\"primaryImageOfPage\":{\"@id\":\"https:\\\/\\\/elfaroonline.com.ar\\\/index.php\\\/2024\\\/10\\\/01\\\/seis-provincias-argentinas-participan-de-la-lme-week\\\/#mainImage\"},\"datePublished\":\"2024-10-01T17:28:29-03:00\",\"dateModified\":\"2024-10-01T17:28:29-03:00\"},{\"@type\":\"WebSite\",\"@id\":\"https:\\\/\\\/elfaroonline.com.ar\\\/#website\",\"url\":\"https:\\\/\\\/elfaroonline.com.ar\\\/\",\"name\":\"elfaroonline.com.ar\",\"inLanguage\":\"es-AR\",\"publisher\":{\"@id\":\"https:\\\/\\\/elfaroonline.com.ar\\\/#organization\"}}]}\n\t\t<\/script>\n\t\t<!-- All in One SEO -->\n\n","aioseo_head_json":{"title":"Seis provincias argentinas participan de la LME Week","description":"La delegaci\u00f3n argentina integrada por Ra\u00fal Jalil, gobernador de Catamarca; Carlos Sadir, gobernador de Jujuy; Alfredo Cornejo, gobernador de Mendoza; Gustavo Sa\u00e9nz, gobernador de Salta; Marcelo Orrego, gobernador de San Juan; Andrea Mariana Confini, secretaria de Energ\u00eda y Ambiente de R\u00edo Negro e Ignacio Lamothe, secretario General del Consejo Federal de Inversiones, viajaron para participar en la London Metal Exchange Week 2024 (LME Week).","canonical_url":"https:\/\/elfaroonline.com.ar\/index.php\/2024\/10\/01\/seis-provincias-argentinas-participan-de-la-lme-week\/","robots":"max-image-preview:large","keywords":"","webmasterTools":{"miscellaneous":""},"schema":{"@context":"https:\/\/schema.org","@graph":[{"@type":"BlogPosting","@id":"https:\/\/elfaroonline.com.ar\/index.php\/2024\/10\/01\/seis-provincias-argentinas-participan-de-la-lme-week\/#blogposting","name":"Seis provincias argentinas participan de la LME Week","headline":"Seis provincias argentinas participan de la LME Week","author":{"@id":"https:\/\/elfaroonline.com.ar\/index.php\/author\/elfaro\/#author"},"publisher":{"@id":"https:\/\/elfaroonline.com.ar\/#organization"},"image":{"@type":"ImageObject","url":"https:\/\/elfaroonline.com.ar\/wp-content\/uploads\/2024\/09\/9121976a-0485-48b3-be5f-f4cb55b972da.jpeg","width":2560,"height":2048},"datePublished":"2024-10-01T17:28:29-03:00","dateModified":"2024-10-01T17:28:29-03:00","inLanguage":"es-AR","mainEntityOfPage":{"@id":"https:\/\/elfaroonline.com.ar\/index.php\/2024\/10\/01\/seis-provincias-argentinas-participan-de-la-lme-week\/#webpage"},"isPartOf":{"@id":"https:\/\/elfaroonline.com.ar\/index.php\/2024\/10\/01\/seis-provincias-argentinas-participan-de-la-lme-week\/#webpage"},"articleSection":"Destacados, Pol\u00edtica"},{"@type":"BreadcrumbList","@id":"https:\/\/elfaroonline.com.ar\/index.php\/2024\/10\/01\/seis-provincias-argentinas-participan-de-la-lme-week\/#breadcrumblist","itemListElement":[{"@type":"ListItem","@id":"https:\/\/elfaroonline.com.ar#listItem","position":1,"name":"Home","item":"https:\/\/elfaroonline.com.ar","nextItem":{"@type":"ListItem","@id":"https:\/\/elfaroonline.com.ar\/index.php\/category\/politica\/#listItem","name":"Pol\u00edtica"}},{"@type":"ListItem","@id":"https:\/\/elfaroonline.com.ar\/index.php\/category\/politica\/#listItem","position":2,"name":"Pol\u00edtica","item":"https:\/\/elfaroonline.com.ar\/index.php\/category\/politica\/","nextItem":{"@type":"ListItem","@id":"https:\/\/elfaroonline.com.ar\/index.php\/2024\/10\/01\/seis-provincias-argentinas-participan-de-la-lme-week\/#listItem","name":"Seis provincias argentinas participan de la LME Week"},"previousItem":{"@type":"ListItem","@id":"https:\/\/elfaroonline.com.ar#listItem","name":"Home"}},{"@type":"ListItem","@id":"https:\/\/elfaroonline.com.ar\/index.php\/2024\/10\/01\/seis-provincias-argentinas-participan-de-la-lme-week\/#listItem","position":3,"name":"Seis provincias argentinas participan de la LME Week","previousItem":{"@type":"ListItem","@id":"https:\/\/elfaroonline.com.ar\/index.php\/category\/politica\/#listItem","name":"Pol\u00edtica"}}]},{"@type":"Organization","@id":"https:\/\/elfaroonline.com.ar\/#organization","name":"elfaroonline.com.ar","url":"https:\/\/elfaroonline.com.ar\/"},{"@type":"Person","@id":"https:\/\/elfaroonline.com.ar\/index.php\/author\/elfaro\/#author","url":"https:\/\/elfaroonline.com.ar\/index.php\/author\/elfaro\/","name":"El Faro Online","image":{"@type":"ImageObject","@id":"https:\/\/elfaroonline.com.ar\/index.php\/2024\/10\/01\/seis-provincias-argentinas-participan-de-la-lme-week\/#authorImage","url":"https:\/\/secure.gravatar.com\/avatar\/97dc46c3711deda1040382679fc31e66bb0f67b30b6dec3feea788d18888f5f7?s=96&d=mm&r=g","width":96,"height":96,"caption":"El Faro Online"}},{"@type":"WebPage","@id":"https:\/\/elfaroonline.com.ar\/index.php\/2024\/10\/01\/seis-provincias-argentinas-participan-de-la-lme-week\/#webpage","url":"https:\/\/elfaroonline.com.ar\/index.php\/2024\/10\/01\/seis-provincias-argentinas-participan-de-la-lme-week\/","name":"Seis provincias argentinas participan de la LME Week","description":"La delegaci\u00f3n argentina integrada por Ra\u00fal Jalil, gobernador de Catamarca; Carlos Sadir, gobernador de Jujuy; Alfredo Cornejo, gobernador de Mendoza; Gustavo Sa\u00e9nz, gobernador de Salta; Marcelo Orrego, gobernador de San Juan; Andrea Mariana Confini, secretaria de Energ\u00eda y Ambiente de R\u00edo Negro e Ignacio Lamothe, secretario General del Consejo Federal de Inversiones, viajaron para participar en la London Metal Exchange Week 2024 (LME Week).","inLanguage":"es-AR","isPartOf":{"@id":"https:\/\/elfaroonline.com.ar\/#website"},"breadcrumb":{"@id":"https:\/\/elfaroonline.com.ar\/index.php\/2024\/10\/01\/seis-provincias-argentinas-participan-de-la-lme-week\/#breadcrumblist"},"author":{"@id":"https:\/\/elfaroonline.com.ar\/index.php\/author\/elfaro\/#author"},"creator":{"@id":"https:\/\/elfaroonline.com.ar\/index.php\/author\/elfaro\/#author"},"image":{"@type":"ImageObject","url":"https:\/\/elfaroonline.com.ar\/wp-content\/uploads\/2024\/09\/9121976a-0485-48b3-be5f-f4cb55b972da.jpeg","@id":"https:\/\/elfaroonline.com.ar\/index.php\/2024\/10\/01\/seis-provincias-argentinas-participan-de-la-lme-week\/#mainImage","width":2560,"height":2048},"primaryImageOfPage":{"@id":"https:\/\/elfaroonline.com.ar\/index.php\/2024\/10\/01\/seis-provincias-argentinas-participan-de-la-lme-week\/#mainImage"},"datePublished":"2024-10-01T17:28:29-03:00","dateModified":"2024-10-01T17:28:29-03:00"},{"@type":"WebSite","@id":"https:\/\/elfaroonline.com.ar\/#website","url":"https:\/\/elfaroonline.com.ar\/","name":"elfaroonline.com.ar","inLanguage":"es-AR","publisher":{"@id":"https:\/\/elfaroonline.com.ar\/#organization"}}]},"og:locale":"es_ES","og:site_name":"elfaroonline.com.ar -","og:type":"article","og:title":"Seis provincias argentinas participan de la LME Week","og:description":"La delegaci\u00f3n argentina integrada por Ra\u00fal Jalil, gobernador de Catamarca; Carlos Sadir, gobernador de Jujuy; Alfredo Cornejo, gobernador de Mendoza; Gustavo Sa\u00e9nz, gobernador de Salta; Marcelo Orrego, gobernador de San Juan; Andrea Mariana Confini, secretaria de Energ\u00eda y Ambiente de R\u00edo Negro e Ignacio Lamothe, secretario General del Consejo Federal de Inversiones, viajaron para participar en la London Metal Exchange Week 2024 (LME Week).","og:url":"https:\/\/elfaroonline.com.ar\/index.php\/2024\/10\/01\/seis-provincias-argentinas-participan-de-la-lme-week\/","article:published_time":"2024-10-01T20:28:29+00:00","article:modified_time":"2024-10-01T20:28:29+00:00","twitter:card":"summary_large_image","twitter:title":"Seis provincias argentinas participan de la LME Week","twitter:description":"La delegaci\u00f3n argentina integrada por Ra\u00fal Jalil, gobernador de Catamarca; Carlos Sadir, gobernador de Jujuy; Alfredo Cornejo, gobernador de Mendoza; Gustavo Sa\u00e9nz, gobernador de Salta; Marcelo Orrego, gobernador de San Juan; Andrea Mariana Confini, secretaria de Energ\u00eda y Ambiente de R\u00edo Negro e Ignacio Lamothe, secretario General del Consejo Federal de Inversiones, viajaron para participar en la London Metal Exchange Week 2024 (LME Week)."},"aioseo_meta_data":{"post_id":"2449","title":"Seis provincias argentinas participan de la LME Week","description":"La delegaci\u00f3n argentina integrada por Ra\u00fal Jalil, gobernador de Catamarca; Carlos Sadir, gobernador de Jujuy; Alfredo Cornejo, gobernador de Mendoza; Gustavo Sa\u00e9nz, gobernador de Salta; Marcelo Orrego, gobernador de San Juan; Andrea Mariana Confini, secretaria de Energ\u00eda y Ambiente de R\u00edo Negro e Ignacio Lamothe, secretario General del Consejo Federal de Inversiones, viajaron para participar en la London Metal Exchange Week 2024 (LME Week).","keywords":null,"keyphrases":{"focus":{"keyphrase":"","score":0,"analysis":{"keyphraseInTitle":{"score":0,"maxScore":9,"error":1}}},"additional":[]},"primary_term":null,"canonical_url":null,"og_title":null,"og_description":null,"og_object_type":"default","og_image_type":"default","og_image_url":null,"og_image_width":null,"og_image_height":null,"og_image_custom_url":null,"og_image_custom_fields":null,"og_video":"","og_custom_url":null,"og_article_section":null,"og_article_tags":null,"twitter_use_og":false,"twitter_card":"default","twitter_image_type":"default","twitter_image_url":null,"twitter_image_custom_url":null,"twitter_image_custom_fields":null,"twitter_title":null,"twitter_description":null,"schema":{"blockGraphs":[],"customGraphs":[],"default":{"data":{"Article":[],"Course":[],"Dataset":[],"FAQPage":[],"Movie":[],"Person":[],"Product":[],"ProductReview":[],"Car":[],"Recipe":[],"Service":[],"SoftwareApplication":[],"WebPage":[]},"graphName":"BlogPosting","isEnabled":true},"graphs":[]},"schema_type":"default","schema_type_options":null,"pillar_content":false,"robots_default":true,"robots_noindex":false,"robots_noarchive":false,"robots_nosnippet":false,"robots_nofollow":false,"robots_noimageindex":false,"robots_noodp":false,"robots_notranslate":false,"robots_max_snippet":"-1","robots_max_videopreview":"-1","robots_max_imagepreview":"large","priority":null,"frequency":"default","local_seo":null,"breadcrumb_settings":null,"limit_modified_date":false,"ai":null,"created":"2024-10-01 01:04:05","updated":"2025-07-15 23:31:12","seo_analyzer_scan_date":null,"focus_keyword":null,"additional_keywords":null,"truseo_locale":null},"aioseo_breadcrumb":"<div class=\"aioseo-breadcrumbs\"><span class=\"aioseo-breadcrumb\">\n\t\t\t<a href=\"https:\/\/elfaroonline.com.ar\" title=\"Home\">Home<\/a>\n\t\t<\/span><span class=\"aioseo-breadcrumb-separator\">&raquo;<\/span><span class=\"aioseo-breadcrumb\">\n\t\t\t<a href=\"https:\/\/elfaroonline.com.ar\/index.php\/category\/politica\/\" title=\"Pol\u00edtica\">Pol\u00edtica<\/a>\n\t\t<\/span><span class=\"aioseo-breadcrumb-separator\">&raquo;<\/span><span class=\"aioseo-breadcrumb\">\n\t\t\tSeis provincias argentinas participan de la LME Week\n\t\t<\/span><\/div>","aioseo_breadcrumb_json":[{"label":"Home","link":"https:\/\/elfaroonline.com.ar"},{"label":"Pol\u00edtica","link":"https:\/\/elfaroonline.com.ar\/index.php\/category\/politica\/"},{"label":"Seis provincias argentinas participan de la LME Week","link":"https:\/\/elfaroonline.com.ar\/index.php\/2024\/10\/01\/seis-provincias-argentinas-participan-de-la-lme-week\/"}],"_links":{"self":[{"href":"https:\/\/elfaroonline.com.ar\/index.php\/wp-json\/wp\/v2\/posts\/2449","targetHints":{"allow":["GET"]}}],"collection":[{"href":"https:\/\/elfaroonline.com.ar\/index.php\/wp-json\/wp\/v2\/posts"}],"about":[{"href":"https:\/\/elfaroonline.com.ar\/index.php\/wp-json\/wp\/v2\/types\/post"}],"author":[{"embeddable":true,"href":"https:\/\/elfaroonline.com.ar\/index.php\/wp-json\/wp\/v2\/users\/2"}],"replies":[{"embeddable":true,"href":"https:\/\/elfaroonline.com.ar\/index.php\/wp-json\/wp\/v2\/comments?post=2449"}],"version-history":[{"count":2,"href":"https:\/\/elfaroonline.com.ar\/index.php\/wp-json\/wp\/v2\/posts\/2449\/revisions"}],"predecessor-version":[{"id":2462,"href":"https:\/\/elfaroonline.com.ar\/index.php\/wp-json\/wp\/v2\/posts\/2449\/revisions\/2462"}],"wp:featuredmedia":[{"embeddable":true,"href":"https:\/\/elfaroonline.com.ar\/index.php\/wp-json\/wp\/v2\/media\/2450"}],"wp:attachment":[{"href":"https:\/\/elfaroonline.com.ar\/index.php\/wp-json\/wp\/v2\/media?parent=2449"}],"wp:term":[{"taxonomy":"category","embeddable":true,"href":"https:\/\/elfaroonline.com.ar\/index.php\/wp-json\/wp\/v2\/categories?post=2449"},{"taxonomy":"post_tag","embeddable":true,"href":"https:\/\/elfaroonline.com.ar\/index.php\/wp-json\/wp\/v2\/tags?post=2449"}],"curies":[{"name":"wp","href":"https:\/\/api.w.org\/{rel}","templated":true}]}}