{"id":2452,"date":"2024-10-01T17:29:02","date_gmt":"2024-10-01T20:29:02","guid":{"rendered":"https:\/\/elfaroonline.com.ar\/?p=2452"},"modified":"2024-10-01T17:29:02","modified_gmt":"2024-10-01T20:29:02","slug":"catamarca-presente-en-el-consejo-federal-del-trabajo","status":"publish","type":"post","link":"https:\/\/elfaroonline.com.ar\/index.php\/2024\/10\/01\/catamarca-presente-en-el-consejo-federal-del-trabajo\/","title":{"rendered":"Catamarca presente en el Consejo Federal del Trabajo"},"content":{"rendered":"<p class=\"v1MsoNormal\">La ministra de Trabajo, Planificaci\u00f3n y Recursos Humanos, Ver\u00f3nica Soria, particip\u00f3 el viernes pasado en la reuni\u00f3n inaugural del Consejo Federal del Trabajo (CFT), con el objetivo de fortalecer el di\u00e1logo entre las provincias y consolidar pol\u00edticas de trabajo y empleo acordes a las necesidades de cada regi\u00f3n.<\/p>\n<p class=\"v1MsoNormal\">El evento cont\u00f3 con la participaci\u00f3n de representantes de las carteras de Trabajo provinciales, as\u00ed como de organismos internacionales como la OIT y estuvo presidido por el secretario de Trabajo de la Naci\u00f3n, Julio Cordero, quien destac\u00f3 la relevancia de estos espacios, que &#8220;visibilizan las distintas realidades del pa\u00eds y son fundamentales para garantizar el crecimiento equitativo en todo el territorio nacional&#8221;.<\/p>\n<p class=\"v1MsoNormal\">Asimismo, la directora de la OIT en Argentina, Sara Luna Camacho, elogi\u00f3 la creaci\u00f3n de estas instancias de cooperaci\u00f3n, describi\u00e9ndolas como &#8220;esenciales para consolidar un mercado laboral inclusivo y sostenible&#8221;.<\/p>\n<p class=\"v1MsoNormal\">Durante su intervenci\u00f3n, Soria destac\u00f3 &#8220;la necesidad de fortalecer los programas de capacitaci\u00f3n y entrenamiento en oficios y especialidades que hoy demanda el mundo laboral y que permitan complementar a los sistemas educativo y productivo&#8221;.<\/p>\n<p class=\"v1MsoNormal\">Adem\u00e1s, la ministra ponder\u00f3 &#8220;la importancia del di\u00e1logo social tripartito, con el acompa\u00f1amiento de la Organizaci\u00f3n Internacional del Trabajo (OIT), como lo hicimos con las provincias de la regi\u00f3n en la CTIO-Litio&#8221;.<\/p>\n<p class=\"v1MsoNormal\">Al concluir, la ministra Soria resalt\u00f3 que la prioridad del Gobierno Provincial, encabezado por Ra\u00fal Jalil, es &#8220;generar puestos de trabajo en el sector privado apostando al fortalecimiento de la articulaci\u00f3n entre las empresas y el Estado&#8221; y record\u00f3 que hasta noviembre pasado Catamarca lideraba la creaci\u00f3n de puestos de trabajo, aunque que a partir de diciembre ese crecimiento se ralentiz\u00f3 y estanc\u00f3, principalmente en la industria de la construcci\u00f3n.<\/p>\n","protected":false},"excerpt":{"rendered":"<p>La ministra de Trabajo, Planificaci\u00f3n y Recursos Humanos, Ver\u00f3nica Soria, particip\u00f3 el viernes pasado en la reuni\u00f3n inaugural del Consejo Federal del Trabajo (CFT), con el objetivo de fortalecer el di\u00e1logo entre las provincias y consolidar pol\u00edticas de trabajo y empleo acordes a las necesidades de cada regi\u00f3n. El evento cont\u00f3 con la participaci\u00f3n de [&hellip;]<\/p>\n","protected":false},"author":2,"featured_media":2453,"comment_status":"open","ping_status":"open","sticky":false,"template":"","format":"standard","meta":{"footnotes":""},"categories":[21],"tags":[],"class_list":{"0":"post-2452","1":"post","2":"type-post","3":"status-publish","4":"format-standard","5":"has-post-thumbnail","7":"category-politica"},"aioseo_notices":[],"aioseo_head":"\n\t\t<!-- All in One SEO 5.0.0.1 - aioseo.com -->\n\t<meta name=\"description\" content=\"La ministra de Trabajo, Planificaci\u00f3n y Recursos Humanos, Ver\u00f3nica Soria, particip\u00f3 el viernes pasado en la reuni\u00f3n inaugural del Consejo Federal del Trabajo (CFT), con el objetivo de fortalecer el di\u00e1logo entre las provincias y consolidar pol\u00edticas de trabajo y empleo acordes a las necesidades de cada regi\u00f3n.\" \/>\n\t<meta name=\"robots\" content=\"max-image-preview:large\" \/>\n\t<meta name=\"author\" content=\"El Faro Online\"\/>\n\t<link rel=\"canonical\" href=\"https:\/\/elfaroonline.com.ar\/index.php\/2024\/10\/01\/catamarca-presente-en-el-consejo-federal-del-trabajo\/\" \/>\n\t<meta name=\"generator\" content=\"All in One SEO (AIOSEO) 5.0.0.1\" \/>\n\t\t<meta property=\"og:locale\" content=\"es_ES\" \/>\n\t\t<meta property=\"og:site_name\" content=\"elfaroonline.com.ar -\" \/>\n\t\t<meta property=\"og:type\" content=\"article\" \/>\n\t\t<meta property=\"og:title\" content=\"Catamarca presente en el Consejo Federal del Trabajo\" \/>\n\t\t<meta property=\"og:description\" content=\"La ministra de Trabajo, Planificaci\u00f3n y Recursos Humanos, Ver\u00f3nica Soria, particip\u00f3 el viernes pasado en la reuni\u00f3n inaugural del Consejo Federal del Trabajo (CFT), con el objetivo de fortalecer el di\u00e1logo entre las provincias y consolidar pol\u00edticas de trabajo y empleo acordes a las necesidades de cada regi\u00f3n.\" \/>\n\t\t<meta property=\"og:url\" content=\"https:\/\/elfaroonline.com.ar\/index.php\/2024\/10\/01\/catamarca-presente-en-el-consejo-federal-del-trabajo\/\" \/>\n\t\t<meta property=\"article:published_time\" content=\"2024-10-01T20:29:02+00:00\" \/>\n\t\t<meta property=\"article:modified_time\" content=\"2024-10-01T20:29:02+00:00\" \/>\n\t\t<meta name=\"twitter:card\" content=\"summary_large_image\" \/>\n\t\t<meta name=\"twitter:title\" content=\"Catamarca presente en el Consejo Federal del Trabajo\" \/>\n\t\t<meta name=\"twitter:description\" content=\"La ministra de Trabajo, Planificaci\u00f3n y Recursos Humanos, Ver\u00f3nica Soria, particip\u00f3 el viernes pasado en la reuni\u00f3n inaugural del Consejo Federal del Trabajo (CFT), con el objetivo de fortalecer el di\u00e1logo entre las provincias y consolidar pol\u00edticas de trabajo y empleo acordes a las necesidades de cada regi\u00f3n.\" \/>\n\t\t<script type=\"application\/ld+json\" class=\"aioseo-schema\">\n\t\t\t{\"@context\":\"https:\\\/\\\/schema.org\",\"@graph\":[{\"@type\":\"BlogPosting\",\"@id\":\"https:\\\/\\\/elfaroonline.com.ar\\\/index.php\\\/2024\\\/10\\\/01\\\/catamarca-presente-en-el-consejo-federal-del-trabajo\\\/#blogposting\",\"name\":\"Catamarca presente en el Consejo Federal del Trabajo\",\"headline\":\"Catamarca presente en el Consejo Federal del Trabajo\",\"author\":{\"@id\":\"https:\\\/\\\/elfaroonline.com.ar\\\/index.php\\\/author\\\/elfaro\\\/#author\"},\"publisher\":{\"@id\":\"https:\\\/\\\/elfaroonline.com.ar\\\/#organization\"},\"image\":{\"@type\":\"ImageObject\",\"url\":\"https:\\\/\\\/elfaroonline.com.ar\\\/wp-content\\\/uploads\\\/2024\\\/09\\\/df21cce7-2686-42da-ac35-31bc9695ba1d.jpeg\",\"width\":2560,\"height\":1556},\"datePublished\":\"2024-10-01T17:29:02-03:00\",\"dateModified\":\"2024-10-01T17:29:02-03:00\",\"inLanguage\":\"es-AR\",\"mainEntityOfPage\":{\"@id\":\"https:\\\/\\\/elfaroonline.com.ar\\\/index.php\\\/2024\\\/10\\\/01\\\/catamarca-presente-en-el-consejo-federal-del-trabajo\\\/#webpage\"},\"isPartOf\":{\"@id\":\"https:\\\/\\\/elfaroonline.com.ar\\\/index.php\\\/2024\\\/10\\\/01\\\/catamarca-presente-en-el-consejo-federal-del-trabajo\\\/#webpage\"},\"articleSection\":\"Pol\\u00edtica\"},{\"@type\":\"BreadcrumbList\",\"@id\":\"https:\\\/\\\/elfaroonline.com.ar\\\/index.php\\\/2024\\\/10\\\/01\\\/catamarca-presente-en-el-consejo-federal-del-trabajo\\\/#breadcrumblist\",\"itemListElement\":[{\"@type\":\"ListItem\",\"@id\":\"https:\\\/\\\/elfaroonline.com.ar#listItem\",\"position\":1,\"name\":\"Home\",\"item\":\"https:\\\/\\\/elfaroonline.com.ar\",\"nextItem\":{\"@type\":\"ListItem\",\"@id\":\"https:\\\/\\\/elfaroonline.com.ar\\\/index.php\\\/category\\\/politica\\\/#listItem\",\"name\":\"Pol\\u00edtica\"}},{\"@type\":\"ListItem\",\"@id\":\"https:\\\/\\\/elfaroonline.com.ar\\\/index.php\\\/category\\\/politica\\\/#listItem\",\"position\":2,\"name\":\"Pol\\u00edtica\",\"item\":\"https:\\\/\\\/elfaroonline.com.ar\\\/index.php\\\/category\\\/politica\\\/\",\"nextItem\":{\"@type\":\"ListItem\",\"@id\":\"https:\\\/\\\/elfaroonline.com.ar\\\/index.php\\\/2024\\\/10\\\/01\\\/catamarca-presente-en-el-consejo-federal-del-trabajo\\\/#listItem\",\"name\":\"Catamarca presente en el Consejo Federal del Trabajo\"},\"previousItem\":{\"@type\":\"ListItem\",\"@id\":\"https:\\\/\\\/elfaroonline.com.ar#listItem\",\"name\":\"Home\"}},{\"@type\":\"ListItem\",\"@id\":\"https:\\\/\\\/elfaroonline.com.ar\\\/index.php\\\/2024\\\/10\\\/01\\\/catamarca-presente-en-el-consejo-federal-del-trabajo\\\/#listItem\",\"position\":3,\"name\":\"Catamarca presente en el Consejo Federal del Trabajo\",\"previousItem\":{\"@type\":\"ListItem\",\"@id\":\"https:\\\/\\\/elfaroonline.com.ar\\\/index.php\\\/category\\\/politica\\\/#listItem\",\"name\":\"Pol\\u00edtica\"}}]},{\"@type\":\"Organization\",\"@id\":\"https:\\\/\\\/elfaroonline.com.ar\\\/#organization\",\"name\":\"elfaroonline.com.ar\",\"url\":\"https:\\\/\\\/elfaroonline.com.ar\\\/\"},{\"@type\":\"Person\",\"@id\":\"https:\\\/\\\/elfaroonline.com.ar\\\/index.php\\\/author\\\/elfaro\\\/#author\",\"url\":\"https:\\\/\\\/elfaroonline.com.ar\\\/index.php\\\/author\\\/elfaro\\\/\",\"name\":\"El Faro Online\",\"image\":{\"@type\":\"ImageObject\",\"@id\":\"https:\\\/\\\/elfaroonline.com.ar\\\/index.php\\\/2024\\\/10\\\/01\\\/catamarca-presente-en-el-consejo-federal-del-trabajo\\\/#authorImage\",\"url\":\"https:\\\/\\\/secure.gravatar.com\\\/avatar\\\/97dc46c3711deda1040382679fc31e66bb0f67b30b6dec3feea788d18888f5f7?s=96&d=mm&r=g\",\"width\":96,\"height\":96,\"caption\":\"El Faro Online\"}},{\"@type\":\"WebPage\",\"@id\":\"https:\\\/\\\/elfaroonline.com.ar\\\/index.php\\\/2024\\\/10\\\/01\\\/catamarca-presente-en-el-consejo-federal-del-trabajo\\\/#webpage\",\"url\":\"https:\\\/\\\/elfaroonline.com.ar\\\/index.php\\\/2024\\\/10\\\/01\\\/catamarca-presente-en-el-consejo-federal-del-trabajo\\\/\",\"name\":\"Catamarca presente en el Consejo Federal del Trabajo\",\"description\":\"La ministra de Trabajo, Planificaci\\u00f3n y Recursos Humanos, Ver\\u00f3nica Soria, particip\\u00f3 el viernes pasado en la reuni\\u00f3n inaugural del Consejo Federal del Trabajo (CFT), con el objetivo de fortalecer el di\\u00e1logo entre las provincias y consolidar pol\\u00edticas de trabajo y empleo acordes a las necesidades de cada regi\\u00f3n.\",\"inLanguage\":\"es-AR\",\"isPartOf\":{\"@id\":\"https:\\\/\\\/elfaroonline.com.ar\\\/#website\"},\"breadcrumb\":{\"@id\":\"https:\\\/\\\/elfaroonline.com.ar\\\/index.php\\\/2024\\\/10\\\/01\\\/catamarca-presente-en-el-consejo-federal-del-trabajo\\\/#breadcrumblist\"},\"author\":{\"@id\":\"https:\\\/\\\/elfaroonline.com.ar\\\/index.php\\\/author\\\/elfaro\\\/#author\"},\"creator\":{\"@id\":\"https:\\\/\\\/elfaroonline.com.ar\\\/index.php\\\/author\\\/elfaro\\\/#author\"},\"image\":{\"@type\":\"ImageObject\",\"url\":\"https:\\\/\\\/elfaroonline.com.ar\\\/wp-content\\\/uploads\\\/2024\\\/09\\\/df21cce7-2686-42da-ac35-31bc9695ba1d.jpeg\",\"@id\":\"https:\\\/\\\/elfaroonline.com.ar\\\/index.php\\\/2024\\\/10\\\/01\\\/catamarca-presente-en-el-consejo-federal-del-trabajo\\\/#mainImage\",\"width\":2560,\"height\":1556},\"primaryImageOfPage\":{\"@id\":\"https:\\\/\\\/elfaroonline.com.ar\\\/index.php\\\/2024\\\/10\\\/01\\\/catamarca-presente-en-el-consejo-federal-del-trabajo\\\/#mainImage\"},\"datePublished\":\"2024-10-01T17:29:02-03:00\",\"dateModified\":\"2024-10-01T17:29:02-03:00\"},{\"@type\":\"WebSite\",\"@id\":\"https:\\\/\\\/elfaroonline.com.ar\\\/#website\",\"url\":\"https:\\\/\\\/elfaroonline.com.ar\\\/\",\"name\":\"elfaroonline.com.ar\",\"inLanguage\":\"es-AR\",\"publisher\":{\"@id\":\"https:\\\/\\\/elfaroonline.com.ar\\\/#organization\"}}]}\n\t\t<\/script>\n\t\t<!-- All in One SEO -->\n\n","aioseo_head_json":{"title":"Catamarca presente en el Consejo Federal del Trabajo","description":"La ministra de Trabajo, Planificaci\u00f3n y Recursos Humanos, Ver\u00f3nica Soria, particip\u00f3 el viernes pasado en la reuni\u00f3n inaugural del Consejo Federal del Trabajo (CFT), con el objetivo de fortalecer el di\u00e1logo entre las provincias y consolidar pol\u00edticas de trabajo y empleo acordes a las necesidades de cada regi\u00f3n.","canonical_url":"https:\/\/elfaroonline.com.ar\/index.php\/2024\/10\/01\/catamarca-presente-en-el-consejo-federal-del-trabajo\/","robots":"max-image-preview:large","keywords":"","webmasterTools":{"miscellaneous":""},"schema":{"@context":"https:\/\/schema.org","@graph":[{"@type":"BlogPosting","@id":"https:\/\/elfaroonline.com.ar\/index.php\/2024\/10\/01\/catamarca-presente-en-el-consejo-federal-del-trabajo\/#blogposting","name":"Catamarca presente en el Consejo Federal del Trabajo","headline":"Catamarca presente en el Consejo Federal del Trabajo","author":{"@id":"https:\/\/elfaroonline.com.ar\/index.php\/author\/elfaro\/#author"},"publisher":{"@id":"https:\/\/elfaroonline.com.ar\/#organization"},"image":{"@type":"ImageObject","url":"https:\/\/elfaroonline.com.ar\/wp-content\/uploads\/2024\/09\/df21cce7-2686-42da-ac35-31bc9695ba1d.jpeg","width":2560,"height":1556},"datePublished":"2024-10-01T17:29:02-03:00","dateModified":"2024-10-01T17:29:02-03:00","inLanguage":"es-AR","mainEntityOfPage":{"@id":"https:\/\/elfaroonline.com.ar\/index.php\/2024\/10\/01\/catamarca-presente-en-el-consejo-federal-del-trabajo\/#webpage"},"isPartOf":{"@id":"https:\/\/elfaroonline.com.ar\/index.php\/2024\/10\/01\/catamarca-presente-en-el-consejo-federal-del-trabajo\/#webpage"},"articleSection":"Pol\u00edtica"},{"@type":"BreadcrumbList","@id":"https:\/\/elfaroonline.com.ar\/index.php\/2024\/10\/01\/catamarca-presente-en-el-consejo-federal-del-trabajo\/#breadcrumblist","itemListElement":[{"@type":"ListItem","@id":"https:\/\/elfaroonline.com.ar#listItem","position":1,"name":"Home","item":"https:\/\/elfaroonline.com.ar","nextItem":{"@type":"ListItem","@id":"https:\/\/elfaroonline.com.ar\/index.php\/category\/politica\/#listItem","name":"Pol\u00edtica"}},{"@type":"ListItem","@id":"https:\/\/elfaroonline.com.ar\/index.php\/category\/politica\/#listItem","position":2,"name":"Pol\u00edtica","item":"https:\/\/elfaroonline.com.ar\/index.php\/category\/politica\/","nextItem":{"@type":"ListItem","@id":"https:\/\/elfaroonline.com.ar\/index.php\/2024\/10\/01\/catamarca-presente-en-el-consejo-federal-del-trabajo\/#listItem","name":"Catamarca presente en el Consejo Federal del Trabajo"},"previousItem":{"@type":"ListItem","@id":"https:\/\/elfaroonline.com.ar#listItem","name":"Home"}},{"@type":"ListItem","@id":"https:\/\/elfaroonline.com.ar\/index.php\/2024\/10\/01\/catamarca-presente-en-el-consejo-federal-del-trabajo\/#listItem","position":3,"name":"Catamarca presente en el Consejo Federal del Trabajo","previousItem":{"@type":"ListItem","@id":"https:\/\/elfaroonline.com.ar\/index.php\/category\/politica\/#listItem","name":"Pol\u00edtica"}}]},{"@type":"Organization","@id":"https:\/\/elfaroonline.com.ar\/#organization","name":"elfaroonline.com.ar","url":"https:\/\/elfaroonline.com.ar\/"},{"@type":"Person","@id":"https:\/\/elfaroonline.com.ar\/index.php\/author\/elfaro\/#author","url":"https:\/\/elfaroonline.com.ar\/index.php\/author\/elfaro\/","name":"El Faro Online","image":{"@type":"ImageObject","@id":"https:\/\/elfaroonline.com.ar\/index.php\/2024\/10\/01\/catamarca-presente-en-el-consejo-federal-del-trabajo\/#authorImage","url":"https:\/\/secure.gravatar.com\/avatar\/97dc46c3711deda1040382679fc31e66bb0f67b30b6dec3feea788d18888f5f7?s=96&d=mm&r=g","width":96,"height":96,"caption":"El Faro Online"}},{"@type":"WebPage","@id":"https:\/\/elfaroonline.com.ar\/index.php\/2024\/10\/01\/catamarca-presente-en-el-consejo-federal-del-trabajo\/#webpage","url":"https:\/\/elfaroonline.com.ar\/index.php\/2024\/10\/01\/catamarca-presente-en-el-consejo-federal-del-trabajo\/","name":"Catamarca presente en el Consejo Federal del Trabajo","description":"La ministra de Trabajo, Planificaci\u00f3n y Recursos Humanos, Ver\u00f3nica Soria, particip\u00f3 el viernes pasado en la reuni\u00f3n inaugural del Consejo Federal del Trabajo (CFT), con el objetivo de fortalecer el di\u00e1logo entre las provincias y consolidar pol\u00edticas de trabajo y empleo acordes a las necesidades de cada regi\u00f3n.","inLanguage":"es-AR","isPartOf":{"@id":"https:\/\/elfaroonline.com.ar\/#website"},"breadcrumb":{"@id":"https:\/\/elfaroonline.com.ar\/index.php\/2024\/10\/01\/catamarca-presente-en-el-consejo-federal-del-trabajo\/#breadcrumblist"},"author":{"@id":"https:\/\/elfaroonline.com.ar\/index.php\/author\/elfaro\/#author"},"creator":{"@id":"https:\/\/elfaroonline.com.ar\/index.php\/author\/elfaro\/#author"},"image":{"@type":"ImageObject","url":"https:\/\/elfaroonline.com.ar\/wp-content\/uploads\/2024\/09\/df21cce7-2686-42da-ac35-31bc9695ba1d.jpeg","@id":"https:\/\/elfaroonline.com.ar\/index.php\/2024\/10\/01\/catamarca-presente-en-el-consejo-federal-del-trabajo\/#mainImage","width":2560,"height":1556},"primaryImageOfPage":{"@id":"https:\/\/elfaroonline.com.ar\/index.php\/2024\/10\/01\/catamarca-presente-en-el-consejo-federal-del-trabajo\/#mainImage"},"datePublished":"2024-10-01T17:29:02-03:00","dateModified":"2024-10-01T17:29:02-03:00"},{"@type":"WebSite","@id":"https:\/\/elfaroonline.com.ar\/#website","url":"https:\/\/elfaroonline.com.ar\/","name":"elfaroonline.com.ar","inLanguage":"es-AR","publisher":{"@id":"https:\/\/elfaroonline.com.ar\/#organization"}}]},"og:locale":"es_ES","og:site_name":"elfaroonline.com.ar -","og:type":"article","og:title":"Catamarca presente en el Consejo Federal del Trabajo","og:description":"La ministra de Trabajo, Planificaci\u00f3n y Recursos Humanos, Ver\u00f3nica Soria, particip\u00f3 el viernes pasado en la reuni\u00f3n inaugural del Consejo Federal del Trabajo (CFT), con el objetivo de fortalecer el di\u00e1logo entre las provincias y consolidar pol\u00edticas de trabajo y empleo acordes a las necesidades de cada regi\u00f3n.","og:url":"https:\/\/elfaroonline.com.ar\/index.php\/2024\/10\/01\/catamarca-presente-en-el-consejo-federal-del-trabajo\/","article:published_time":"2024-10-01T20:29:02+00:00","article:modified_time":"2024-10-01T20:29:02+00:00","twitter:card":"summary_large_image","twitter:title":"Catamarca presente en el Consejo Federal del Trabajo","twitter:description":"La ministra de Trabajo, Planificaci\u00f3n y Recursos Humanos, Ver\u00f3nica Soria, particip\u00f3 el viernes pasado en la reuni\u00f3n inaugural del Consejo Federal del Trabajo (CFT), con el objetivo de fortalecer el di\u00e1logo entre las provincias y consolidar pol\u00edticas de trabajo y empleo acordes a las necesidades de cada regi\u00f3n."},"aioseo_meta_data":{"post_id":"2452","title":"Catamarca presente en el Consejo Federal del Trabajo","description":"La ministra de Trabajo, Planificaci\u00f3n y Recursos Humanos, Ver\u00f3nica Soria, particip\u00f3 el viernes pasado en la reuni\u00f3n inaugural del Consejo Federal del Trabajo (CFT), con el objetivo de fortalecer el di\u00e1logo entre las provincias y consolidar pol\u00edticas de trabajo y empleo acordes a las necesidades de cada regi\u00f3n.","keywords":null,"keyphrases":{"focus":{"keyphrase":"","score":0,"analysis":{"keyphraseInTitle":{"score":0,"maxScore":9,"error":1}}},"additional":[]},"primary_term":null,"canonical_url":null,"og_title":null,"og_description":null,"og_object_type":"default","og_image_type":"default","og_image_url":null,"og_image_width":null,"og_image_height":null,"og_image_custom_url":null,"og_image_custom_fields":null,"og_video":"","og_custom_url":null,"og_article_section":null,"og_article_tags":null,"twitter_use_og":false,"twitter_card":"default","twitter_image_type":"default","twitter_image_url":null,"twitter_image_custom_url":null,"twitter_image_custom_fields":null,"twitter_title":null,"twitter_description":null,"schema":{"blockGraphs":[],"customGraphs":[],"default":{"data":{"Article":[],"Course":[],"Dataset":[],"FAQPage":[],"Movie":[],"Person":[],"Product":[],"ProductReview":[],"Car":[],"Recipe":[],"Service":[],"SoftwareApplication":[],"WebPage":[]},"graphName":"BlogPosting","isEnabled":true},"graphs":[]},"schema_type":"default","schema_type_options":null,"pillar_content":false,"robots_default":true,"robots_noindex":false,"robots_noarchive":false,"robots_nosnippet":false,"robots_nofollow":false,"robots_noimageindex":false,"robots_noodp":false,"robots_notranslate":false,"robots_max_snippet":"-1","robots_max_videopreview":"-1","robots_max_imagepreview":"large","priority":null,"frequency":"default","local_seo":null,"breadcrumb_settings":null,"limit_modified_date":false,"ai":null,"created":"2024-10-01 01:06:02","updated":"2025-07-15 23:32:18","seo_analyzer_scan_date":null,"focus_keyword":null,"additional_keywords":null,"truseo_locale":null},"aioseo_breadcrumb":"<div class=\"aioseo-breadcrumbs\"><span class=\"aioseo-breadcrumb\">\n\t\t\t<a href=\"https:\/\/elfaroonline.com.ar\" title=\"Home\">Home<\/a>\n\t\t<\/span><span class=\"aioseo-breadcrumb-separator\">&raquo;<\/span><span class=\"aioseo-breadcrumb\">\n\t\t\t<a href=\"https:\/\/elfaroonline.com.ar\/index.php\/category\/politica\/\" title=\"Pol\u00edtica\">Pol\u00edtica<\/a>\n\t\t<\/span><span class=\"aioseo-breadcrumb-separator\">&raquo;<\/span><span class=\"aioseo-breadcrumb\">\n\t\t\tCatamarca presente en el Consejo Federal del Trabajo\n\t\t<\/span><\/div>","aioseo_breadcrumb_json":[{"label":"Home","link":"https:\/\/elfaroonline.com.ar"},{"label":"Pol\u00edtica","link":"https:\/\/elfaroonline.com.ar\/index.php\/category\/politica\/"},{"label":"Catamarca presente en el Consejo Federal del Trabajo","link":"https:\/\/elfaroonline.com.ar\/index.php\/2024\/10\/01\/catamarca-presente-en-el-consejo-federal-del-trabajo\/"}],"_links":{"self":[{"href":"https:\/\/elfaroonline.com.ar\/index.php\/wp-json\/wp\/v2\/posts\/2452","targetHints":{"allow":["GET"]}}],"collection":[{"href":"https:\/\/elfaroonline.com.ar\/index.php\/wp-json\/wp\/v2\/posts"}],"about":[{"href":"https:\/\/elfaroonline.com.ar\/index.php\/wp-json\/wp\/v2\/types\/post"}],"author":[{"embeddable":true,"href":"https:\/\/elfaroonline.com.ar\/index.php\/wp-json\/wp\/v2\/users\/2"}],"replies":[{"embeddable":true,"href":"https:\/\/elfaroonline.com.ar\/index.php\/wp-json\/wp\/v2\/comments?post=2452"}],"version-history":[{"count":1,"href":"https:\/\/elfaroonline.com.ar\/index.php\/wp-json\/wp\/v2\/posts\/2452\/revisions"}],"predecessor-version":[{"id":2454,"href":"https:\/\/elfaroonline.com.ar\/index.php\/wp-json\/wp\/v2\/posts\/2452\/revisions\/2454"}],"wp:featuredmedia":[{"embeddable":true,"href":"https:\/\/elfaroonline.com.ar\/index.php\/wp-json\/wp\/v2\/media\/2453"}],"wp:attachment":[{"href":"https:\/\/elfaroonline.com.ar\/index.php\/wp-json\/wp\/v2\/media?parent=2452"}],"wp:term":[{"taxonomy":"category","embeddable":true,"href":"https:\/\/elfaroonline.com.ar\/index.php\/wp-json\/wp\/v2\/categories?post=2452"},{"taxonomy":"post_tag","embeddable":true,"href":"https:\/\/elfaroonline.com.ar\/index.php\/wp-json\/wp\/v2\/tags?post=2452"}],"curies":[{"name":"wp","href":"https:\/\/api.w.org\/{rel}","templated":true}]}}