{"id":2455,"date":"2024-10-01T17:29:29","date_gmt":"2024-10-01T20:29:29","guid":{"rendered":"https:\/\/elfaroonline.com.ar\/?p=2455"},"modified":"2024-10-01T17:29:29","modified_gmt":"2024-10-01T20:29:29","slug":"la-provincia-cuenta-con-23-nuevos-mediadores","status":"publish","type":"post","link":"https:\/\/elfaroonline.com.ar\/index.php\/2024\/10\/01\/la-provincia-cuenta-con-23-nuevos-mediadores\/","title":{"rendered":"La provincia cuenta con 23 nuevos mediadores"},"content":{"rendered":"<p class=\"v1MsoNormal\">Un total de 23 alumnos podr\u00e1n desempe\u00f1arse como Mediadores en centros p\u00fablicos y privados al finalizar el curso de Formaci\u00f3n B\u00e1sica en Mediaci\u00f3n Comunitaria.<\/p>\n<p class=\"v1MsoNormal\">El pasado viernes, se llev\u00f3 a cabo la de Pasant\u00eda como etapa final de la formaci\u00f3n iniciada en Mayo 2023 dictada por la Direcci\u00f3n Nacional de Mediaci\u00f3n y M\u00e9todos Alternativos de Resoluci\u00f3n de conflictos del Ministerio de Justicia de la Naci\u00f3n.<\/p>\n<p class=\"v1MsoNormal\">Para el desarrollo de esta instancia, los alumnos pudieron observar mediaciones de casos en vivo realizado por docentes mediadores de la Direcci\u00f3n Nacional de Mediaci\u00f3n y M\u00e9todos alternativos de resoluci\u00f3n de conflictos.<\/p>\n<p class=\"v1MsoNormal\">El curso, se realiz\u00f3 de manera gratuita en nuestra provincia tras las gestiones de la Direcci\u00f3n Provincial de Justicia, dependiente del Ministerio de Gobierno, Justicia y Derechos Humanos, que incluy\u00f3 una carga horaria de la misma es de 120 horas semipresenciales, incluye Curso introductorio (40 horas), Curso de entrenamiento (60 horas) y Pasant\u00edas (20 horas) con asistencia requerida del 80%.<\/p>\n","protected":false},"excerpt":{"rendered":"<p>Un total de 23 alumnos podr\u00e1n desempe\u00f1arse como Mediadores en centros p\u00fablicos y privados al finalizar el curso de Formaci\u00f3n B\u00e1sica en Mediaci\u00f3n Comunitaria. El pasado viernes, se llev\u00f3 a cabo la de Pasant\u00eda como etapa final de la formaci\u00f3n iniciada en Mayo 2023 dictada por la Direcci\u00f3n Nacional de Mediaci\u00f3n y M\u00e9todos Alternativos de [&hellip;]<\/p>\n","protected":false},"author":2,"featured_media":2456,"comment_status":"open","ping_status":"open","sticky":false,"template":"","format":"standard","meta":{"footnotes":""},"categories":[23,20],"tags":[],"class_list":{"0":"post-2455","1":"post","2":"type-post","3":"status-publish","4":"format-standard","5":"has-post-thumbnail","7":"category-destacados","8":"category-sociedad"},"aioseo_notices":[],"aioseo_head":"\n\t\t<!-- All in One SEO 5.0.0.1 - aioseo.com -->\n\t<meta name=\"description\" content=\"Un total de 23 alumnos podr\u00e1n desempe\u00f1arse como Mediadores en centros p\u00fablicos y privados al finalizar el curso de Formaci\u00f3n B\u00e1sica en Mediaci\u00f3n Comunitaria.\" \/>\n\t<meta name=\"robots\" content=\"max-image-preview:large\" \/>\n\t<meta name=\"author\" content=\"El Faro Online\"\/>\n\t<link rel=\"canonical\" href=\"https:\/\/elfaroonline.com.ar\/index.php\/2024\/10\/01\/la-provincia-cuenta-con-23-nuevos-mediadores\/\" \/>\n\t<meta name=\"generator\" content=\"All in One SEO (AIOSEO) 5.0.0.1\" \/>\n\t\t<meta property=\"og:locale\" content=\"es_ES\" \/>\n\t\t<meta property=\"og:site_name\" content=\"elfaroonline.com.ar -\" \/>\n\t\t<meta property=\"og:type\" content=\"article\" \/>\n\t\t<meta property=\"og:title\" content=\"La provincia cuenta con 23 nuevos mediadores\" \/>\n\t\t<meta property=\"og:description\" content=\"Un total de 23 alumnos podr\u00e1n desempe\u00f1arse como Mediadores en centros p\u00fablicos y privados al finalizar el curso de Formaci\u00f3n B\u00e1sica en Mediaci\u00f3n Comunitaria.\" \/>\n\t\t<meta property=\"og:url\" content=\"https:\/\/elfaroonline.com.ar\/index.php\/2024\/10\/01\/la-provincia-cuenta-con-23-nuevos-mediadores\/\" \/>\n\t\t<meta property=\"article:published_time\" content=\"2024-10-01T20:29:29+00:00\" \/>\n\t\t<meta property=\"article:modified_time\" content=\"2024-10-01T20:29:29+00:00\" \/>\n\t\t<meta name=\"twitter:card\" content=\"summary_large_image\" \/>\n\t\t<meta name=\"twitter:title\" content=\"La provincia cuenta con 23 nuevos mediadores\" \/>\n\t\t<meta name=\"twitter:description\" content=\"Un total de 23 alumnos podr\u00e1n desempe\u00f1arse como Mediadores en centros p\u00fablicos y privados al finalizar el curso de Formaci\u00f3n B\u00e1sica en Mediaci\u00f3n Comunitaria.\" \/>\n\t\t<script type=\"application\/ld+json\" class=\"aioseo-schema\">\n\t\t\t{\"@context\":\"https:\\\/\\\/schema.org\",\"@graph\":[{\"@type\":\"BlogPosting\",\"@id\":\"https:\\\/\\\/elfaroonline.com.ar\\\/index.php\\\/2024\\\/10\\\/01\\\/la-provincia-cuenta-con-23-nuevos-mediadores\\\/#blogposting\",\"name\":\"La provincia cuenta con 23 nuevos mediadores\",\"headline\":\"La provincia cuenta con 23 nuevos mediadores\",\"author\":{\"@id\":\"https:\\\/\\\/elfaroonline.com.ar\\\/index.php\\\/author\\\/elfaro\\\/#author\"},\"publisher\":{\"@id\":\"https:\\\/\\\/elfaroonline.com.ar\\\/#organization\"},\"image\":{\"@type\":\"ImageObject\",\"url\":\"https:\\\/\\\/elfaroonline.com.ar\\\/wp-content\\\/uploads\\\/2024\\\/09\\\/La-provincia-cuenta-con-23-nuevos-mediadores.jpeg\",\"width\":1600,\"height\":900},\"datePublished\":\"2024-10-01T17:29:29-03:00\",\"dateModified\":\"2024-10-01T17:29:29-03:00\",\"inLanguage\":\"es-AR\",\"mainEntityOfPage\":{\"@id\":\"https:\\\/\\\/elfaroonline.com.ar\\\/index.php\\\/2024\\\/10\\\/01\\\/la-provincia-cuenta-con-23-nuevos-mediadores\\\/#webpage\"},\"isPartOf\":{\"@id\":\"https:\\\/\\\/elfaroonline.com.ar\\\/index.php\\\/2024\\\/10\\\/01\\\/la-provincia-cuenta-con-23-nuevos-mediadores\\\/#webpage\"},\"articleSection\":\"Destacados, Sociedad\"},{\"@type\":\"BreadcrumbList\",\"@id\":\"https:\\\/\\\/elfaroonline.com.ar\\\/index.php\\\/2024\\\/10\\\/01\\\/la-provincia-cuenta-con-23-nuevos-mediadores\\\/#breadcrumblist\",\"itemListElement\":[{\"@type\":\"ListItem\",\"@id\":\"https:\\\/\\\/elfaroonline.com.ar#listItem\",\"position\":1,\"name\":\"Home\",\"item\":\"https:\\\/\\\/elfaroonline.com.ar\",\"nextItem\":{\"@type\":\"ListItem\",\"@id\":\"https:\\\/\\\/elfaroonline.com.ar\\\/index.php\\\/category\\\/sociedad\\\/#listItem\",\"name\":\"Sociedad\"}},{\"@type\":\"ListItem\",\"@id\":\"https:\\\/\\\/elfaroonline.com.ar\\\/index.php\\\/category\\\/sociedad\\\/#listItem\",\"position\":2,\"name\":\"Sociedad\",\"item\":\"https:\\\/\\\/elfaroonline.com.ar\\\/index.php\\\/category\\\/sociedad\\\/\",\"nextItem\":{\"@type\":\"ListItem\",\"@id\":\"https:\\\/\\\/elfaroonline.com.ar\\\/index.php\\\/2024\\\/10\\\/01\\\/la-provincia-cuenta-con-23-nuevos-mediadores\\\/#listItem\",\"name\":\"La provincia cuenta con 23 nuevos mediadores\"},\"previousItem\":{\"@type\":\"ListItem\",\"@id\":\"https:\\\/\\\/elfaroonline.com.ar#listItem\",\"name\":\"Home\"}},{\"@type\":\"ListItem\",\"@id\":\"https:\\\/\\\/elfaroonline.com.ar\\\/index.php\\\/2024\\\/10\\\/01\\\/la-provincia-cuenta-con-23-nuevos-mediadores\\\/#listItem\",\"position\":3,\"name\":\"La provincia cuenta con 23 nuevos mediadores\",\"previousItem\":{\"@type\":\"ListItem\",\"@id\":\"https:\\\/\\\/elfaroonline.com.ar\\\/index.php\\\/category\\\/sociedad\\\/#listItem\",\"name\":\"Sociedad\"}}]},{\"@type\":\"Organization\",\"@id\":\"https:\\\/\\\/elfaroonline.com.ar\\\/#organization\",\"name\":\"elfaroonline.com.ar\",\"url\":\"https:\\\/\\\/elfaroonline.com.ar\\\/\"},{\"@type\":\"Person\",\"@id\":\"https:\\\/\\\/elfaroonline.com.ar\\\/index.php\\\/author\\\/elfaro\\\/#author\",\"url\":\"https:\\\/\\\/elfaroonline.com.ar\\\/index.php\\\/author\\\/elfaro\\\/\",\"name\":\"El Faro Online\",\"image\":{\"@type\":\"ImageObject\",\"@id\":\"https:\\\/\\\/elfaroonline.com.ar\\\/index.php\\\/2024\\\/10\\\/01\\\/la-provincia-cuenta-con-23-nuevos-mediadores\\\/#authorImage\",\"url\":\"https:\\\/\\\/secure.gravatar.com\\\/avatar\\\/97dc46c3711deda1040382679fc31e66bb0f67b30b6dec3feea788d18888f5f7?s=96&d=mm&r=g\",\"width\":96,\"height\":96,\"caption\":\"El Faro Online\"}},{\"@type\":\"WebPage\",\"@id\":\"https:\\\/\\\/elfaroonline.com.ar\\\/index.php\\\/2024\\\/10\\\/01\\\/la-provincia-cuenta-con-23-nuevos-mediadores\\\/#webpage\",\"url\":\"https:\\\/\\\/elfaroonline.com.ar\\\/index.php\\\/2024\\\/10\\\/01\\\/la-provincia-cuenta-con-23-nuevos-mediadores\\\/\",\"name\":\"La provincia cuenta con 23 nuevos mediadores\",\"description\":\"Un total de 23 alumnos podr\\u00e1n desempe\\u00f1arse como Mediadores en centros p\\u00fablicos y privados al finalizar el curso de Formaci\\u00f3n B\\u00e1sica en Mediaci\\u00f3n Comunitaria.\",\"inLanguage\":\"es-AR\",\"isPartOf\":{\"@id\":\"https:\\\/\\\/elfaroonline.com.ar\\\/#website\"},\"breadcrumb\":{\"@id\":\"https:\\\/\\\/elfaroonline.com.ar\\\/index.php\\\/2024\\\/10\\\/01\\\/la-provincia-cuenta-con-23-nuevos-mediadores\\\/#breadcrumblist\"},\"author\":{\"@id\":\"https:\\\/\\\/elfaroonline.com.ar\\\/index.php\\\/author\\\/elfaro\\\/#author\"},\"creator\":{\"@id\":\"https:\\\/\\\/elfaroonline.com.ar\\\/index.php\\\/author\\\/elfaro\\\/#author\"},\"image\":{\"@type\":\"ImageObject\",\"url\":\"https:\\\/\\\/elfaroonline.com.ar\\\/wp-content\\\/uploads\\\/2024\\\/09\\\/La-provincia-cuenta-con-23-nuevos-mediadores.jpeg\",\"@id\":\"https:\\\/\\\/elfaroonline.com.ar\\\/index.php\\\/2024\\\/10\\\/01\\\/la-provincia-cuenta-con-23-nuevos-mediadores\\\/#mainImage\",\"width\":1600,\"height\":900},\"primaryImageOfPage\":{\"@id\":\"https:\\\/\\\/elfaroonline.com.ar\\\/index.php\\\/2024\\\/10\\\/01\\\/la-provincia-cuenta-con-23-nuevos-mediadores\\\/#mainImage\"},\"datePublished\":\"2024-10-01T17:29:29-03:00\",\"dateModified\":\"2024-10-01T17:29:29-03:00\"},{\"@type\":\"WebSite\",\"@id\":\"https:\\\/\\\/elfaroonline.com.ar\\\/#website\",\"url\":\"https:\\\/\\\/elfaroonline.com.ar\\\/\",\"name\":\"elfaroonline.com.ar\",\"inLanguage\":\"es-AR\",\"publisher\":{\"@id\":\"https:\\\/\\\/elfaroonline.com.ar\\\/#organization\"}}]}\n\t\t<\/script>\n\t\t<!-- All in One SEO -->\n\n","aioseo_head_json":{"title":"La provincia cuenta con 23 nuevos mediadores","description":"Un total de 23 alumnos podr\u00e1n desempe\u00f1arse como Mediadores en centros p\u00fablicos y privados al finalizar el curso de Formaci\u00f3n B\u00e1sica en Mediaci\u00f3n Comunitaria.","canonical_url":"https:\/\/elfaroonline.com.ar\/index.php\/2024\/10\/01\/la-provincia-cuenta-con-23-nuevos-mediadores\/","robots":"max-image-preview:large","keywords":"","webmasterTools":{"miscellaneous":""},"schema":{"@context":"https:\/\/schema.org","@graph":[{"@type":"BlogPosting","@id":"https:\/\/elfaroonline.com.ar\/index.php\/2024\/10\/01\/la-provincia-cuenta-con-23-nuevos-mediadores\/#blogposting","name":"La provincia cuenta con 23 nuevos mediadores","headline":"La provincia cuenta con 23 nuevos mediadores","author":{"@id":"https:\/\/elfaroonline.com.ar\/index.php\/author\/elfaro\/#author"},"publisher":{"@id":"https:\/\/elfaroonline.com.ar\/#organization"},"image":{"@type":"ImageObject","url":"https:\/\/elfaroonline.com.ar\/wp-content\/uploads\/2024\/09\/La-provincia-cuenta-con-23-nuevos-mediadores.jpeg","width":1600,"height":900},"datePublished":"2024-10-01T17:29:29-03:00","dateModified":"2024-10-01T17:29:29-03:00","inLanguage":"es-AR","mainEntityOfPage":{"@id":"https:\/\/elfaroonline.com.ar\/index.php\/2024\/10\/01\/la-provincia-cuenta-con-23-nuevos-mediadores\/#webpage"},"isPartOf":{"@id":"https:\/\/elfaroonline.com.ar\/index.php\/2024\/10\/01\/la-provincia-cuenta-con-23-nuevos-mediadores\/#webpage"},"articleSection":"Destacados, Sociedad"},{"@type":"BreadcrumbList","@id":"https:\/\/elfaroonline.com.ar\/index.php\/2024\/10\/01\/la-provincia-cuenta-con-23-nuevos-mediadores\/#breadcrumblist","itemListElement":[{"@type":"ListItem","@id":"https:\/\/elfaroonline.com.ar#listItem","position":1,"name":"Home","item":"https:\/\/elfaroonline.com.ar","nextItem":{"@type":"ListItem","@id":"https:\/\/elfaroonline.com.ar\/index.php\/category\/sociedad\/#listItem","name":"Sociedad"}},{"@type":"ListItem","@id":"https:\/\/elfaroonline.com.ar\/index.php\/category\/sociedad\/#listItem","position":2,"name":"Sociedad","item":"https:\/\/elfaroonline.com.ar\/index.php\/category\/sociedad\/","nextItem":{"@type":"ListItem","@id":"https:\/\/elfaroonline.com.ar\/index.php\/2024\/10\/01\/la-provincia-cuenta-con-23-nuevos-mediadores\/#listItem","name":"La provincia cuenta con 23 nuevos mediadores"},"previousItem":{"@type":"ListItem","@id":"https:\/\/elfaroonline.com.ar#listItem","name":"Home"}},{"@type":"ListItem","@id":"https:\/\/elfaroonline.com.ar\/index.php\/2024\/10\/01\/la-provincia-cuenta-con-23-nuevos-mediadores\/#listItem","position":3,"name":"La provincia cuenta con 23 nuevos mediadores","previousItem":{"@type":"ListItem","@id":"https:\/\/elfaroonline.com.ar\/index.php\/category\/sociedad\/#listItem","name":"Sociedad"}}]},{"@type":"Organization","@id":"https:\/\/elfaroonline.com.ar\/#organization","name":"elfaroonline.com.ar","url":"https:\/\/elfaroonline.com.ar\/"},{"@type":"Person","@id":"https:\/\/elfaroonline.com.ar\/index.php\/author\/elfaro\/#author","url":"https:\/\/elfaroonline.com.ar\/index.php\/author\/elfaro\/","name":"El Faro Online","image":{"@type":"ImageObject","@id":"https:\/\/elfaroonline.com.ar\/index.php\/2024\/10\/01\/la-provincia-cuenta-con-23-nuevos-mediadores\/#authorImage","url":"https:\/\/secure.gravatar.com\/avatar\/97dc46c3711deda1040382679fc31e66bb0f67b30b6dec3feea788d18888f5f7?s=96&d=mm&r=g","width":96,"height":96,"caption":"El Faro Online"}},{"@type":"WebPage","@id":"https:\/\/elfaroonline.com.ar\/index.php\/2024\/10\/01\/la-provincia-cuenta-con-23-nuevos-mediadores\/#webpage","url":"https:\/\/elfaroonline.com.ar\/index.php\/2024\/10\/01\/la-provincia-cuenta-con-23-nuevos-mediadores\/","name":"La provincia cuenta con 23 nuevos mediadores","description":"Un total de 23 alumnos podr\u00e1n desempe\u00f1arse como Mediadores en centros p\u00fablicos y privados al finalizar el curso de Formaci\u00f3n B\u00e1sica en Mediaci\u00f3n Comunitaria.","inLanguage":"es-AR","isPartOf":{"@id":"https:\/\/elfaroonline.com.ar\/#website"},"breadcrumb":{"@id":"https:\/\/elfaroonline.com.ar\/index.php\/2024\/10\/01\/la-provincia-cuenta-con-23-nuevos-mediadores\/#breadcrumblist"},"author":{"@id":"https:\/\/elfaroonline.com.ar\/index.php\/author\/elfaro\/#author"},"creator":{"@id":"https:\/\/elfaroonline.com.ar\/index.php\/author\/elfaro\/#author"},"image":{"@type":"ImageObject","url":"https:\/\/elfaroonline.com.ar\/wp-content\/uploads\/2024\/09\/La-provincia-cuenta-con-23-nuevos-mediadores.jpeg","@id":"https:\/\/elfaroonline.com.ar\/index.php\/2024\/10\/01\/la-provincia-cuenta-con-23-nuevos-mediadores\/#mainImage","width":1600,"height":900},"primaryImageOfPage":{"@id":"https:\/\/elfaroonline.com.ar\/index.php\/2024\/10\/01\/la-provincia-cuenta-con-23-nuevos-mediadores\/#mainImage"},"datePublished":"2024-10-01T17:29:29-03:00","dateModified":"2024-10-01T17:29:29-03:00"},{"@type":"WebSite","@id":"https:\/\/elfaroonline.com.ar\/#website","url":"https:\/\/elfaroonline.com.ar\/","name":"elfaroonline.com.ar","inLanguage":"es-AR","publisher":{"@id":"https:\/\/elfaroonline.com.ar\/#organization"}}]},"og:locale":"es_ES","og:site_name":"elfaroonline.com.ar -","og:type":"article","og:title":"La provincia cuenta con 23 nuevos mediadores","og:description":"Un total de 23 alumnos podr\u00e1n desempe\u00f1arse como Mediadores en centros p\u00fablicos y privados al finalizar el curso de Formaci\u00f3n B\u00e1sica en Mediaci\u00f3n Comunitaria.","og:url":"https:\/\/elfaroonline.com.ar\/index.php\/2024\/10\/01\/la-provincia-cuenta-con-23-nuevos-mediadores\/","article:published_time":"2024-10-01T20:29:29+00:00","article:modified_time":"2024-10-01T20:29:29+00:00","twitter:card":"summary_large_image","twitter:title":"La provincia cuenta con 23 nuevos mediadores","twitter:description":"Un total de 23 alumnos podr\u00e1n desempe\u00f1arse como Mediadores en centros p\u00fablicos y privados al finalizar el curso de Formaci\u00f3n B\u00e1sica en Mediaci\u00f3n Comunitaria."},"aioseo_meta_data":{"post_id":"2455","title":"La provincia cuenta con 23 nuevos mediadores","description":"Un total de 23 alumnos podr\u00e1n desempe\u00f1arse como Mediadores en centros p\u00fablicos y privados al finalizar el curso de Formaci\u00f3n B\u00e1sica en Mediaci\u00f3n Comunitaria.","keywords":null,"keyphrases":{"focus":{"keyphrase":"","score":0,"analysis":{"keyphraseInTitle":{"score":0,"maxScore":9,"error":1}}},"additional":[]},"primary_term":null,"canonical_url":null,"og_title":null,"og_description":null,"og_object_type":"default","og_image_type":"default","og_image_url":null,"og_image_width":null,"og_image_height":null,"og_image_custom_url":null,"og_image_custom_fields":null,"og_video":"","og_custom_url":null,"og_article_section":null,"og_article_tags":null,"twitter_use_og":false,"twitter_card":"default","twitter_image_type":"default","twitter_image_url":null,"twitter_image_custom_url":null,"twitter_image_custom_fields":null,"twitter_title":null,"twitter_description":null,"schema":{"blockGraphs":[],"customGraphs":[],"default":{"data":{"Article":[],"Course":[],"Dataset":[],"FAQPage":[],"Movie":[],"Person":[],"Product":[],"ProductReview":[],"Car":[],"Recipe":[],"Service":[],"SoftwareApplication":[],"WebPage":[]},"graphName":"BlogPosting","isEnabled":true},"graphs":[]},"schema_type":"default","schema_type_options":null,"pillar_content":false,"robots_default":true,"robots_noindex":false,"robots_noarchive":false,"robots_nosnippet":false,"robots_nofollow":false,"robots_noimageindex":false,"robots_noodp":false,"robots_notranslate":false,"robots_max_snippet":"-1","robots_max_videopreview":"-1","robots_max_imagepreview":"large","priority":null,"frequency":"default","local_seo":null,"breadcrumb_settings":null,"limit_modified_date":false,"ai":null,"created":"2024-10-01 01:08:39","updated":"2025-07-15 23:32:18","seo_analyzer_scan_date":null,"focus_keyword":null,"additional_keywords":null,"truseo_locale":null},"aioseo_breadcrumb":"<div class=\"aioseo-breadcrumbs\"><span class=\"aioseo-breadcrumb\">\n\t\t\t<a href=\"https:\/\/elfaroonline.com.ar\" title=\"Home\">Home<\/a>\n\t\t<\/span><span class=\"aioseo-breadcrumb-separator\">&raquo;<\/span><span class=\"aioseo-breadcrumb\">\n\t\t\t<a href=\"https:\/\/elfaroonline.com.ar\/index.php\/category\/sociedad\/\" title=\"Sociedad\">Sociedad<\/a>\n\t\t<\/span><span class=\"aioseo-breadcrumb-separator\">&raquo;<\/span><span class=\"aioseo-breadcrumb\">\n\t\t\tLa provincia cuenta con 23 nuevos mediadores\n\t\t<\/span><\/div>","aioseo_breadcrumb_json":[{"label":"Home","link":"https:\/\/elfaroonline.com.ar"},{"label":"Sociedad","link":"https:\/\/elfaroonline.com.ar\/index.php\/category\/sociedad\/"},{"label":"La provincia cuenta con 23 nuevos mediadores","link":"https:\/\/elfaroonline.com.ar\/index.php\/2024\/10\/01\/la-provincia-cuenta-con-23-nuevos-mediadores\/"}],"_links":{"self":[{"href":"https:\/\/elfaroonline.com.ar\/index.php\/wp-json\/wp\/v2\/posts\/2455","targetHints":{"allow":["GET"]}}],"collection":[{"href":"https:\/\/elfaroonline.com.ar\/index.php\/wp-json\/wp\/v2\/posts"}],"about":[{"href":"https:\/\/elfaroonline.com.ar\/index.php\/wp-json\/wp\/v2\/types\/post"}],"author":[{"embeddable":true,"href":"https:\/\/elfaroonline.com.ar\/index.php\/wp-json\/wp\/v2\/users\/2"}],"replies":[{"embeddable":true,"href":"https:\/\/elfaroonline.com.ar\/index.php\/wp-json\/wp\/v2\/comments?post=2455"}],"version-history":[{"count":1,"href":"https:\/\/elfaroonline.com.ar\/index.php\/wp-json\/wp\/v2\/posts\/2455\/revisions"}],"predecessor-version":[{"id":2457,"href":"https:\/\/elfaroonline.com.ar\/index.php\/wp-json\/wp\/v2\/posts\/2455\/revisions\/2457"}],"wp:featuredmedia":[{"embeddable":true,"href":"https:\/\/elfaroonline.com.ar\/index.php\/wp-json\/wp\/v2\/media\/2456"}],"wp:attachment":[{"href":"https:\/\/elfaroonline.com.ar\/index.php\/wp-json\/wp\/v2\/media?parent=2455"}],"wp:term":[{"taxonomy":"category","embeddable":true,"href":"https:\/\/elfaroonline.com.ar\/index.php\/wp-json\/wp\/v2\/categories?post=2455"},{"taxonomy":"post_tag","embeddable":true,"href":"https:\/\/elfaroonline.com.ar\/index.php\/wp-json\/wp\/v2\/tags?post=2455"}],"curies":[{"name":"wp","href":"https:\/\/api.w.org\/{rel}","templated":true}]}}