{"id":2458,"date":"2024-10-01T17:29:52","date_gmt":"2024-10-01T20:29:52","guid":{"rendered":"https:\/\/elfaroonline.com.ar\/?p=2458"},"modified":"2024-10-01T17:29:52","modified_gmt":"2024-10-01T20:29:52","slug":"catamarca-sera-sede-de-la-definicion-del-ascenso-a-primera-b-nacional","status":"publish","type":"post","link":"https:\/\/elfaroonline.com.ar\/index.php\/2024\/10\/01\/catamarca-sera-sede-de-la-definicion-del-ascenso-a-primera-b-nacional\/","title":{"rendered":"Catamarca ser\u00e1 sede de la definici\u00f3n del ascenso a Primera B Nacional"},"content":{"rendered":"<p class=\"v1MsoNormal\">Este pr\u00f3ximo domingo 6 de octubre a las 18 hs, el Estadio Provincial Bicentenario ser\u00e1 el escenario de la Final del Torneo Federal A entre Central Norte y Sarmiento de la Banda, por una plaza en la Primera B Nacional de F\u00fatbol.<\/p>\n<p class=\"v1MsoNormal\">Los salte\u00f1os y santiague\u00f1os se medir\u00e1n en el Coloso de la Loma a partido \u00fanico, en busca del tan ansiado ascenso de categor\u00eda. Con esta definici\u00f3n, Catamarca vuelve a tener en su estadio un juego de relevancia nacional, con el respaldo del Gobierno de Catamarca, a trav\u00e9s de la Secretar\u00eda de Deportes y Recreaci\u00f3n, dependiente del Ministerio de Cultura, Turismo y Deporte.<\/p>\n<p class=\"v1MsoNormal\">Las semifinales que los clasific\u00f3 al duelo que se disputar\u00e1 en suelo catamarque\u00f1o se desarrollaron este domingo. Central Norte derrot\u00f3 1-0 a Santamarina de Tandil como local, tras el empate 0-0 en el primer juego. Mientras que Sarmiento igual\u00f3 en 0 como visitante frente a Bol\u00edvar, y su triunfo 1-0 en casa lo hizo pasar a la ronda final, a un solo juego en terreno neutral.<\/p>\n","protected":false},"excerpt":{"rendered":"<p>Este pr\u00f3ximo domingo 6 de octubre a las 18 hs, el Estadio Provincial Bicentenario ser\u00e1 el escenario de la Final del Torneo Federal A entre Central Norte y Sarmiento de la Banda, por una plaza en la Primera B Nacional de F\u00fatbol. Los salte\u00f1os y santiague\u00f1os se medir\u00e1n en el Coloso de la Loma a [&hellip;]<\/p>\n","protected":false},"author":2,"featured_media":2459,"comment_status":"open","ping_status":"open","sticky":false,"template":"","format":"standard","meta":{"footnotes":""},"categories":[25],"tags":[],"class_list":{"0":"post-2458","1":"post","2":"type-post","3":"status-publish","4":"format-standard","5":"has-post-thumbnail","7":"category-deportes"},"aioseo_notices":[],"aioseo_head":"\n\t\t<!-- All in One SEO 5.0.0.1 - aioseo.com -->\n\t<meta name=\"description\" content=\"Este pr\u00f3ximo domingo 6 de octubre a las 18 hs, el Estadio Provincial Bicentenario ser\u00e1 el escenario de la Final del Torneo Federal A entre Central Norte y Sarmiento de la Banda, por una plaza en la Primera B Nacional de F\u00fatbol.\" \/>\n\t<meta name=\"robots\" content=\"max-image-preview:large\" \/>\n\t<meta name=\"author\" content=\"El Faro Online\"\/>\n\t<link rel=\"canonical\" href=\"https:\/\/elfaroonline.com.ar\/index.php\/2024\/10\/01\/catamarca-sera-sede-de-la-definicion-del-ascenso-a-primera-b-nacional\/\" \/>\n\t<meta name=\"generator\" content=\"All in One SEO (AIOSEO) 5.0.0.1\" \/>\n\t\t<meta property=\"og:locale\" content=\"es_ES\" \/>\n\t\t<meta property=\"og:site_name\" content=\"elfaroonline.com.ar -\" \/>\n\t\t<meta property=\"og:type\" content=\"article\" \/>\n\t\t<meta property=\"og:title\" content=\"Catamarca ser\u00e1 sede de la definici\u00f3n del ascenso a Primera B Nacional\" \/>\n\t\t<meta property=\"og:description\" content=\"Este pr\u00f3ximo domingo 6 de octubre a las 18 hs, el Estadio Provincial Bicentenario ser\u00e1 el escenario de la Final del Torneo Federal A entre Central Norte y Sarmiento de la Banda, por una plaza en la Primera B Nacional de F\u00fatbol.\" \/>\n\t\t<meta property=\"og:url\" content=\"https:\/\/elfaroonline.com.ar\/index.php\/2024\/10\/01\/catamarca-sera-sede-de-la-definicion-del-ascenso-a-primera-b-nacional\/\" \/>\n\t\t<meta property=\"article:published_time\" content=\"2024-10-01T20:29:52+00:00\" \/>\n\t\t<meta property=\"article:modified_time\" content=\"2024-10-01T20:29:52+00:00\" \/>\n\t\t<meta name=\"twitter:card\" content=\"summary_large_image\" \/>\n\t\t<meta name=\"twitter:title\" content=\"Catamarca ser\u00e1 sede de la definici\u00f3n del ascenso a Primera B Nacional\" \/>\n\t\t<meta name=\"twitter:description\" content=\"Este pr\u00f3ximo domingo 6 de octubre a las 18 hs, el Estadio Provincial Bicentenario ser\u00e1 el escenario de la Final del Torneo Federal A entre Central Norte y Sarmiento de la Banda, por una plaza en la Primera B Nacional de F\u00fatbol.\" \/>\n\t\t<script type=\"application\/ld+json\" class=\"aioseo-schema\">\n\t\t\t{\"@context\":\"https:\\\/\\\/schema.org\",\"@graph\":[{\"@type\":\"BlogPosting\",\"@id\":\"https:\\\/\\\/elfaroonline.com.ar\\\/index.php\\\/2024\\\/10\\\/01\\\/catamarca-sera-sede-de-la-definicion-del-ascenso-a-primera-b-nacional\\\/#blogposting\",\"name\":\"Catamarca ser\\u00e1 sede de la definici\\u00f3n del ascenso a Primera B Nacional\",\"headline\":\"Catamarca ser\\u00e1 sede de la definici\\u00f3n del ascenso a Primera B Nacional\",\"author\":{\"@id\":\"https:\\\/\\\/elfaroonline.com.ar\\\/index.php\\\/author\\\/elfaro\\\/#author\"},\"publisher\":{\"@id\":\"https:\\\/\\\/elfaroonline.com.ar\\\/#organization\"},\"image\":{\"@type\":\"ImageObject\",\"url\":\"https:\\\/\\\/elfaroonline.com.ar\\\/wp-content\\\/uploads\\\/2024\\\/09\\\/3378ca68-2115-4132-b7b1-d062e70aa4ee.jpeg\",\"width\":1600,\"height\":1066},\"datePublished\":\"2024-10-01T17:29:52-03:00\",\"dateModified\":\"2024-10-01T17:29:52-03:00\",\"inLanguage\":\"es-AR\",\"mainEntityOfPage\":{\"@id\":\"https:\\\/\\\/elfaroonline.com.ar\\\/index.php\\\/2024\\\/10\\\/01\\\/catamarca-sera-sede-de-la-definicion-del-ascenso-a-primera-b-nacional\\\/#webpage\"},\"isPartOf\":{\"@id\":\"https:\\\/\\\/elfaroonline.com.ar\\\/index.php\\\/2024\\\/10\\\/01\\\/catamarca-sera-sede-de-la-definicion-del-ascenso-a-primera-b-nacional\\\/#webpage\"},\"articleSection\":\"Deportes\"},{\"@type\":\"BreadcrumbList\",\"@id\":\"https:\\\/\\\/elfaroonline.com.ar\\\/index.php\\\/2024\\\/10\\\/01\\\/catamarca-sera-sede-de-la-definicion-del-ascenso-a-primera-b-nacional\\\/#breadcrumblist\",\"itemListElement\":[{\"@type\":\"ListItem\",\"@id\":\"https:\\\/\\\/elfaroonline.com.ar#listItem\",\"position\":1,\"name\":\"Home\",\"item\":\"https:\\\/\\\/elfaroonline.com.ar\",\"nextItem\":{\"@type\":\"ListItem\",\"@id\":\"https:\\\/\\\/elfaroonline.com.ar\\\/index.php\\\/category\\\/deportes\\\/#listItem\",\"name\":\"Deportes\"}},{\"@type\":\"ListItem\",\"@id\":\"https:\\\/\\\/elfaroonline.com.ar\\\/index.php\\\/category\\\/deportes\\\/#listItem\",\"position\":2,\"name\":\"Deportes\",\"item\":\"https:\\\/\\\/elfaroonline.com.ar\\\/index.php\\\/category\\\/deportes\\\/\",\"nextItem\":{\"@type\":\"ListItem\",\"@id\":\"https:\\\/\\\/elfaroonline.com.ar\\\/index.php\\\/2024\\\/10\\\/01\\\/catamarca-sera-sede-de-la-definicion-del-ascenso-a-primera-b-nacional\\\/#listItem\",\"name\":\"Catamarca ser\\u00e1 sede de la definici\\u00f3n del ascenso a Primera B Nacional\"},\"previousItem\":{\"@type\":\"ListItem\",\"@id\":\"https:\\\/\\\/elfaroonline.com.ar#listItem\",\"name\":\"Home\"}},{\"@type\":\"ListItem\",\"@id\":\"https:\\\/\\\/elfaroonline.com.ar\\\/index.php\\\/2024\\\/10\\\/01\\\/catamarca-sera-sede-de-la-definicion-del-ascenso-a-primera-b-nacional\\\/#listItem\",\"position\":3,\"name\":\"Catamarca ser\\u00e1 sede de la definici\\u00f3n del ascenso a Primera B Nacional\",\"previousItem\":{\"@type\":\"ListItem\",\"@id\":\"https:\\\/\\\/elfaroonline.com.ar\\\/index.php\\\/category\\\/deportes\\\/#listItem\",\"name\":\"Deportes\"}}]},{\"@type\":\"Organization\",\"@id\":\"https:\\\/\\\/elfaroonline.com.ar\\\/#organization\",\"name\":\"elfaroonline.com.ar\",\"url\":\"https:\\\/\\\/elfaroonline.com.ar\\\/\"},{\"@type\":\"Person\",\"@id\":\"https:\\\/\\\/elfaroonline.com.ar\\\/index.php\\\/author\\\/elfaro\\\/#author\",\"url\":\"https:\\\/\\\/elfaroonline.com.ar\\\/index.php\\\/author\\\/elfaro\\\/\",\"name\":\"El Faro Online\",\"image\":{\"@type\":\"ImageObject\",\"@id\":\"https:\\\/\\\/elfaroonline.com.ar\\\/index.php\\\/2024\\\/10\\\/01\\\/catamarca-sera-sede-de-la-definicion-del-ascenso-a-primera-b-nacional\\\/#authorImage\",\"url\":\"https:\\\/\\\/secure.gravatar.com\\\/avatar\\\/97dc46c3711deda1040382679fc31e66bb0f67b30b6dec3feea788d18888f5f7?s=96&d=mm&r=g\",\"width\":96,\"height\":96,\"caption\":\"El Faro Online\"}},{\"@type\":\"WebPage\",\"@id\":\"https:\\\/\\\/elfaroonline.com.ar\\\/index.php\\\/2024\\\/10\\\/01\\\/catamarca-sera-sede-de-la-definicion-del-ascenso-a-primera-b-nacional\\\/#webpage\",\"url\":\"https:\\\/\\\/elfaroonline.com.ar\\\/index.php\\\/2024\\\/10\\\/01\\\/catamarca-sera-sede-de-la-definicion-del-ascenso-a-primera-b-nacional\\\/\",\"name\":\"Catamarca ser\\u00e1 sede de la definici\\u00f3n del ascenso a Primera B Nacional\",\"description\":\"Este pr\\u00f3ximo domingo 6 de octubre a las 18 hs, el Estadio Provincial Bicentenario ser\\u00e1 el escenario de la Final del Torneo Federal A entre Central Norte y Sarmiento de la Banda, por una plaza en la Primera B Nacional de F\\u00fatbol.\",\"inLanguage\":\"es-AR\",\"isPartOf\":{\"@id\":\"https:\\\/\\\/elfaroonline.com.ar\\\/#website\"},\"breadcrumb\":{\"@id\":\"https:\\\/\\\/elfaroonline.com.ar\\\/index.php\\\/2024\\\/10\\\/01\\\/catamarca-sera-sede-de-la-definicion-del-ascenso-a-primera-b-nacional\\\/#breadcrumblist\"},\"author\":{\"@id\":\"https:\\\/\\\/elfaroonline.com.ar\\\/index.php\\\/author\\\/elfaro\\\/#author\"},\"creator\":{\"@id\":\"https:\\\/\\\/elfaroonline.com.ar\\\/index.php\\\/author\\\/elfaro\\\/#author\"},\"image\":{\"@type\":\"ImageObject\",\"url\":\"https:\\\/\\\/elfaroonline.com.ar\\\/wp-content\\\/uploads\\\/2024\\\/09\\\/3378ca68-2115-4132-b7b1-d062e70aa4ee.jpeg\",\"@id\":\"https:\\\/\\\/elfaroonline.com.ar\\\/index.php\\\/2024\\\/10\\\/01\\\/catamarca-sera-sede-de-la-definicion-del-ascenso-a-primera-b-nacional\\\/#mainImage\",\"width\":1600,\"height\":1066},\"primaryImageOfPage\":{\"@id\":\"https:\\\/\\\/elfaroonline.com.ar\\\/index.php\\\/2024\\\/10\\\/01\\\/catamarca-sera-sede-de-la-definicion-del-ascenso-a-primera-b-nacional\\\/#mainImage\"},\"datePublished\":\"2024-10-01T17:29:52-03:00\",\"dateModified\":\"2024-10-01T17:29:52-03:00\"},{\"@type\":\"WebSite\",\"@id\":\"https:\\\/\\\/elfaroonline.com.ar\\\/#website\",\"url\":\"https:\\\/\\\/elfaroonline.com.ar\\\/\",\"name\":\"elfaroonline.com.ar\",\"inLanguage\":\"es-AR\",\"publisher\":{\"@id\":\"https:\\\/\\\/elfaroonline.com.ar\\\/#organization\"}}]}\n\t\t<\/script>\n\t\t<!-- All in One SEO -->\n\n","aioseo_head_json":{"title":"Catamarca ser\u00e1 sede de la definici\u00f3n del ascenso a Primera B Nacional","description":"Este pr\u00f3ximo domingo 6 de octubre a las 18 hs, el Estadio Provincial Bicentenario ser\u00e1 el escenario de la Final del Torneo Federal A entre Central Norte y Sarmiento de la Banda, por una plaza en la Primera B Nacional de F\u00fatbol.","canonical_url":"https:\/\/elfaroonline.com.ar\/index.php\/2024\/10\/01\/catamarca-sera-sede-de-la-definicion-del-ascenso-a-primera-b-nacional\/","robots":"max-image-preview:large","keywords":"","webmasterTools":{"miscellaneous":""},"schema":{"@context":"https:\/\/schema.org","@graph":[{"@type":"BlogPosting","@id":"https:\/\/elfaroonline.com.ar\/index.php\/2024\/10\/01\/catamarca-sera-sede-de-la-definicion-del-ascenso-a-primera-b-nacional\/#blogposting","name":"Catamarca ser\u00e1 sede de la definici\u00f3n del ascenso a Primera B Nacional","headline":"Catamarca ser\u00e1 sede de la definici\u00f3n del ascenso a Primera B Nacional","author":{"@id":"https:\/\/elfaroonline.com.ar\/index.php\/author\/elfaro\/#author"},"publisher":{"@id":"https:\/\/elfaroonline.com.ar\/#organization"},"image":{"@type":"ImageObject","url":"https:\/\/elfaroonline.com.ar\/wp-content\/uploads\/2024\/09\/3378ca68-2115-4132-b7b1-d062e70aa4ee.jpeg","width":1600,"height":1066},"datePublished":"2024-10-01T17:29:52-03:00","dateModified":"2024-10-01T17:29:52-03:00","inLanguage":"es-AR","mainEntityOfPage":{"@id":"https:\/\/elfaroonline.com.ar\/index.php\/2024\/10\/01\/catamarca-sera-sede-de-la-definicion-del-ascenso-a-primera-b-nacional\/#webpage"},"isPartOf":{"@id":"https:\/\/elfaroonline.com.ar\/index.php\/2024\/10\/01\/catamarca-sera-sede-de-la-definicion-del-ascenso-a-primera-b-nacional\/#webpage"},"articleSection":"Deportes"},{"@type":"BreadcrumbList","@id":"https:\/\/elfaroonline.com.ar\/index.php\/2024\/10\/01\/catamarca-sera-sede-de-la-definicion-del-ascenso-a-primera-b-nacional\/#breadcrumblist","itemListElement":[{"@type":"ListItem","@id":"https:\/\/elfaroonline.com.ar#listItem","position":1,"name":"Home","item":"https:\/\/elfaroonline.com.ar","nextItem":{"@type":"ListItem","@id":"https:\/\/elfaroonline.com.ar\/index.php\/category\/deportes\/#listItem","name":"Deportes"}},{"@type":"ListItem","@id":"https:\/\/elfaroonline.com.ar\/index.php\/category\/deportes\/#listItem","position":2,"name":"Deportes","item":"https:\/\/elfaroonline.com.ar\/index.php\/category\/deportes\/","nextItem":{"@type":"ListItem","@id":"https:\/\/elfaroonline.com.ar\/index.php\/2024\/10\/01\/catamarca-sera-sede-de-la-definicion-del-ascenso-a-primera-b-nacional\/#listItem","name":"Catamarca ser\u00e1 sede de la definici\u00f3n del ascenso a Primera B Nacional"},"previousItem":{"@type":"ListItem","@id":"https:\/\/elfaroonline.com.ar#listItem","name":"Home"}},{"@type":"ListItem","@id":"https:\/\/elfaroonline.com.ar\/index.php\/2024\/10\/01\/catamarca-sera-sede-de-la-definicion-del-ascenso-a-primera-b-nacional\/#listItem","position":3,"name":"Catamarca ser\u00e1 sede de la definici\u00f3n del ascenso a Primera B Nacional","previousItem":{"@type":"ListItem","@id":"https:\/\/elfaroonline.com.ar\/index.php\/category\/deportes\/#listItem","name":"Deportes"}}]},{"@type":"Organization","@id":"https:\/\/elfaroonline.com.ar\/#organization","name":"elfaroonline.com.ar","url":"https:\/\/elfaroonline.com.ar\/"},{"@type":"Person","@id":"https:\/\/elfaroonline.com.ar\/index.php\/author\/elfaro\/#author","url":"https:\/\/elfaroonline.com.ar\/index.php\/author\/elfaro\/","name":"El Faro Online","image":{"@type":"ImageObject","@id":"https:\/\/elfaroonline.com.ar\/index.php\/2024\/10\/01\/catamarca-sera-sede-de-la-definicion-del-ascenso-a-primera-b-nacional\/#authorImage","url":"https:\/\/secure.gravatar.com\/avatar\/97dc46c3711deda1040382679fc31e66bb0f67b30b6dec3feea788d18888f5f7?s=96&d=mm&r=g","width":96,"height":96,"caption":"El Faro Online"}},{"@type":"WebPage","@id":"https:\/\/elfaroonline.com.ar\/index.php\/2024\/10\/01\/catamarca-sera-sede-de-la-definicion-del-ascenso-a-primera-b-nacional\/#webpage","url":"https:\/\/elfaroonline.com.ar\/index.php\/2024\/10\/01\/catamarca-sera-sede-de-la-definicion-del-ascenso-a-primera-b-nacional\/","name":"Catamarca ser\u00e1 sede de la definici\u00f3n del ascenso a Primera B Nacional","description":"Este pr\u00f3ximo domingo 6 de octubre a las 18 hs, el Estadio Provincial Bicentenario ser\u00e1 el escenario de la Final del Torneo Federal A entre Central Norte y Sarmiento de la Banda, por una plaza en la Primera B Nacional de F\u00fatbol.","inLanguage":"es-AR","isPartOf":{"@id":"https:\/\/elfaroonline.com.ar\/#website"},"breadcrumb":{"@id":"https:\/\/elfaroonline.com.ar\/index.php\/2024\/10\/01\/catamarca-sera-sede-de-la-definicion-del-ascenso-a-primera-b-nacional\/#breadcrumblist"},"author":{"@id":"https:\/\/elfaroonline.com.ar\/index.php\/author\/elfaro\/#author"},"creator":{"@id":"https:\/\/elfaroonline.com.ar\/index.php\/author\/elfaro\/#author"},"image":{"@type":"ImageObject","url":"https:\/\/elfaroonline.com.ar\/wp-content\/uploads\/2024\/09\/3378ca68-2115-4132-b7b1-d062e70aa4ee.jpeg","@id":"https:\/\/elfaroonline.com.ar\/index.php\/2024\/10\/01\/catamarca-sera-sede-de-la-definicion-del-ascenso-a-primera-b-nacional\/#mainImage","width":1600,"height":1066},"primaryImageOfPage":{"@id":"https:\/\/elfaroonline.com.ar\/index.php\/2024\/10\/01\/catamarca-sera-sede-de-la-definicion-del-ascenso-a-primera-b-nacional\/#mainImage"},"datePublished":"2024-10-01T17:29:52-03:00","dateModified":"2024-10-01T17:29:52-03:00"},{"@type":"WebSite","@id":"https:\/\/elfaroonline.com.ar\/#website","url":"https:\/\/elfaroonline.com.ar\/","name":"elfaroonline.com.ar","inLanguage":"es-AR","publisher":{"@id":"https:\/\/elfaroonline.com.ar\/#organization"}}]},"og:locale":"es_ES","og:site_name":"elfaroonline.com.ar -","og:type":"article","og:title":"Catamarca ser\u00e1 sede de la definici\u00f3n del ascenso a Primera B Nacional","og:description":"Este pr\u00f3ximo domingo 6 de octubre a las 18 hs, el Estadio Provincial Bicentenario ser\u00e1 el escenario de la Final del Torneo Federal A entre Central Norte y Sarmiento de la Banda, por una plaza en la Primera B Nacional de F\u00fatbol.","og:url":"https:\/\/elfaroonline.com.ar\/index.php\/2024\/10\/01\/catamarca-sera-sede-de-la-definicion-del-ascenso-a-primera-b-nacional\/","article:published_time":"2024-10-01T20:29:52+00:00","article:modified_time":"2024-10-01T20:29:52+00:00","twitter:card":"summary_large_image","twitter:title":"Catamarca ser\u00e1 sede de la definici\u00f3n del ascenso a Primera B Nacional","twitter:description":"Este pr\u00f3ximo domingo 6 de octubre a las 18 hs, el Estadio Provincial Bicentenario ser\u00e1 el escenario de la Final del Torneo Federal A entre Central Norte y Sarmiento de la Banda, por una plaza en la Primera B Nacional de F\u00fatbol."},"aioseo_meta_data":{"post_id":"2458","title":"Catamarca ser\u00e1 sede de la definici\u00f3n del ascenso a Primera B Nacional","description":"Este pr\u00f3ximo domingo 6 de octubre a las 18 hs, el Estadio Provincial Bicentenario ser\u00e1 el escenario de la Final del Torneo Federal A entre Central Norte y Sarmiento de la Banda, por una plaza en la Primera B Nacional de F\u00fatbol.","keywords":null,"keyphrases":{"focus":{"keyphrase":"","score":0,"analysis":{"keyphraseInTitle":{"score":0,"maxScore":9,"error":1}}},"additional":[]},"primary_term":null,"canonical_url":null,"og_title":null,"og_description":null,"og_object_type":"default","og_image_type":"default","og_image_url":null,"og_image_width":null,"og_image_height":null,"og_image_custom_url":null,"og_image_custom_fields":null,"og_video":"","og_custom_url":null,"og_article_section":null,"og_article_tags":null,"twitter_use_og":false,"twitter_card":"default","twitter_image_type":"default","twitter_image_url":null,"twitter_image_custom_url":null,"twitter_image_custom_fields":null,"twitter_title":null,"twitter_description":null,"schema":{"blockGraphs":[],"customGraphs":[],"default":{"data":{"Article":[],"Course":[],"Dataset":[],"FAQPage":[],"Movie":[],"Person":[],"Product":[],"ProductReview":[],"Car":[],"Recipe":[],"Service":[],"SoftwareApplication":[],"WebPage":[]},"graphName":"BlogPosting","isEnabled":true},"graphs":[]},"schema_type":"default","schema_type_options":null,"pillar_content":false,"robots_default":true,"robots_noindex":false,"robots_noarchive":false,"robots_nosnippet":false,"robots_nofollow":false,"robots_noimageindex":false,"robots_noodp":false,"robots_notranslate":false,"robots_max_snippet":"-1","robots_max_videopreview":"-1","robots_max_imagepreview":"large","priority":null,"frequency":"default","local_seo":null,"breadcrumb_settings":null,"limit_modified_date":false,"ai":null,"created":"2024-10-01 01:10:31","updated":"2025-07-15 23:32:18","seo_analyzer_scan_date":null,"focus_keyword":null,"additional_keywords":null,"truseo_locale":null},"aioseo_breadcrumb":"<div class=\"aioseo-breadcrumbs\"><span class=\"aioseo-breadcrumb\">\n\t\t\t<a href=\"https:\/\/elfaroonline.com.ar\" title=\"Home\">Home<\/a>\n\t\t<\/span><span class=\"aioseo-breadcrumb-separator\">&raquo;<\/span><span class=\"aioseo-breadcrumb\">\n\t\t\t<a href=\"https:\/\/elfaroonline.com.ar\/index.php\/category\/deportes\/\" title=\"Deportes\">Deportes<\/a>\n\t\t<\/span><span class=\"aioseo-breadcrumb-separator\">&raquo;<\/span><span class=\"aioseo-breadcrumb\">\n\t\t\tCatamarca ser\u00e1 sede de la definici\u00f3n del ascenso a Primera B Nacional\n\t\t<\/span><\/div>","aioseo_breadcrumb_json":[{"label":"Home","link":"https:\/\/elfaroonline.com.ar"},{"label":"Deportes","link":"https:\/\/elfaroonline.com.ar\/index.php\/category\/deportes\/"},{"label":"Catamarca ser\u00e1 sede de la definici\u00f3n del ascenso a Primera B Nacional","link":"https:\/\/elfaroonline.com.ar\/index.php\/2024\/10\/01\/catamarca-sera-sede-de-la-definicion-del-ascenso-a-primera-b-nacional\/"}],"_links":{"self":[{"href":"https:\/\/elfaroonline.com.ar\/index.php\/wp-json\/wp\/v2\/posts\/2458","targetHints":{"allow":["GET"]}}],"collection":[{"href":"https:\/\/elfaroonline.com.ar\/index.php\/wp-json\/wp\/v2\/posts"}],"about":[{"href":"https:\/\/elfaroonline.com.ar\/index.php\/wp-json\/wp\/v2\/types\/post"}],"author":[{"embeddable":true,"href":"https:\/\/elfaroonline.com.ar\/index.php\/wp-json\/wp\/v2\/users\/2"}],"replies":[{"embeddable":true,"href":"https:\/\/elfaroonline.com.ar\/index.php\/wp-json\/wp\/v2\/comments?post=2458"}],"version-history":[{"count":2,"href":"https:\/\/elfaroonline.com.ar\/index.php\/wp-json\/wp\/v2\/posts\/2458\/revisions"}],"predecessor-version":[{"id":2463,"href":"https:\/\/elfaroonline.com.ar\/index.php\/wp-json\/wp\/v2\/posts\/2458\/revisions\/2463"}],"wp:featuredmedia":[{"embeddable":true,"href":"https:\/\/elfaroonline.com.ar\/index.php\/wp-json\/wp\/v2\/media\/2459"}],"wp:attachment":[{"href":"https:\/\/elfaroonline.com.ar\/index.php\/wp-json\/wp\/v2\/media?parent=2458"}],"wp:term":[{"taxonomy":"category","embeddable":true,"href":"https:\/\/elfaroonline.com.ar\/index.php\/wp-json\/wp\/v2\/categories?post=2458"},{"taxonomy":"post_tag","embeddable":true,"href":"https:\/\/elfaroonline.com.ar\/index.php\/wp-json\/wp\/v2\/tags?post=2458"}],"curies":[{"name":"wp","href":"https:\/\/api.w.org\/{rel}","templated":true}]}}