{"id":2464,"date":"2024-10-01T17:52:59","date_gmt":"2024-10-01T20:52:59","guid":{"rendered":"https:\/\/elfaroonline.com.ar\/?p=2464"},"modified":"2024-10-01T17:52:59","modified_gmt":"2024-10-01T20:52:59","slug":"la-nina-conoce-el-fenomeno-nacido-de-la-crisis-climatica-y-como-afectara-a-catamarca","status":"publish","type":"post","link":"https:\/\/elfaroonline.com.ar\/index.php\/2024\/10\/01\/la-nina-conoce-el-fenomeno-nacido-de-la-crisis-climatica-y-como-afectara-a-catamarca\/","title":{"rendered":"La Ni\u00f1a: Conoc\u00e9 el fen\u00f3meno nacido de la crisis clim\u00e1tica y c\u00f3mo afectar\u00e1 a Catamarca"},"content":{"rendered":"<p class=\"p1\"><span class=\"s1\">El clima est\u00e1 cambiando a nivel global, y en Catamarca, la llegada del fen\u00f3meno de <\/span>La Ni\u00f1a ya anticipa varios problemas para tener en cuenta y prepararse.<\/p>\n<p class=\"p1\"><span class=\"s1\">\u201cLa Ni\u00f1a\u201d es un fen\u00f3meno atmosf\u00e9rico que enfr\u00eda las aguas del oc\u00e9ano Pac\u00edfico, <\/span>generando cambios en el clima, en todo el mundo. Para el Cono Sur, especialmente <span class=\"s1\">Am\u00e9rica del Sur, se esperan sequ\u00edas, altas temperaturas y propagaci\u00f3n de <\/span>incendios.<\/p>\n<p class=\"p1\"><span class=\"s1\">En nuestra provincia, \u201cLa Ni\u00f1a\u201d dar\u00e1 inicio a un per\u00edodo de crisis clim\u00e1tica que traer\u00e1 <\/span>consecuencias inevitables y concretas para la poblaci\u00f3n en todo el territorio provincial, seg\u00fan las proyecciones realizadas por el Observatorio Climatol\u00f3gico de la Universidad Nacional de Catamarca.<\/p>\n<p class=\"p1\"><strong><span class=\"s1\">Punto por punto, conoc\u00e9 qu\u00e9 problemas vamos a enfrentar por este fen\u00f3meno <\/span>climatol\u00f3gico y qu\u00e9 desaf\u00edos presenta para nuestra provincia:<\/strong><\/p>\n<p class=\"p1\"><span class=\"s1\">1- Falta de agua<\/span><\/p>\n<p class=\"p1\"><span class=\"s1\">La baja en las lluvias pronosticada avizora un verano con falta de agua en los <\/span>cauces de nuestros r\u00edos y arroyos.<\/p>\n<p class=\"p1\"><span class=\"s1\">El promedio anual de precipitaciones ronda los 450 mil\u00edmetros y, seg\u00fan las <\/span>proyecciones, es dif\u00edcil que este a\u00f1o se llegue a ese n\u00famero con las lluvias que habr\u00e1 desde ac\u00e1 al 31 de diciembre.<\/p>\n<p class=\"p1\"><span class=\"s1\">Por esta raz\u00f3n, en \u00e9pocas de calor es muy importante incorporar buenas pr\u00e1cticas <\/span>para el cuidado del agua:<\/p>\n<p class=\"p1\"><span class=\"s1\">&#8211; Reparar p\u00e9rdidas de ca\u00f1er\u00edas o canillas: una fuga puede llegar a demandar 100 <\/span>litros de agua por d\u00eda.<\/p>\n<p class=\"p1\"><span class=\"s1\">&#8211; Reducir los tiempos de ducha: una de 5 minutos demanda un promedio de 90 litros <\/span>de agua, mientras que una ducha de 15 minutos puede llegar a 250 litros.<\/p>\n<p class=\"p1\"><span class=\"s1\">-Cerrar la canilla mientras nos cepillamos los dientes: se van 40 litros de agua <\/span>promedio<\/p>\n<p class=\"p1\"><span class=\"s1\">&#8211; Regar despu\u00e9s de las 20 horas, ya que las plantas retienen mayor humedad<\/span><\/p>\n<p class=\"p1\"><span class=\"s1\">2- Sequ\u00eda y peligro de incendios<\/span><\/p>\n<p class=\"p1\"><span class=\"s1\">Para los meses de diciembre y enero las temperaturas m\u00e1ximas promedio estar\u00e1n <\/span>entre un 45 y un 60% por encima de lo habitual.<\/p>\n<p class=\"p1\"><span class=\"s1\">La combinaci\u00f3n de altas temperaturas con sequ\u00eda y fuertes vientos da por resultado <\/span>una alerta de peligro extremo de incendios para toda la regi\u00f3n.<\/p>\n<p class=\"p1\"><span class=\"s1\">Por eso, es necesario reforzar la prevenci\u00f3n, dado que el 95% de los focos de <\/span>incendios son iniciados por descuido de las personas.<\/p>\n<p class=\"p1\"><span class=\"s1\">&#8211; No quemes basura y\/o restos de poda en terrenos abiertos o bald\u00edos.<\/span><\/p>\n<p class=\"p1\"><span class=\"s1\">&#8211; No arrojes colillas de cigarrillos<\/span><\/p>\n<p class=\"p1\"><span class=\"s1\">&#8211; No realices fogatas ni asados en lugares no autorizados<\/span><\/p>\n<p class=\"p1\"><span class=\"s1\">&#8211; No tires basura por fuera de contenedores: las botellas o vidrios pueden iniciar el <\/span>fuego, porque funcionan como lupa.<\/p>\n<p class=\"p1\"><span class=\"s1\">&#8211; Si ves humo o fuego, no te acerques y llam\u00e1 inmediatamente al 911<\/span><\/p>\n<p class=\"p1\"><span class=\"s1\">3- Extensi\u00f3n de la frontera del mosquito del dengue<\/span><\/p>\n<p class=\"p1\"><span class=\"s1\">A medida que el planeta se calienta debido al cambio clim\u00e1tico, el mosquito <\/span>transmisor del dengue y chikungu\u00f1a ampl\u00eda su \u00e1rea de supervivencia.<\/p>\n<p class=\"p1\"><span class=\"s1\">Durante La Ni\u00f1a, se espera que las olas de calor seguidas de lluvias cortas generen <\/span>las condiciones favorables para que los mosquitos transmisores de la enfermedad <span class=\"s1\">se propaguen por toda la provincia.<\/span><\/p>\n<p class=\"p1\"><span class=\"s1\">El dengue grave puede manifestarse de formas variadas en los pacientes, que van <\/span>desde hemorragias intensas o da\u00f1os severos en \u00f3rganos vitales que pueden desembocar en complicaciones como miocarditis, encefalitis o hepatitis.<\/p>\n<p class=\"p1\"><span class=\"s1\">Ante este panorama, los expertos indican que hay dos caminos que deben seguirse <\/span>para poder erradicar la enfermedad: eliminar las condiciones donde el mosquito se reproduce, utilizar repelentes a diario y aplicarse la vacuna contra la enfermedad.<\/p>\n<p class=\"p1\"><span class=\"s1\">Retirar baldes, macetas, frascos y floreros que acumulen agua y mantener los <\/span>terrenos libres de basura y pastizales es la primera medida para evitar que el mosquito se reproduzca.<\/p>\n<p class=\"p1\"><span class=\"s1\">Utilizar ropa de mangas y piernas largas, cubrir las camas y cochecitos de ni\u00f1os con <\/span>tules y usar repelentes a diario es otra medida eficaz de prevenci\u00f3n.<\/p>\n<p class=\"p1\"><span class=\"s1\">En cuanto a la vacunaci\u00f3n, la provincia comenz\u00f3 con una fuerte campa\u00f1a para <\/span>j\u00f3venes de entre 15 a 19 a\u00f1os que vivan en el Valle Central y para personas de entre 40 y 59 a\u00f1os, que no cuenten con cobertura m\u00e9dica, y se encuentren en otros departamentos de la provincia.<\/p>\n<p class=\"p1\"><span class=\"s1\">4- Cortes en el suministro por altas temperaturas<\/span><\/p>\n<p class=\"p1\"><span class=\"s1\">Las altas temperaturas que se avecinan generar\u00e1n un consumo de energ\u00eda el\u00e9ctrica<\/span><\/p>\n<p class=\"p1\"><span class=\"s1\">por encima del esperado. La falta de lluvias, seg\u00fan los especialistas, afectar\u00e1 la <\/span>producci\u00f3n hidroel\u00e9ctrica debido a la sequ\u00eda.Un informe publicado por la Compa\u00f1\u00eda Administradora del Mercado Mayorista El\u00e9ctrico (Cammesa) alert\u00f3 de la situaci\u00f3n y se\u00f1al\u00f3 que el total de energ\u00eda producida localmente y las importaciones desde pa\u00edses vecinos no alcanzar\u00e1 para abastecer el pico de demanda que se espera durante el per\u00edodo de enero-marzo 2025.<\/p>\n<p class=\"p1\"><span class=\"s1\">En este contexto, es importante tomar medidas para el ahorro energ\u00e9tico, como <\/span>cambiar todas las luminarias a l\u00e1mparas LED, utilizar el lavarropas solo en programas de agua fr\u00eda y en modo econ\u00f3mico y desenchufar electrodom\u00e9sticos, computadoras o cargadores cuando no est\u00e9n en uso.<\/p>\n","protected":false},"excerpt":{"rendered":"<p>El clima est\u00e1 cambiando a nivel global, y en Catamarca, la llegada del fen\u00f3meno de La Ni\u00f1a ya anticipa varios problemas para tener en cuenta y prepararse. \u201cLa Ni\u00f1a\u201d es un fen\u00f3meno atmosf\u00e9rico que enfr\u00eda las aguas del oc\u00e9ano Pac\u00edfico, generando cambios en el clima, en todo el mundo. Para el Cono Sur, especialmente Am\u00e9rica [&hellip;]<\/p>\n","protected":false},"author":2,"featured_media":2465,"comment_status":"open","ping_status":"open","sticky":false,"template":"","format":"standard","meta":{"footnotes":""},"categories":[23,20],"tags":[40,39],"class_list":{"0":"post-2464","1":"post","2":"type-post","3":"status-publish","4":"format-standard","5":"has-post-thumbnail","7":"category-destacados","8":"category-sociedad","9":"tag-catamarca","10":"tag-la-nina"},"aioseo_notices":[],"aioseo_head":"\n\t\t<!-- All in One SEO 5.0.0.1 - aioseo.com -->\n\t<meta name=\"description\" content=\"El clima est\u00e1 cambiando a nivel global, y en Catamarca, la llegada del fen\u00f3meno de La Ni\u00f1a ya anticipa varios problemas para tener en cuenta y prepararse.\" \/>\n\t<meta name=\"robots\" content=\"max-image-preview:large\" \/>\n\t<meta name=\"author\" content=\"El Faro Online\"\/>\n\t<link rel=\"canonical\" href=\"https:\/\/elfaroonline.com.ar\/index.php\/2024\/10\/01\/la-nina-conoce-el-fenomeno-nacido-de-la-crisis-climatica-y-como-afectara-a-catamarca\/\" \/>\n\t<meta name=\"generator\" content=\"All in One SEO (AIOSEO) 5.0.0.1\" \/>\n\t\t<meta property=\"og:locale\" content=\"es_ES\" \/>\n\t\t<meta property=\"og:site_name\" content=\"elfaroonline.com.ar -\" \/>\n\t\t<meta property=\"og:type\" content=\"article\" \/>\n\t\t<meta property=\"og:title\" content=\"La Ni\u00f1a: Conoc\u00e9 el fen\u00f3meno nacido de la crisis clim\u00e1tica y c\u00f3mo afectar\u00e1 a Catamarca\" \/>\n\t\t<meta property=\"og:description\" content=\"El clima est\u00e1 cambiando a nivel global, y en Catamarca, la llegada del fen\u00f3meno de La Ni\u00f1a ya anticipa varios problemas para tener en cuenta y prepararse.\" \/>\n\t\t<meta property=\"og:url\" content=\"https:\/\/elfaroonline.com.ar\/index.php\/2024\/10\/01\/la-nina-conoce-el-fenomeno-nacido-de-la-crisis-climatica-y-como-afectara-a-catamarca\/\" \/>\n\t\t<meta property=\"article:published_time\" content=\"2024-10-01T20:52:59+00:00\" \/>\n\t\t<meta property=\"article:modified_time\" content=\"2024-10-01T20:52:59+00:00\" \/>\n\t\t<meta name=\"twitter:card\" content=\"summary_large_image\" \/>\n\t\t<meta name=\"twitter:title\" content=\"La Ni\u00f1a: Conoc\u00e9 el fen\u00f3meno nacido de la crisis clim\u00e1tica y c\u00f3mo afectar\u00e1 a Catamarca\" \/>\n\t\t<meta name=\"twitter:description\" content=\"El clima est\u00e1 cambiando a nivel global, y en Catamarca, la llegada del fen\u00f3meno de La Ni\u00f1a ya anticipa varios problemas para tener en cuenta y prepararse.\" \/>\n\t\t<script type=\"application\/ld+json\" class=\"aioseo-schema\">\n\t\t\t{\"@context\":\"https:\\\/\\\/schema.org\",\"@graph\":[{\"@type\":\"BlogPosting\",\"@id\":\"https:\\\/\\\/elfaroonline.com.ar\\\/index.php\\\/2024\\\/10\\\/01\\\/la-nina-conoce-el-fenomeno-nacido-de-la-crisis-climatica-y-como-afectara-a-catamarca\\\/#blogposting\",\"name\":\"La Ni\\u00f1a: Conoc\\u00e9 el fen\\u00f3meno nacido de la crisis clim\\u00e1tica y c\\u00f3mo afectar\\u00e1 a Catamarca\",\"headline\":\"La Ni\\u00f1a: Conoc\\u00e9 el fen\\u00f3meno nacido de la crisis clim\\u00e1tica y c\\u00f3mo afectar\\u00e1 a Catamarca\",\"author\":{\"@id\":\"https:\\\/\\\/elfaroonline.com.ar\\\/index.php\\\/author\\\/elfaro\\\/#author\"},\"publisher\":{\"@id\":\"https:\\\/\\\/elfaroonline.com.ar\\\/#organization\"},\"image\":{\"@type\":\"ImageObject\",\"url\":\"https:\\\/\\\/elfaroonline.com.ar\\\/wp-content\\\/uploads\\\/2024\\\/10\\\/IMG_6416.jpeg\",\"width\":830,\"height\":584},\"datePublished\":\"2024-10-01T17:52:59-03:00\",\"dateModified\":\"2024-10-01T17:52:59-03:00\",\"inLanguage\":\"es-AR\",\"mainEntityOfPage\":{\"@id\":\"https:\\\/\\\/elfaroonline.com.ar\\\/index.php\\\/2024\\\/10\\\/01\\\/la-nina-conoce-el-fenomeno-nacido-de-la-crisis-climatica-y-como-afectara-a-catamarca\\\/#webpage\"},\"isPartOf\":{\"@id\":\"https:\\\/\\\/elfaroonline.com.ar\\\/index.php\\\/2024\\\/10\\\/01\\\/la-nina-conoce-el-fenomeno-nacido-de-la-crisis-climatica-y-como-afectara-a-catamarca\\\/#webpage\"},\"articleSection\":\"Destacados, Sociedad, Catamarca, La Ni\\u00f1a\"},{\"@type\":\"BreadcrumbList\",\"@id\":\"https:\\\/\\\/elfaroonline.com.ar\\\/index.php\\\/2024\\\/10\\\/01\\\/la-nina-conoce-el-fenomeno-nacido-de-la-crisis-climatica-y-como-afectara-a-catamarca\\\/#breadcrumblist\",\"itemListElement\":[{\"@type\":\"ListItem\",\"@id\":\"https:\\\/\\\/elfaroonline.com.ar#listItem\",\"position\":1,\"name\":\"Home\",\"item\":\"https:\\\/\\\/elfaroonline.com.ar\",\"nextItem\":{\"@type\":\"ListItem\",\"@id\":\"https:\\\/\\\/elfaroonline.com.ar\\\/index.php\\\/category\\\/sociedad\\\/#listItem\",\"name\":\"Sociedad\"}},{\"@type\":\"ListItem\",\"@id\":\"https:\\\/\\\/elfaroonline.com.ar\\\/index.php\\\/category\\\/sociedad\\\/#listItem\",\"position\":2,\"name\":\"Sociedad\",\"item\":\"https:\\\/\\\/elfaroonline.com.ar\\\/index.php\\\/category\\\/sociedad\\\/\",\"nextItem\":{\"@type\":\"ListItem\",\"@id\":\"https:\\\/\\\/elfaroonline.com.ar\\\/index.php\\\/2024\\\/10\\\/01\\\/la-nina-conoce-el-fenomeno-nacido-de-la-crisis-climatica-y-como-afectara-a-catamarca\\\/#listItem\",\"name\":\"La Ni\\u00f1a: Conoc\\u00e9 el fen\\u00f3meno nacido de la crisis clim\\u00e1tica y c\\u00f3mo afectar\\u00e1 a Catamarca\"},\"previousItem\":{\"@type\":\"ListItem\",\"@id\":\"https:\\\/\\\/elfaroonline.com.ar#listItem\",\"name\":\"Home\"}},{\"@type\":\"ListItem\",\"@id\":\"https:\\\/\\\/elfaroonline.com.ar\\\/index.php\\\/2024\\\/10\\\/01\\\/la-nina-conoce-el-fenomeno-nacido-de-la-crisis-climatica-y-como-afectara-a-catamarca\\\/#listItem\",\"position\":3,\"name\":\"La Ni\\u00f1a: Conoc\\u00e9 el fen\\u00f3meno nacido de la crisis clim\\u00e1tica y c\\u00f3mo afectar\\u00e1 a Catamarca\",\"previousItem\":{\"@type\":\"ListItem\",\"@id\":\"https:\\\/\\\/elfaroonline.com.ar\\\/index.php\\\/category\\\/sociedad\\\/#listItem\",\"name\":\"Sociedad\"}}]},{\"@type\":\"Organization\",\"@id\":\"https:\\\/\\\/elfaroonline.com.ar\\\/#organization\",\"name\":\"elfaroonline.com.ar\",\"url\":\"https:\\\/\\\/elfaroonline.com.ar\\\/\"},{\"@type\":\"Person\",\"@id\":\"https:\\\/\\\/elfaroonline.com.ar\\\/index.php\\\/author\\\/elfaro\\\/#author\",\"url\":\"https:\\\/\\\/elfaroonline.com.ar\\\/index.php\\\/author\\\/elfaro\\\/\",\"name\":\"El Faro Online\",\"image\":{\"@type\":\"ImageObject\",\"@id\":\"https:\\\/\\\/elfaroonline.com.ar\\\/index.php\\\/2024\\\/10\\\/01\\\/la-nina-conoce-el-fenomeno-nacido-de-la-crisis-climatica-y-como-afectara-a-catamarca\\\/#authorImage\",\"url\":\"https:\\\/\\\/secure.gravatar.com\\\/avatar\\\/97dc46c3711deda1040382679fc31e66bb0f67b30b6dec3feea788d18888f5f7?s=96&d=mm&r=g\",\"width\":96,\"height\":96,\"caption\":\"El Faro Online\"}},{\"@type\":\"WebPage\",\"@id\":\"https:\\\/\\\/elfaroonline.com.ar\\\/index.php\\\/2024\\\/10\\\/01\\\/la-nina-conoce-el-fenomeno-nacido-de-la-crisis-climatica-y-como-afectara-a-catamarca\\\/#webpage\",\"url\":\"https:\\\/\\\/elfaroonline.com.ar\\\/index.php\\\/2024\\\/10\\\/01\\\/la-nina-conoce-el-fenomeno-nacido-de-la-crisis-climatica-y-como-afectara-a-catamarca\\\/\",\"name\":\"La Ni\\u00f1a: Conoc\\u00e9 el fen\\u00f3meno nacido de la crisis clim\\u00e1tica y c\\u00f3mo afectar\\u00e1 a Catamarca\",\"description\":\"El clima est\\u00e1 cambiando a nivel global, y en Catamarca, la llegada del fen\\u00f3meno de La Ni\\u00f1a ya anticipa varios problemas para tener en cuenta y prepararse.\",\"inLanguage\":\"es-AR\",\"isPartOf\":{\"@id\":\"https:\\\/\\\/elfaroonline.com.ar\\\/#website\"},\"breadcrumb\":{\"@id\":\"https:\\\/\\\/elfaroonline.com.ar\\\/index.php\\\/2024\\\/10\\\/01\\\/la-nina-conoce-el-fenomeno-nacido-de-la-crisis-climatica-y-como-afectara-a-catamarca\\\/#breadcrumblist\"},\"author\":{\"@id\":\"https:\\\/\\\/elfaroonline.com.ar\\\/index.php\\\/author\\\/elfaro\\\/#author\"},\"creator\":{\"@id\":\"https:\\\/\\\/elfaroonline.com.ar\\\/index.php\\\/author\\\/elfaro\\\/#author\"},\"image\":{\"@type\":\"ImageObject\",\"url\":\"https:\\\/\\\/elfaroonline.com.ar\\\/wp-content\\\/uploads\\\/2024\\\/10\\\/IMG_6416.jpeg\",\"@id\":\"https:\\\/\\\/elfaroonline.com.ar\\\/index.php\\\/2024\\\/10\\\/01\\\/la-nina-conoce-el-fenomeno-nacido-de-la-crisis-climatica-y-como-afectara-a-catamarca\\\/#mainImage\",\"width\":830,\"height\":584},\"primaryImageOfPage\":{\"@id\":\"https:\\\/\\\/elfaroonline.com.ar\\\/index.php\\\/2024\\\/10\\\/01\\\/la-nina-conoce-el-fenomeno-nacido-de-la-crisis-climatica-y-como-afectara-a-catamarca\\\/#mainImage\"},\"datePublished\":\"2024-10-01T17:52:59-03:00\",\"dateModified\":\"2024-10-01T17:52:59-03:00\"},{\"@type\":\"WebSite\",\"@id\":\"https:\\\/\\\/elfaroonline.com.ar\\\/#website\",\"url\":\"https:\\\/\\\/elfaroonline.com.ar\\\/\",\"name\":\"elfaroonline.com.ar\",\"inLanguage\":\"es-AR\",\"publisher\":{\"@id\":\"https:\\\/\\\/elfaroonline.com.ar\\\/#organization\"}}]}\n\t\t<\/script>\n\t\t<!-- All in One SEO -->\n\n","aioseo_head_json":{"title":"La Ni\u00f1a: Conoc\u00e9 el fen\u00f3meno nacido de la crisis clim\u00e1tica y c\u00f3mo afectar\u00e1 a Catamarca","description":"El clima est\u00e1 cambiando a nivel global, y en Catamarca, la llegada del fen\u00f3meno de La Ni\u00f1a ya anticipa varios problemas para tener en cuenta y prepararse.","canonical_url":"https:\/\/elfaroonline.com.ar\/index.php\/2024\/10\/01\/la-nina-conoce-el-fenomeno-nacido-de-la-crisis-climatica-y-como-afectara-a-catamarca\/","robots":"max-image-preview:large","keywords":"","webmasterTools":{"miscellaneous":""},"schema":{"@context":"https:\/\/schema.org","@graph":[{"@type":"BlogPosting","@id":"https:\/\/elfaroonline.com.ar\/index.php\/2024\/10\/01\/la-nina-conoce-el-fenomeno-nacido-de-la-crisis-climatica-y-como-afectara-a-catamarca\/#blogposting","name":"La Ni\u00f1a: Conoc\u00e9 el fen\u00f3meno nacido de la crisis clim\u00e1tica y c\u00f3mo afectar\u00e1 a Catamarca","headline":"La Ni\u00f1a: Conoc\u00e9 el fen\u00f3meno nacido de la crisis clim\u00e1tica y c\u00f3mo afectar\u00e1 a Catamarca","author":{"@id":"https:\/\/elfaroonline.com.ar\/index.php\/author\/elfaro\/#author"},"publisher":{"@id":"https:\/\/elfaroonline.com.ar\/#organization"},"image":{"@type":"ImageObject","url":"https:\/\/elfaroonline.com.ar\/wp-content\/uploads\/2024\/10\/IMG_6416.jpeg","width":830,"height":584},"datePublished":"2024-10-01T17:52:59-03:00","dateModified":"2024-10-01T17:52:59-03:00","inLanguage":"es-AR","mainEntityOfPage":{"@id":"https:\/\/elfaroonline.com.ar\/index.php\/2024\/10\/01\/la-nina-conoce-el-fenomeno-nacido-de-la-crisis-climatica-y-como-afectara-a-catamarca\/#webpage"},"isPartOf":{"@id":"https:\/\/elfaroonline.com.ar\/index.php\/2024\/10\/01\/la-nina-conoce-el-fenomeno-nacido-de-la-crisis-climatica-y-como-afectara-a-catamarca\/#webpage"},"articleSection":"Destacados, Sociedad, Catamarca, La Ni\u00f1a"},{"@type":"BreadcrumbList","@id":"https:\/\/elfaroonline.com.ar\/index.php\/2024\/10\/01\/la-nina-conoce-el-fenomeno-nacido-de-la-crisis-climatica-y-como-afectara-a-catamarca\/#breadcrumblist","itemListElement":[{"@type":"ListItem","@id":"https:\/\/elfaroonline.com.ar#listItem","position":1,"name":"Home","item":"https:\/\/elfaroonline.com.ar","nextItem":{"@type":"ListItem","@id":"https:\/\/elfaroonline.com.ar\/index.php\/category\/sociedad\/#listItem","name":"Sociedad"}},{"@type":"ListItem","@id":"https:\/\/elfaroonline.com.ar\/index.php\/category\/sociedad\/#listItem","position":2,"name":"Sociedad","item":"https:\/\/elfaroonline.com.ar\/index.php\/category\/sociedad\/","nextItem":{"@type":"ListItem","@id":"https:\/\/elfaroonline.com.ar\/index.php\/2024\/10\/01\/la-nina-conoce-el-fenomeno-nacido-de-la-crisis-climatica-y-como-afectara-a-catamarca\/#listItem","name":"La Ni\u00f1a: Conoc\u00e9 el fen\u00f3meno nacido de la crisis clim\u00e1tica y c\u00f3mo afectar\u00e1 a Catamarca"},"previousItem":{"@type":"ListItem","@id":"https:\/\/elfaroonline.com.ar#listItem","name":"Home"}},{"@type":"ListItem","@id":"https:\/\/elfaroonline.com.ar\/index.php\/2024\/10\/01\/la-nina-conoce-el-fenomeno-nacido-de-la-crisis-climatica-y-como-afectara-a-catamarca\/#listItem","position":3,"name":"La Ni\u00f1a: Conoc\u00e9 el fen\u00f3meno nacido de la crisis clim\u00e1tica y c\u00f3mo afectar\u00e1 a Catamarca","previousItem":{"@type":"ListItem","@id":"https:\/\/elfaroonline.com.ar\/index.php\/category\/sociedad\/#listItem","name":"Sociedad"}}]},{"@type":"Organization","@id":"https:\/\/elfaroonline.com.ar\/#organization","name":"elfaroonline.com.ar","url":"https:\/\/elfaroonline.com.ar\/"},{"@type":"Person","@id":"https:\/\/elfaroonline.com.ar\/index.php\/author\/elfaro\/#author","url":"https:\/\/elfaroonline.com.ar\/index.php\/author\/elfaro\/","name":"El Faro Online","image":{"@type":"ImageObject","@id":"https:\/\/elfaroonline.com.ar\/index.php\/2024\/10\/01\/la-nina-conoce-el-fenomeno-nacido-de-la-crisis-climatica-y-como-afectara-a-catamarca\/#authorImage","url":"https:\/\/secure.gravatar.com\/avatar\/97dc46c3711deda1040382679fc31e66bb0f67b30b6dec3feea788d18888f5f7?s=96&d=mm&r=g","width":96,"height":96,"caption":"El Faro Online"}},{"@type":"WebPage","@id":"https:\/\/elfaroonline.com.ar\/index.php\/2024\/10\/01\/la-nina-conoce-el-fenomeno-nacido-de-la-crisis-climatica-y-como-afectara-a-catamarca\/#webpage","url":"https:\/\/elfaroonline.com.ar\/index.php\/2024\/10\/01\/la-nina-conoce-el-fenomeno-nacido-de-la-crisis-climatica-y-como-afectara-a-catamarca\/","name":"La Ni\u00f1a: Conoc\u00e9 el fen\u00f3meno nacido de la crisis clim\u00e1tica y c\u00f3mo afectar\u00e1 a Catamarca","description":"El clima est\u00e1 cambiando a nivel global, y en Catamarca, la llegada del fen\u00f3meno de La Ni\u00f1a ya anticipa varios problemas para tener en cuenta y prepararse.","inLanguage":"es-AR","isPartOf":{"@id":"https:\/\/elfaroonline.com.ar\/#website"},"breadcrumb":{"@id":"https:\/\/elfaroonline.com.ar\/index.php\/2024\/10\/01\/la-nina-conoce-el-fenomeno-nacido-de-la-crisis-climatica-y-como-afectara-a-catamarca\/#breadcrumblist"},"author":{"@id":"https:\/\/elfaroonline.com.ar\/index.php\/author\/elfaro\/#author"},"creator":{"@id":"https:\/\/elfaroonline.com.ar\/index.php\/author\/elfaro\/#author"},"image":{"@type":"ImageObject","url":"https:\/\/elfaroonline.com.ar\/wp-content\/uploads\/2024\/10\/IMG_6416.jpeg","@id":"https:\/\/elfaroonline.com.ar\/index.php\/2024\/10\/01\/la-nina-conoce-el-fenomeno-nacido-de-la-crisis-climatica-y-como-afectara-a-catamarca\/#mainImage","width":830,"height":584},"primaryImageOfPage":{"@id":"https:\/\/elfaroonline.com.ar\/index.php\/2024\/10\/01\/la-nina-conoce-el-fenomeno-nacido-de-la-crisis-climatica-y-como-afectara-a-catamarca\/#mainImage"},"datePublished":"2024-10-01T17:52:59-03:00","dateModified":"2024-10-01T17:52:59-03:00"},{"@type":"WebSite","@id":"https:\/\/elfaroonline.com.ar\/#website","url":"https:\/\/elfaroonline.com.ar\/","name":"elfaroonline.com.ar","inLanguage":"es-AR","publisher":{"@id":"https:\/\/elfaroonline.com.ar\/#organization"}}]},"og:locale":"es_ES","og:site_name":"elfaroonline.com.ar -","og:type":"article","og:title":"La Ni\u00f1a: Conoc\u00e9 el fen\u00f3meno nacido de la crisis clim\u00e1tica y c\u00f3mo afectar\u00e1 a Catamarca","og:description":"El clima est\u00e1 cambiando a nivel global, y en Catamarca, la llegada del fen\u00f3meno de La Ni\u00f1a ya anticipa varios problemas para tener en cuenta y prepararse.","og:url":"https:\/\/elfaroonline.com.ar\/index.php\/2024\/10\/01\/la-nina-conoce-el-fenomeno-nacido-de-la-crisis-climatica-y-como-afectara-a-catamarca\/","article:published_time":"2024-10-01T20:52:59+00:00","article:modified_time":"2024-10-01T20:52:59+00:00","twitter:card":"summary_large_image","twitter:title":"La Ni\u00f1a: Conoc\u00e9 el fen\u00f3meno nacido de la crisis clim\u00e1tica y c\u00f3mo afectar\u00e1 a Catamarca","twitter:description":"El clima est\u00e1 cambiando a nivel global, y en Catamarca, la llegada del fen\u00f3meno de La Ni\u00f1a ya anticipa varios problemas para tener en cuenta y prepararse."},"aioseo_meta_data":{"post_id":"2464","title":"La Ni\u00f1a: Conoc\u00e9 el fen\u00f3meno nacido de la crisis clim\u00e1tica y c\u00f3mo afectar\u00e1 a Catamarca","description":"El clima est\u00e1 cambiando a nivel global, y en Catamarca, la llegada del fen\u00f3meno de La Ni\u00f1a ya anticipa varios problemas para tener en cuenta y prepararse.","keywords":null,"keyphrases":{"focus":{"keyphrase":"","score":0,"analysis":{"keyphraseInTitle":{"score":0,"maxScore":9,"error":1}}},"additional":[]},"primary_term":null,"canonical_url":null,"og_title":null,"og_description":null,"og_object_type":"default","og_image_type":"default","og_image_url":null,"og_image_width":null,"og_image_height":null,"og_image_custom_url":null,"og_image_custom_fields":null,"og_video":"","og_custom_url":null,"og_article_section":null,"og_article_tags":null,"twitter_use_og":false,"twitter_card":"default","twitter_image_type":"default","twitter_image_url":null,"twitter_image_custom_url":null,"twitter_image_custom_fields":null,"twitter_title":null,"twitter_description":null,"schema":{"blockGraphs":[],"customGraphs":[],"default":{"data":{"Article":[],"Course":[],"Dataset":[],"FAQPage":[],"Movie":[],"Person":[],"Product":[],"ProductReview":[],"Car":[],"Recipe":[],"Service":[],"SoftwareApplication":[],"WebPage":[]},"graphName":"BlogPosting","isEnabled":true},"graphs":[]},"schema_type":"default","schema_type_options":null,"pillar_content":false,"robots_default":true,"robots_noindex":false,"robots_noarchive":false,"robots_nosnippet":false,"robots_nofollow":false,"robots_noimageindex":false,"robots_noodp":false,"robots_notranslate":false,"robots_max_snippet":"-1","robots_max_videopreview":"-1","robots_max_imagepreview":"large","priority":null,"frequency":"default","local_seo":null,"breadcrumb_settings":null,"limit_modified_date":false,"ai":null,"created":"2024-10-01 20:53:00","updated":"2025-07-15 23:32:18","seo_analyzer_scan_date":null,"focus_keyword":null,"additional_keywords":null,"truseo_locale":null},"aioseo_breadcrumb":"<div class=\"aioseo-breadcrumbs\"><span class=\"aioseo-breadcrumb\">\n\t\t\t<a href=\"https:\/\/elfaroonline.com.ar\" title=\"Home\">Home<\/a>\n\t\t<\/span><span class=\"aioseo-breadcrumb-separator\">&raquo;<\/span><span class=\"aioseo-breadcrumb\">\n\t\t\t<a href=\"https:\/\/elfaroonline.com.ar\/index.php\/category\/sociedad\/\" title=\"Sociedad\">Sociedad<\/a>\n\t\t<\/span><span class=\"aioseo-breadcrumb-separator\">&raquo;<\/span><span class=\"aioseo-breadcrumb\">\n\t\t\tLa Ni\u00f1a: Conoc\u00e9 el fen\u00f3meno nacido de la crisis clim\u00e1tica y c\u00f3mo afectar\u00e1 a Catamarca\n\t\t<\/span><\/div>","aioseo_breadcrumb_json":[{"label":"Home","link":"https:\/\/elfaroonline.com.ar"},{"label":"Sociedad","link":"https:\/\/elfaroonline.com.ar\/index.php\/category\/sociedad\/"},{"label":"La Ni\u00f1a: Conoc\u00e9 el fen\u00f3meno nacido de la crisis clim\u00e1tica y c\u00f3mo afectar\u00e1 a Catamarca","link":"https:\/\/elfaroonline.com.ar\/index.php\/2024\/10\/01\/la-nina-conoce-el-fenomeno-nacido-de-la-crisis-climatica-y-como-afectara-a-catamarca\/"}],"_links":{"self":[{"href":"https:\/\/elfaroonline.com.ar\/index.php\/wp-json\/wp\/v2\/posts\/2464","targetHints":{"allow":["GET"]}}],"collection":[{"href":"https:\/\/elfaroonline.com.ar\/index.php\/wp-json\/wp\/v2\/posts"}],"about":[{"href":"https:\/\/elfaroonline.com.ar\/index.php\/wp-json\/wp\/v2\/types\/post"}],"author":[{"embeddable":true,"href":"https:\/\/elfaroonline.com.ar\/index.php\/wp-json\/wp\/v2\/users\/2"}],"replies":[{"embeddable":true,"href":"https:\/\/elfaroonline.com.ar\/index.php\/wp-json\/wp\/v2\/comments?post=2464"}],"version-history":[{"count":1,"href":"https:\/\/elfaroonline.com.ar\/index.php\/wp-json\/wp\/v2\/posts\/2464\/revisions"}],"predecessor-version":[{"id":2466,"href":"https:\/\/elfaroonline.com.ar\/index.php\/wp-json\/wp\/v2\/posts\/2464\/revisions\/2466"}],"wp:featuredmedia":[{"embeddable":true,"href":"https:\/\/elfaroonline.com.ar\/index.php\/wp-json\/wp\/v2\/media\/2465"}],"wp:attachment":[{"href":"https:\/\/elfaroonline.com.ar\/index.php\/wp-json\/wp\/v2\/media?parent=2464"}],"wp:term":[{"taxonomy":"category","embeddable":true,"href":"https:\/\/elfaroonline.com.ar\/index.php\/wp-json\/wp\/v2\/categories?post=2464"},{"taxonomy":"post_tag","embeddable":true,"href":"https:\/\/elfaroonline.com.ar\/index.php\/wp-json\/wp\/v2\/tags?post=2464"}],"curies":[{"name":"wp","href":"https:\/\/api.w.org\/{rel}","templated":true}]}}