{"id":247,"date":"2024-04-13T10:12:18","date_gmt":"2024-04-13T13:12:18","guid":{"rendered":"https:\/\/elfaroonline.com.ar\/?p=247"},"modified":"2024-04-13T10:12:18","modified_gmt":"2024-04-13T13:12:18","slug":"intercambio-educativo-entre-atacama-y-catamarca","status":"publish","type":"post","link":"https:\/\/elfaroonline.com.ar\/index.php\/2024\/04\/13\/intercambio-educativo-entre-atacama-y-catamarca\/","title":{"rendered":"Intercambio educativo entre Atacama y Catamarca"},"content":{"rendered":"<p class=\"v1MsoNormal\"><span lang=\"es-419\">En el marco del Plenario del Comit\u00e9 de Integraci\u00f3n ATACALAR 2024, alumnas de las escuelas secundarias N\u00b086 y N\u00b017 de Fiambal\u00e1 formaron parte de la comitiva provincial que viaj\u00f3 a Chile, con el objetivo de realizar un intercambio educativo con instituciones del pa\u00eds vecino y participar en la Comisi\u00f3n de Educaci\u00f3n del plenario. Es la primera vez que estudiantes participan activamente en la comisi\u00f3n de un Comit\u00e9 de Integraci\u00f3n ATACALAR.<\/span><\/p>\n<p class=\"v1MsoNormal\"><span lang=\"es-419\">Junto a la subsecretaria de Inclusi\u00f3n en el Mundo Laboral del ministerio de Trabajo, Planificaci\u00f3n y Recursos Humanos, Natalia Arroyo Pacheco; el director provincial de Nivel Secundario, Juan Pablo N\u00fa\u00f1ez y el secretario regional ministerial de Educaci\u00f3n de Atacama, Pablo Selles Ferres, las alumnas visitaron dos de los colegios m\u00e1s importantes de Copiap\u00f3: el Liceo de M\u00fasica &#8220;Hugo Garrido Gaete&#8221; y el liceo &#8220;Jos\u00e9 Antonio Carvajal&#8221;.<\/span><\/p>\n<p class=\"v1MsoNormal\"><span lang=\"es-419\">Durante la visita, las estudiantes tuvieron la oportunidad de dialogar con directivos, docentes y alumnos de las instituciones, con quienes intercambiaron ideas y experiencias. <\/span><\/p>\n<p class=\"v1MsoNormal\"><span lang=\"es-419\">Por su parte, los funcionarios hablaron sobre los modelos educativos de los organismos, sus planes de estudio, cantidad de alumnos y la trayectoria que cumplen y en el caso particular de las escuelas de formaci\u00f3n profesional, comentaron sobre las diferentes etapas que los egresados atraviesan en su proceso de formaci\u00f3n para acceder al mundo laboral.<\/span><\/p>\n<p class=\"v1MsoNormal\"><span lang=\"es-419\">Las autoridades educativas coordinaron la participaci\u00f3n de la provincia Catamarca en las Olimpiadas de Matem\u00e1ticas, que se llevar\u00e1n a cabo en el mes de noviembre en el vecino pa\u00eds, y articularon acciones para replicar el intercambio de estudiantes chilenos en nuestra regi\u00f3n.<\/span><\/p>\n","protected":false},"excerpt":{"rendered":"<p>En el marco del Plenario del Comit\u00e9 de Integraci\u00f3n ATACALAR 2024, alumnas de las escuelas secundarias N\u00b086 y N\u00b017 de Fiambal\u00e1 formaron parte de la comitiva provincial que viaj\u00f3 a Chile, con el objetivo de realizar un intercambio educativo con instituciones del pa\u00eds vecino y participar en la Comisi\u00f3n de Educaci\u00f3n del plenario. Es la [&hellip;]<\/p>\n","protected":false},"author":2,"featured_media":248,"comment_status":"open","ping_status":"open","sticky":false,"template":"","format":"standard","meta":{"footnotes":""},"categories":[23],"tags":[],"class_list":{"0":"post-247","1":"post","2":"type-post","3":"status-publish","4":"format-standard","5":"has-post-thumbnail","7":"category-destacados"},"aioseo_notices":[],"_links":{"self":[{"href":"https:\/\/elfaroonline.com.ar\/index.php\/wp-json\/wp\/v2\/posts\/247","targetHints":{"allow":["GET"]}}],"collection":[{"href":"https:\/\/elfaroonline.com.ar\/index.php\/wp-json\/wp\/v2\/posts"}],"about":[{"href":"https:\/\/elfaroonline.com.ar\/index.php\/wp-json\/wp\/v2\/types\/post"}],"author":[{"embeddable":true,"href":"https:\/\/elfaroonline.com.ar\/index.php\/wp-json\/wp\/v2\/users\/2"}],"replies":[{"embeddable":true,"href":"https:\/\/elfaroonline.com.ar\/index.php\/wp-json\/wp\/v2\/comments?post=247"}],"version-history":[{"count":1,"href":"https:\/\/elfaroonline.com.ar\/index.php\/wp-json\/wp\/v2\/posts\/247\/revisions"}],"predecessor-version":[{"id":249,"href":"https:\/\/elfaroonline.com.ar\/index.php\/wp-json\/wp\/v2\/posts\/247\/revisions\/249"}],"wp:featuredmedia":[{"embeddable":true,"href":"https:\/\/elfaroonline.com.ar\/index.php\/wp-json\/wp\/v2\/media\/248"}],"wp:attachment":[{"href":"https:\/\/elfaroonline.com.ar\/index.php\/wp-json\/wp\/v2\/media?parent=247"}],"wp:term":[{"taxonomy":"category","embeddable":true,"href":"https:\/\/elfaroonline.com.ar\/index.php\/wp-json\/wp\/v2\/categories?post=247"},{"taxonomy":"post_tag","embeddable":true,"href":"https:\/\/elfaroonline.com.ar\/index.php\/wp-json\/wp\/v2\/tags?post=247"}],"curies":[{"name":"wp","href":"https:\/\/api.w.org\/{rel}","templated":true}]}}