{"id":2480,"date":"2024-10-03T08:08:53","date_gmt":"2024-10-03T11:08:53","guid":{"rendered":"https:\/\/elfaroonline.com.ar\/?p=2480"},"modified":"2024-10-03T08:08:53","modified_gmt":"2024-10-03T11:08:53","slug":"se-viene-la-2da-edicion-de-warmi-baila","status":"publish","type":"post","link":"https:\/\/elfaroonline.com.ar\/index.php\/2024\/10\/03\/se-viene-la-2da-edicion-de-warmi-baila\/","title":{"rendered":"Se viene la 2da edici\u00f3n de &#8220;Warmi Baila&#8221;"},"content":{"rendered":"<p class=\"v1MsoNormal\"><i>Encuentro de mujeres y diversidades por la resiliencia y la libertad.<\/i><\/p>\n<p class=\"v1MsoNormal\">Con el objetivo de promover la uni\u00f3n y la solidaridad entre las mujeres y diversidades, celebrar la vida y la resistencia en un ambiente de alegr\u00eda y esperanza, este s\u00e1bado 5 de octubre se realizar\u00e1 la 2da edici\u00f3n del &#8220;Warmi Baila&#8221;.<\/p>\n<p class=\"v1MsoNormal\">El evento tendr\u00e1 lugar en el Polideportivo Capital &#8220;Fray Mamerto Esqui\u00fa&#8221;, a partir de las 16:00 horas, y busca que, a trav\u00e9s de la danza, la m\u00fasica y el baile las participantes se enfoquen en la celebraci\u00f3n de los derechos conquistados.<\/p>\n<p class=\"v1MsoNormal\">&#8220;Queremos tener un espacio donde nos podamos encontrar desde otro lado. Es una forma de celebrar nuestros derechos conquistados&#8221;, destac\u00f3 la directora del Hogar, Paola Di Giacomo.<\/p>\n<p class=\"v1MsoNormal\">Adem\u00e1s, subray\u00f3 que el encuentro es una oportunidad para reforzar el compromiso de seguir ayudando a otras mujeres que se encuentran en situaciones vulnerables.<\/p>\n<p class=\"v1MsoNormal\">Bajo la \u00f3rbita del Ministerio de Gobierno, Justicia y Derechos Humanos, el Hogar de protecci\u00f3n integral para v\u00edctimas de violencias de g\u00e9neros ofrece alojamiento y apoyo a mujeres y sus hijos en situaci\u00f3n de vulnerabilidad. &#8220;Trabajamos bajo el marco de la Ley Provincial N\u00b05.434, y durante todo el a\u00f1o nos ocupamos de esta tem\u00e1tica. Sin embargo, con el Warmi Baila queremos encontrarnos desde otro lugar, desde la alegr\u00eda de bailar, de celebrar nuestras ilusiones, nuestras utop\u00edas, nuestros ideales y la libertad que hemos conquistado&#8221;, cerr\u00f3 Di Giacomo.<\/p>\n","protected":false},"excerpt":{"rendered":"<p>Encuentro de mujeres y diversidades por la resiliencia y la libertad. Con el objetivo de promover la uni\u00f3n y la solidaridad entre las mujeres y diversidades, celebrar la vida y la resistencia en un ambiente de alegr\u00eda y esperanza, este s\u00e1bado 5 de octubre se realizar\u00e1 la 2da edici\u00f3n del &#8220;Warmi Baila&#8221;. El evento tendr\u00e1 [&hellip;]<\/p>\n","protected":false},"author":2,"featured_media":2481,"comment_status":"open","ping_status":"open","sticky":false,"template":"","format":"standard","meta":{"footnotes":""},"categories":[20],"tags":[],"class_list":{"0":"post-2480","1":"post","2":"type-post","3":"status-publish","4":"format-standard","5":"has-post-thumbnail","7":"category-sociedad"},"aioseo_notices":[],"aioseo_head":"\n\t\t<!-- All in One SEO 5.0.0.1 - aioseo.com -->\n\t<meta name=\"description\" content=\"Encuentro de mujeres y diversidades por la resiliencia y la libertad.\" \/>\n\t<meta name=\"robots\" content=\"max-image-preview:large\" \/>\n\t<meta name=\"author\" content=\"El Faro Online\"\/>\n\t<link rel=\"canonical\" href=\"https:\/\/elfaroonline.com.ar\/index.php\/2024\/10\/03\/se-viene-la-2da-edicion-de-warmi-baila\/\" \/>\n\t<meta name=\"generator\" content=\"All in One SEO (AIOSEO) 5.0.0.1\" \/>\n\t\t<meta property=\"og:locale\" content=\"es_ES\" \/>\n\t\t<meta property=\"og:site_name\" content=\"elfaroonline.com.ar -\" \/>\n\t\t<meta property=\"og:type\" content=\"article\" \/>\n\t\t<meta property=\"og:title\" content=\"Se viene la 2da edici\u00f3n de &quot;Warmi Baila&quot;\" \/>\n\t\t<meta property=\"og:description\" content=\"Encuentro de mujeres y diversidades por la resiliencia y la libertad.\" \/>\n\t\t<meta property=\"og:url\" content=\"https:\/\/elfaroonline.com.ar\/index.php\/2024\/10\/03\/se-viene-la-2da-edicion-de-warmi-baila\/\" \/>\n\t\t<meta property=\"article:published_time\" content=\"2024-10-03T11:08:53+00:00\" \/>\n\t\t<meta property=\"article:modified_time\" content=\"2024-10-03T11:08:53+00:00\" \/>\n\t\t<meta name=\"twitter:card\" content=\"summary_large_image\" \/>\n\t\t<meta name=\"twitter:title\" content=\"Se viene la 2da edici\u00f3n de &quot;Warmi Baila&quot;\" \/>\n\t\t<meta name=\"twitter:description\" content=\"Encuentro de mujeres y diversidades por la resiliencia y la libertad.\" \/>\n\t\t<script type=\"application\/ld+json\" class=\"aioseo-schema\">\n\t\t\t{\"@context\":\"https:\\\/\\\/schema.org\",\"@graph\":[{\"@type\":\"BlogPosting\",\"@id\":\"https:\\\/\\\/elfaroonline.com.ar\\\/index.php\\\/2024\\\/10\\\/03\\\/se-viene-la-2da-edicion-de-warmi-baila\\\/#blogposting\",\"name\":\"Se viene la 2da edici\\u00f3n de \\\"Warmi Baila\\\"\",\"headline\":\"Se viene la 2da edici\\u00f3n de &#8220;Warmi Baila&#8221;\",\"author\":{\"@id\":\"https:\\\/\\\/elfaroonline.com.ar\\\/index.php\\\/author\\\/elfaro\\\/#author\"},\"publisher\":{\"@id\":\"https:\\\/\\\/elfaroonline.com.ar\\\/#organization\"},\"image\":{\"@type\":\"ImageObject\",\"url\":\"https:\\\/\\\/elfaroonline.com.ar\\\/wp-content\\\/uploads\\\/2024\\\/10\\\/Se-viene-la-2da-edicion-de-Warmi-Baila-1.jpeg\",\"width\":1599,\"height\":1066},\"datePublished\":\"2024-10-03T08:08:53-03:00\",\"dateModified\":\"2024-10-03T08:08:53-03:00\",\"inLanguage\":\"es-AR\",\"mainEntityOfPage\":{\"@id\":\"https:\\\/\\\/elfaroonline.com.ar\\\/index.php\\\/2024\\\/10\\\/03\\\/se-viene-la-2da-edicion-de-warmi-baila\\\/#webpage\"},\"isPartOf\":{\"@id\":\"https:\\\/\\\/elfaroonline.com.ar\\\/index.php\\\/2024\\\/10\\\/03\\\/se-viene-la-2da-edicion-de-warmi-baila\\\/#webpage\"},\"articleSection\":\"Sociedad\"},{\"@type\":\"BreadcrumbList\",\"@id\":\"https:\\\/\\\/elfaroonline.com.ar\\\/index.php\\\/2024\\\/10\\\/03\\\/se-viene-la-2da-edicion-de-warmi-baila\\\/#breadcrumblist\",\"itemListElement\":[{\"@type\":\"ListItem\",\"@id\":\"https:\\\/\\\/elfaroonline.com.ar#listItem\",\"position\":1,\"name\":\"Home\",\"item\":\"https:\\\/\\\/elfaroonline.com.ar\",\"nextItem\":{\"@type\":\"ListItem\",\"@id\":\"https:\\\/\\\/elfaroonline.com.ar\\\/index.php\\\/category\\\/sociedad\\\/#listItem\",\"name\":\"Sociedad\"}},{\"@type\":\"ListItem\",\"@id\":\"https:\\\/\\\/elfaroonline.com.ar\\\/index.php\\\/category\\\/sociedad\\\/#listItem\",\"position\":2,\"name\":\"Sociedad\",\"item\":\"https:\\\/\\\/elfaroonline.com.ar\\\/index.php\\\/category\\\/sociedad\\\/\",\"nextItem\":{\"@type\":\"ListItem\",\"@id\":\"https:\\\/\\\/elfaroonline.com.ar\\\/index.php\\\/2024\\\/10\\\/03\\\/se-viene-la-2da-edicion-de-warmi-baila\\\/#listItem\",\"name\":\"Se viene la 2da edici\\u00f3n de &#8220;Warmi Baila&#8221;\"},\"previousItem\":{\"@type\":\"ListItem\",\"@id\":\"https:\\\/\\\/elfaroonline.com.ar#listItem\",\"name\":\"Home\"}},{\"@type\":\"ListItem\",\"@id\":\"https:\\\/\\\/elfaroonline.com.ar\\\/index.php\\\/2024\\\/10\\\/03\\\/se-viene-la-2da-edicion-de-warmi-baila\\\/#listItem\",\"position\":3,\"name\":\"Se viene la 2da edici\\u00f3n de &#8220;Warmi Baila&#8221;\",\"previousItem\":{\"@type\":\"ListItem\",\"@id\":\"https:\\\/\\\/elfaroonline.com.ar\\\/index.php\\\/category\\\/sociedad\\\/#listItem\",\"name\":\"Sociedad\"}}]},{\"@type\":\"Organization\",\"@id\":\"https:\\\/\\\/elfaroonline.com.ar\\\/#organization\",\"name\":\"elfaroonline.com.ar\",\"url\":\"https:\\\/\\\/elfaroonline.com.ar\\\/\"},{\"@type\":\"Person\",\"@id\":\"https:\\\/\\\/elfaroonline.com.ar\\\/index.php\\\/author\\\/elfaro\\\/#author\",\"url\":\"https:\\\/\\\/elfaroonline.com.ar\\\/index.php\\\/author\\\/elfaro\\\/\",\"name\":\"El Faro Online\",\"image\":{\"@type\":\"ImageObject\",\"@id\":\"https:\\\/\\\/elfaroonline.com.ar\\\/index.php\\\/2024\\\/10\\\/03\\\/se-viene-la-2da-edicion-de-warmi-baila\\\/#authorImage\",\"url\":\"https:\\\/\\\/secure.gravatar.com\\\/avatar\\\/97dc46c3711deda1040382679fc31e66bb0f67b30b6dec3feea788d18888f5f7?s=96&d=mm&r=g\",\"width\":96,\"height\":96,\"caption\":\"El Faro Online\"}},{\"@type\":\"WebPage\",\"@id\":\"https:\\\/\\\/elfaroonline.com.ar\\\/index.php\\\/2024\\\/10\\\/03\\\/se-viene-la-2da-edicion-de-warmi-baila\\\/#webpage\",\"url\":\"https:\\\/\\\/elfaroonline.com.ar\\\/index.php\\\/2024\\\/10\\\/03\\\/se-viene-la-2da-edicion-de-warmi-baila\\\/\",\"name\":\"Se viene la 2da edici\\u00f3n de \\\"Warmi Baila\\\"\",\"description\":\"Encuentro de mujeres y diversidades por la resiliencia y la libertad.\",\"inLanguage\":\"es-AR\",\"isPartOf\":{\"@id\":\"https:\\\/\\\/elfaroonline.com.ar\\\/#website\"},\"breadcrumb\":{\"@id\":\"https:\\\/\\\/elfaroonline.com.ar\\\/index.php\\\/2024\\\/10\\\/03\\\/se-viene-la-2da-edicion-de-warmi-baila\\\/#breadcrumblist\"},\"author\":{\"@id\":\"https:\\\/\\\/elfaroonline.com.ar\\\/index.php\\\/author\\\/elfaro\\\/#author\"},\"creator\":{\"@id\":\"https:\\\/\\\/elfaroonline.com.ar\\\/index.php\\\/author\\\/elfaro\\\/#author\"},\"image\":{\"@type\":\"ImageObject\",\"url\":\"https:\\\/\\\/elfaroonline.com.ar\\\/wp-content\\\/uploads\\\/2024\\\/10\\\/Se-viene-la-2da-edicion-de-Warmi-Baila-1.jpeg\",\"@id\":\"https:\\\/\\\/elfaroonline.com.ar\\\/index.php\\\/2024\\\/10\\\/03\\\/se-viene-la-2da-edicion-de-warmi-baila\\\/#mainImage\",\"width\":1599,\"height\":1066},\"primaryImageOfPage\":{\"@id\":\"https:\\\/\\\/elfaroonline.com.ar\\\/index.php\\\/2024\\\/10\\\/03\\\/se-viene-la-2da-edicion-de-warmi-baila\\\/#mainImage\"},\"datePublished\":\"2024-10-03T08:08:53-03:00\",\"dateModified\":\"2024-10-03T08:08:53-03:00\"},{\"@type\":\"WebSite\",\"@id\":\"https:\\\/\\\/elfaroonline.com.ar\\\/#website\",\"url\":\"https:\\\/\\\/elfaroonline.com.ar\\\/\",\"name\":\"elfaroonline.com.ar\",\"inLanguage\":\"es-AR\",\"publisher\":{\"@id\":\"https:\\\/\\\/elfaroonline.com.ar\\\/#organization\"}}]}\n\t\t<\/script>\n\t\t<!-- All in One SEO -->\n\n","aioseo_head_json":{"title":"Se viene la 2da edici\u00f3n de \"Warmi Baila\"","description":"Encuentro de mujeres y diversidades por la resiliencia y la libertad.","canonical_url":"https:\/\/elfaroonline.com.ar\/index.php\/2024\/10\/03\/se-viene-la-2da-edicion-de-warmi-baila\/","robots":"max-image-preview:large","keywords":"","webmasterTools":{"miscellaneous":""},"schema":{"@context":"https:\/\/schema.org","@graph":[{"@type":"BlogPosting","@id":"https:\/\/elfaroonline.com.ar\/index.php\/2024\/10\/03\/se-viene-la-2da-edicion-de-warmi-baila\/#blogposting","name":"Se viene la 2da edici\u00f3n de \"Warmi Baila\"","headline":"Se viene la 2da edici\u00f3n de &#8220;Warmi Baila&#8221;","author":{"@id":"https:\/\/elfaroonline.com.ar\/index.php\/author\/elfaro\/#author"},"publisher":{"@id":"https:\/\/elfaroonline.com.ar\/#organization"},"image":{"@type":"ImageObject","url":"https:\/\/elfaroonline.com.ar\/wp-content\/uploads\/2024\/10\/Se-viene-la-2da-edicion-de-Warmi-Baila-1.jpeg","width":1599,"height":1066},"datePublished":"2024-10-03T08:08:53-03:00","dateModified":"2024-10-03T08:08:53-03:00","inLanguage":"es-AR","mainEntityOfPage":{"@id":"https:\/\/elfaroonline.com.ar\/index.php\/2024\/10\/03\/se-viene-la-2da-edicion-de-warmi-baila\/#webpage"},"isPartOf":{"@id":"https:\/\/elfaroonline.com.ar\/index.php\/2024\/10\/03\/se-viene-la-2da-edicion-de-warmi-baila\/#webpage"},"articleSection":"Sociedad"},{"@type":"BreadcrumbList","@id":"https:\/\/elfaroonline.com.ar\/index.php\/2024\/10\/03\/se-viene-la-2da-edicion-de-warmi-baila\/#breadcrumblist","itemListElement":[{"@type":"ListItem","@id":"https:\/\/elfaroonline.com.ar#listItem","position":1,"name":"Home","item":"https:\/\/elfaroonline.com.ar","nextItem":{"@type":"ListItem","@id":"https:\/\/elfaroonline.com.ar\/index.php\/category\/sociedad\/#listItem","name":"Sociedad"}},{"@type":"ListItem","@id":"https:\/\/elfaroonline.com.ar\/index.php\/category\/sociedad\/#listItem","position":2,"name":"Sociedad","item":"https:\/\/elfaroonline.com.ar\/index.php\/category\/sociedad\/","nextItem":{"@type":"ListItem","@id":"https:\/\/elfaroonline.com.ar\/index.php\/2024\/10\/03\/se-viene-la-2da-edicion-de-warmi-baila\/#listItem","name":"Se viene la 2da edici\u00f3n de &#8220;Warmi Baila&#8221;"},"previousItem":{"@type":"ListItem","@id":"https:\/\/elfaroonline.com.ar#listItem","name":"Home"}},{"@type":"ListItem","@id":"https:\/\/elfaroonline.com.ar\/index.php\/2024\/10\/03\/se-viene-la-2da-edicion-de-warmi-baila\/#listItem","position":3,"name":"Se viene la 2da edici\u00f3n de &#8220;Warmi Baila&#8221;","previousItem":{"@type":"ListItem","@id":"https:\/\/elfaroonline.com.ar\/index.php\/category\/sociedad\/#listItem","name":"Sociedad"}}]},{"@type":"Organization","@id":"https:\/\/elfaroonline.com.ar\/#organization","name":"elfaroonline.com.ar","url":"https:\/\/elfaroonline.com.ar\/"},{"@type":"Person","@id":"https:\/\/elfaroonline.com.ar\/index.php\/author\/elfaro\/#author","url":"https:\/\/elfaroonline.com.ar\/index.php\/author\/elfaro\/","name":"El Faro Online","image":{"@type":"ImageObject","@id":"https:\/\/elfaroonline.com.ar\/index.php\/2024\/10\/03\/se-viene-la-2da-edicion-de-warmi-baila\/#authorImage","url":"https:\/\/secure.gravatar.com\/avatar\/97dc46c3711deda1040382679fc31e66bb0f67b30b6dec3feea788d18888f5f7?s=96&d=mm&r=g","width":96,"height":96,"caption":"El Faro Online"}},{"@type":"WebPage","@id":"https:\/\/elfaroonline.com.ar\/index.php\/2024\/10\/03\/se-viene-la-2da-edicion-de-warmi-baila\/#webpage","url":"https:\/\/elfaroonline.com.ar\/index.php\/2024\/10\/03\/se-viene-la-2da-edicion-de-warmi-baila\/","name":"Se viene la 2da edici\u00f3n de \"Warmi Baila\"","description":"Encuentro de mujeres y diversidades por la resiliencia y la libertad.","inLanguage":"es-AR","isPartOf":{"@id":"https:\/\/elfaroonline.com.ar\/#website"},"breadcrumb":{"@id":"https:\/\/elfaroonline.com.ar\/index.php\/2024\/10\/03\/se-viene-la-2da-edicion-de-warmi-baila\/#breadcrumblist"},"author":{"@id":"https:\/\/elfaroonline.com.ar\/index.php\/author\/elfaro\/#author"},"creator":{"@id":"https:\/\/elfaroonline.com.ar\/index.php\/author\/elfaro\/#author"},"image":{"@type":"ImageObject","url":"https:\/\/elfaroonline.com.ar\/wp-content\/uploads\/2024\/10\/Se-viene-la-2da-edicion-de-Warmi-Baila-1.jpeg","@id":"https:\/\/elfaroonline.com.ar\/index.php\/2024\/10\/03\/se-viene-la-2da-edicion-de-warmi-baila\/#mainImage","width":1599,"height":1066},"primaryImageOfPage":{"@id":"https:\/\/elfaroonline.com.ar\/index.php\/2024\/10\/03\/se-viene-la-2da-edicion-de-warmi-baila\/#mainImage"},"datePublished":"2024-10-03T08:08:53-03:00","dateModified":"2024-10-03T08:08:53-03:00"},{"@type":"WebSite","@id":"https:\/\/elfaroonline.com.ar\/#website","url":"https:\/\/elfaroonline.com.ar\/","name":"elfaroonline.com.ar","inLanguage":"es-AR","publisher":{"@id":"https:\/\/elfaroonline.com.ar\/#organization"}}]},"og:locale":"es_ES","og:site_name":"elfaroonline.com.ar -","og:type":"article","og:title":"Se viene la 2da edici\u00f3n de &quot;Warmi Baila&quot;","og:description":"Encuentro de mujeres y diversidades por la resiliencia y la libertad.","og:url":"https:\/\/elfaroonline.com.ar\/index.php\/2024\/10\/03\/se-viene-la-2da-edicion-de-warmi-baila\/","article:published_time":"2024-10-03T11:08:53+00:00","article:modified_time":"2024-10-03T11:08:53+00:00","twitter:card":"summary_large_image","twitter:title":"Se viene la 2da edici\u00f3n de &quot;Warmi Baila&quot;","twitter:description":"Encuentro de mujeres y diversidades por la resiliencia y la libertad."},"aioseo_meta_data":{"post_id":"2480","title":"Se viene la 2da edici\u00f3n de \"Warmi Baila\"","description":"Encuentro de mujeres y diversidades por la resiliencia y la libertad.","keywords":null,"keyphrases":{"focus":{"keyphrase":"","score":0,"analysis":{"keyphraseInTitle":{"score":0,"maxScore":9,"error":1}}},"additional":[]},"primary_term":null,"canonical_url":null,"og_title":null,"og_description":null,"og_object_type":"default","og_image_type":"default","og_image_url":null,"og_image_width":null,"og_image_height":null,"og_image_custom_url":null,"og_image_custom_fields":null,"og_video":"","og_custom_url":null,"og_article_section":null,"og_article_tags":null,"twitter_use_og":false,"twitter_card":"default","twitter_image_type":"default","twitter_image_url":null,"twitter_image_custom_url":null,"twitter_image_custom_fields":null,"twitter_title":null,"twitter_description":null,"schema":{"blockGraphs":[],"customGraphs":[],"default":{"data":{"Article":[],"Course":[],"Dataset":[],"FAQPage":[],"Movie":[],"Person":[],"Product":[],"ProductReview":[],"Car":[],"Recipe":[],"Service":[],"SoftwareApplication":[],"WebPage":[]},"graphName":"BlogPosting","isEnabled":true},"graphs":[]},"schema_type":"default","schema_type_options":null,"pillar_content":false,"robots_default":true,"robots_noindex":false,"robots_noarchive":false,"robots_nosnippet":false,"robots_nofollow":false,"robots_noimageindex":false,"robots_noodp":false,"robots_notranslate":false,"robots_max_snippet":"-1","robots_max_videopreview":"-1","robots_max_imagepreview":"large","priority":null,"frequency":"default","local_seo":null,"breadcrumb_settings":null,"limit_modified_date":false,"ai":null,"created":"2024-10-03 11:08:53","updated":"2025-07-15 23:32:18","seo_analyzer_scan_date":null,"focus_keyword":null,"additional_keywords":null,"truseo_locale":null},"aioseo_breadcrumb":"<div class=\"aioseo-breadcrumbs\"><span class=\"aioseo-breadcrumb\">\n\t\t\t<a href=\"https:\/\/elfaroonline.com.ar\" title=\"Home\">Home<\/a>\n\t\t<\/span><span class=\"aioseo-breadcrumb-separator\">&raquo;<\/span><span class=\"aioseo-breadcrumb\">\n\t\t\t<a href=\"https:\/\/elfaroonline.com.ar\/index.php\/category\/sociedad\/\" title=\"Sociedad\">Sociedad<\/a>\n\t\t<\/span><span class=\"aioseo-breadcrumb-separator\">&raquo;<\/span><span class=\"aioseo-breadcrumb\">\n\t\t\tSe viene la 2da edici\u00f3n de \u201cWarmi Baila\u201d\n\t\t<\/span><\/div>","aioseo_breadcrumb_json":[{"label":"Home","link":"https:\/\/elfaroonline.com.ar"},{"label":"Sociedad","link":"https:\/\/elfaroonline.com.ar\/index.php\/category\/sociedad\/"},{"label":"Se viene la 2da edici\u00f3n de &#8220;Warmi Baila&#8221;","link":"https:\/\/elfaroonline.com.ar\/index.php\/2024\/10\/03\/se-viene-la-2da-edicion-de-warmi-baila\/"}],"_links":{"self":[{"href":"https:\/\/elfaroonline.com.ar\/index.php\/wp-json\/wp\/v2\/posts\/2480","targetHints":{"allow":["GET"]}}],"collection":[{"href":"https:\/\/elfaroonline.com.ar\/index.php\/wp-json\/wp\/v2\/posts"}],"about":[{"href":"https:\/\/elfaroonline.com.ar\/index.php\/wp-json\/wp\/v2\/types\/post"}],"author":[{"embeddable":true,"href":"https:\/\/elfaroonline.com.ar\/index.php\/wp-json\/wp\/v2\/users\/2"}],"replies":[{"embeddable":true,"href":"https:\/\/elfaroonline.com.ar\/index.php\/wp-json\/wp\/v2\/comments?post=2480"}],"version-history":[{"count":1,"href":"https:\/\/elfaroonline.com.ar\/index.php\/wp-json\/wp\/v2\/posts\/2480\/revisions"}],"predecessor-version":[{"id":2482,"href":"https:\/\/elfaroonline.com.ar\/index.php\/wp-json\/wp\/v2\/posts\/2480\/revisions\/2482"}],"wp:featuredmedia":[{"embeddable":true,"href":"https:\/\/elfaroonline.com.ar\/index.php\/wp-json\/wp\/v2\/media\/2481"}],"wp:attachment":[{"href":"https:\/\/elfaroonline.com.ar\/index.php\/wp-json\/wp\/v2\/media?parent=2480"}],"wp:term":[{"taxonomy":"category","embeddable":true,"href":"https:\/\/elfaroonline.com.ar\/index.php\/wp-json\/wp\/v2\/categories?post=2480"},{"taxonomy":"post_tag","embeddable":true,"href":"https:\/\/elfaroonline.com.ar\/index.php\/wp-json\/wp\/v2\/tags?post=2480"}],"curies":[{"name":"wp","href":"https:\/\/api.w.org\/{rel}","templated":true}]}}