{"id":2495,"date":"2024-10-03T08:25:01","date_gmt":"2024-10-03T11:25:01","guid":{"rendered":"https:\/\/elfaroonline.com.ar\/?p=2495"},"modified":"2024-10-03T08:25:01","modified_gmt":"2024-10-03T11:25:01","slug":"masiva-marcha-en-defensa-de-la-educacion-publica-y-gratuita","status":"publish","type":"post","link":"https:\/\/elfaroonline.com.ar\/index.php\/2024\/10\/03\/masiva-marcha-en-defensa-de-la-educacion-publica-y-gratuita\/","title":{"rendered":"Masiva marcha en defensa de la Educaci\u00f3n P\u00fablica y gratuita"},"content":{"rendered":"<p class=\"v1MsoNormal\"><span lang=\"ES-TRAD\">Ayer a la tarde, una importante cantidad de personas se sumaron a la marcha convocada por la Universidades P\u00fablicas de Argentina, en defensa del normal funcionamiento de las instituciones educativas, actualmente desfinanciadas por el Gobierno Nacional.<\/span><\/p>\n<p class=\"v1MsoNormal\"><span lang=\"ES-TRAD\">\u00a0<\/span><\/p>\n<p class=\"v1MsoNormal\"><span lang=\"ES-TRAD\">En Catamarca, la concentraci\u00f3n se produjo cerca de las 17.30 horas frente a la Escuela Preuniversitaria ENET N\u00ba1, con la presencia del rector de la UNCA, Ing. Oscar Arellano, la vicerrectora, Dra. Elina Silvera de Buenader, Decanos, Vicedecanos, Secretarios y otras autoridades acad\u00e9micas, adem\u00e1s de miembros de sindicatos afines, agrupaciones estudiantiles y p\u00fablico en general.<\/span><\/p>\n<p class=\"v1MsoNormal\"><span lang=\"ES-TRAD\">\u00a0<\/span><\/p>\n<p class=\"v1MsoNormal\"><span lang=\"ES-TRAD\">La columna de manifestantes, que superaba las cinco cuadras, se dirigi\u00f3 de manera pac\u00edfica hacia el predio de la Universidad Nacional de Catamarca, ubicado sobre avenida Belgrano, donde se escucharon las alocuciones.<\/span><\/p>\n<p class=\"v1MsoNormal\"><span lang=\"ES-TRAD\">\u00a0<\/span><\/p>\n<p class=\"v1MsoNormal\"><span lang=\"ES-TRAD\">El Rector, en su discurso, manifest\u00f3 que &#8220;quiero agradecer al pueblo catamarque\u00f1o, a los senadores y diputados que han aprobado la Ley y que sabemos que van a insistir con la Ley de Financiamiento educativo. Hoy, marchamos para que la UNCA siga siendo posible y siga siendo el faro y la luz para que cada catamarque\u00f1o tenga la posibilidad de su desarrollo personal. Tambi\u00e9n agradecemos a los miembros del Gobierno que nos apoyan y muchos de ellos est\u00e1n hoy aqu\u00ed. Estamos convencidos de que este es el camino del crecimiento y desarrollo personal, de la provincia y del pa\u00eds&#8221;, expres\u00f3, a la vez que invit\u00f3 a todos los presentes a entonar las estrofas del Himno Nacional Argentino.<\/span><\/p>\n<p class=\"v1MsoNormal\"><span lang=\"ES-TRAD\">\u00a0<\/span><\/p>\n<p class=\"v1MsoNormal\"><span lang=\"ES-TRAD\">La Vicerrectora, a su turno, destac\u00f3 que &#8220;esta tarde nos une por un ideal, celebramos estar juntos y a todos los que nos han acompa\u00f1ado; todos los miembros de las fuerzas vivas de Catamarca. Quiero agradecerles por ayudarnos a defender a esta casa, que es la que profesionaliza a los catamarque\u00f1os con el objetivo de desarrollar a nuestra amada Catamarca. Sepan que los acompa\u00f1amos en el d\u00eda a d\u00eda y somos seres humanos y luchamos por nuestros ideales para ser felices y lograr un mejor futuro&#8221;. <\/span><\/p>\n<p class=\"v1MsoNormal\"><span lang=\"ES-TRAD\">\u00a0<\/span><\/p>\n<p class=\"v1MsoNormal\"><span lang=\"ES-TRAD\">Una de las representantes de los estudiantes enfatiz\u00f3: &#8220;No queremos que nos arrebaten nuestros sue\u00f1os, el se\u00f1or presidente tiene al alcance de su mano una soluci\u00f3n racional para cuidar a todos los argentinos y esta ley aprobada por el Congreso le da al sistema universitario una respuesta y resuelve los problemas responsablemente, ya que demanda un 0.14 del PBI para su ejecuci\u00f3n&#8221;.<\/span><\/p>\n<p class=\"v1MsoNormal\"><span lang=\"ES-TRAD\">\u00a0<\/span><\/p>\n<p class=\"v1MsoNormal\"><span lang=\"ES-TRAD\">Cabe mencionar que la protesta se realiz\u00f3 en respuesta al veto presidencial de la ley aprobada por el Congreso Nacional, que dio el visto bueno a la Ley de Financiamiento de las universidades p\u00fablicas, que actualiza y recompone los salarios docentes y no docentes y el presupuesto universitario de acuerdo con los \u00edndices de inflaci\u00f3n, tomando en cuenta que los salarios, principal componente del presupuesto, perdieron alrededor del 50 % de su capacidad adquisitiva desde diciembre de 2023 a la fecha.<\/span><\/p>\n","protected":false},"excerpt":{"rendered":"<p>Ayer a la tarde, una importante cantidad de personas se sumaron a la marcha convocada por la Universidades P\u00fablicas de Argentina, en defensa del normal funcionamiento de las instituciones educativas, actualmente desfinanciadas por el Gobierno Nacional. \u00a0 En Catamarca, la concentraci\u00f3n se produjo cerca de las 17.30 horas frente a la Escuela Preuniversitaria ENET N\u00ba1, [&hellip;]<\/p>\n","protected":false},"author":2,"featured_media":2496,"comment_status":"open","ping_status":"open","sticky":false,"template":"","format":"standard","meta":{"footnotes":""},"categories":[23,21],"tags":[],"class_list":{"0":"post-2495","1":"post","2":"type-post","3":"status-publish","4":"format-standard","5":"has-post-thumbnail","7":"category-destacados","8":"category-politica"},"aioseo_notices":[],"_links":{"self":[{"href":"https:\/\/elfaroonline.com.ar\/index.php\/wp-json\/wp\/v2\/posts\/2495","targetHints":{"allow":["GET"]}}],"collection":[{"href":"https:\/\/elfaroonline.com.ar\/index.php\/wp-json\/wp\/v2\/posts"}],"about":[{"href":"https:\/\/elfaroonline.com.ar\/index.php\/wp-json\/wp\/v2\/types\/post"}],"author":[{"embeddable":true,"href":"https:\/\/elfaroonline.com.ar\/index.php\/wp-json\/wp\/v2\/users\/2"}],"replies":[{"embeddable":true,"href":"https:\/\/elfaroonline.com.ar\/index.php\/wp-json\/wp\/v2\/comments?post=2495"}],"version-history":[{"count":1,"href":"https:\/\/elfaroonline.com.ar\/index.php\/wp-json\/wp\/v2\/posts\/2495\/revisions"}],"predecessor-version":[{"id":2497,"href":"https:\/\/elfaroonline.com.ar\/index.php\/wp-json\/wp\/v2\/posts\/2495\/revisions\/2497"}],"wp:featuredmedia":[{"embeddable":true,"href":"https:\/\/elfaroonline.com.ar\/index.php\/wp-json\/wp\/v2\/media\/2496"}],"wp:attachment":[{"href":"https:\/\/elfaroonline.com.ar\/index.php\/wp-json\/wp\/v2\/media?parent=2495"}],"wp:term":[{"taxonomy":"category","embeddable":true,"href":"https:\/\/elfaroonline.com.ar\/index.php\/wp-json\/wp\/v2\/categories?post=2495"},{"taxonomy":"post_tag","embeddable":true,"href":"https:\/\/elfaroonline.com.ar\/index.php\/wp-json\/wp\/v2\/tags?post=2495"}],"curies":[{"name":"wp","href":"https:\/\/api.w.org\/{rel}","templated":true}]}}