{"id":2498,"date":"2024-10-03T08:29:28","date_gmt":"2024-10-03T11:29:28","guid":{"rendered":"https:\/\/elfaroonline.com.ar\/?p=2498"},"modified":"2024-10-03T08:29:28","modified_gmt":"2024-10-03T11:29:28","slug":"el-gobierno-veto-la-ley-de-financiamiento-universitario-tras-la-multitudinaria-marcha-por-la-educacion-publica","status":"publish","type":"post","link":"https:\/\/elfaroonline.com.ar\/index.php\/2024\/10\/03\/el-gobierno-veto-la-ley-de-financiamiento-universitario-tras-la-multitudinaria-marcha-por-la-educacion-publica\/","title":{"rendered":"El Gobierno vet\u00f3 la ley de Financiamiento Universitario tras la multitudinaria marcha por la educaci\u00f3n p\u00fablica"},"content":{"rendered":"<p>La medida fue publicada en el Bolet\u00edn Oficial horas despu\u00e9s de la movilizaci\u00f3n de estudiantes y docentes. El hecho hab\u00eda sido anticipado por la Oficina del Presidente mediante un comunicado en X.<\/p>\n<p class=\"paragraph\" data-mrf-recirculation=\"Links inline\">Mediante el decreto publicado se establece el veto al Proyecto de Ley registrado bajo el N\u00ba 27.757 sancionado por el H. CONGRESO DE LA NACI\u00d3N el 12 de septiembre de 2024. En el art\u00edculo 1 se establece \u201cObs\u00e9rvase en su totalidad el Proyecto de Ley registrado bajo el N\u00ba 27.757\u2033 mientras que en el art\u00edculo dos se remarca: \u201cDevu\u00e9lvase al H. CONGRESO DE LA NACI\u00d3N el Proyecto de Ley mencionado en el art\u00edculo anterior\u201d.<\/p>\n<div class=\"inline ad-wrapper\">\n<div class=\"dfpAd ad-inline\"><\/div>\n<\/div>\n<p class=\"paragraph\" data-mrf-recirculation=\"Links inline\">En el considerando del decreto se detallan los distintos art\u00edculos del proyecto, como por ejemplo, las \u201cmodificaciones que impactan en el r\u00e9gimen jur\u00eddico de financiamiento de las Universidades Nacionales, en materia de gastos de funcionamiento y de salarios para el personal docente y no docente del Sistema Universitario Nacional\u201d.<\/p>\n<p class=\"paragraph\" data-mrf-recirculation=\"Links inline\">Por tal motivo, al justificar el veto de la ley el gobierno nacional sostuvo que \u201ces manifiestamente violatorio del marco jur\u00eddico vigente, en tanto no contempla el impacto fiscal de la medida ni tampoco determina la fuente de su financiamiento\u201d y se aclar\u00f3 que \u201cel art\u00edculo 38 de la Ley N\u00b0 24.156 de Administraci\u00f3n Financiera y de los Sistemas de Control del Sector P\u00fablico Nacional es claro al exigir de forma expresa que \u201c[t]oda ley que autorice gastos no previstos en el presupuesto general deber\u00e1 especificar las fuentes de los recursos a utilizar para su financiamiento\u201d.<\/p>\n<p class=\"paragraph\" data-mrf-recirculation=\"Links inline\">Adem\u00e1s, se record\u00f3 que el reglamento de la C\u00e1mara de Senadores en su art\u00edculo 126 prev\u00e9 que \u201ctodo proyecto que importe gastos incluir\u00e1 en sus fundamentos la estimaci\u00f3n de tales erogaciones e indicar\u00e1 la fuente de financiamiento, a fin de justificar la viabilidad del mismo. De no ser as\u00ed, no se discutir\u00e1 en las sesiones de la C\u00e1mara hasta tanto la omisi\u00f3n no sea subsanada, por el o los autores del mismo\u201d.<\/p>\n","protected":false},"excerpt":{"rendered":"<p>La medida fue publicada en el Bolet\u00edn Oficial horas despu\u00e9s de la movilizaci\u00f3n de estudiantes y docentes. El hecho hab\u00eda sido anticipado por la Oficina del Presidente mediante un comunicado en X. Mediante el decreto publicado se establece el veto al Proyecto de Ley registrado bajo el N\u00ba 27.757 sancionado por el H. CONGRESO DE [&hellip;]<\/p>\n","protected":false},"author":2,"featured_media":2499,"comment_status":"open","ping_status":"open","sticky":false,"template":"","format":"standard","meta":{"footnotes":""},"categories":[23,22],"tags":[],"class_list":{"0":"post-2498","1":"post","2":"type-post","3":"status-publish","4":"format-standard","5":"has-post-thumbnail","7":"category-destacados","8":"category-nacionales"},"aioseo_notices":[],"_links":{"self":[{"href":"https:\/\/elfaroonline.com.ar\/index.php\/wp-json\/wp\/v2\/posts\/2498","targetHints":{"allow":["GET"]}}],"collection":[{"href":"https:\/\/elfaroonline.com.ar\/index.php\/wp-json\/wp\/v2\/posts"}],"about":[{"href":"https:\/\/elfaroonline.com.ar\/index.php\/wp-json\/wp\/v2\/types\/post"}],"author":[{"embeddable":true,"href":"https:\/\/elfaroonline.com.ar\/index.php\/wp-json\/wp\/v2\/users\/2"}],"replies":[{"embeddable":true,"href":"https:\/\/elfaroonline.com.ar\/index.php\/wp-json\/wp\/v2\/comments?post=2498"}],"version-history":[{"count":1,"href":"https:\/\/elfaroonline.com.ar\/index.php\/wp-json\/wp\/v2\/posts\/2498\/revisions"}],"predecessor-version":[{"id":2500,"href":"https:\/\/elfaroonline.com.ar\/index.php\/wp-json\/wp\/v2\/posts\/2498\/revisions\/2500"}],"wp:featuredmedia":[{"embeddable":true,"href":"https:\/\/elfaroonline.com.ar\/index.php\/wp-json\/wp\/v2\/media\/2499"}],"wp:attachment":[{"href":"https:\/\/elfaroonline.com.ar\/index.php\/wp-json\/wp\/v2\/media?parent=2498"}],"wp:term":[{"taxonomy":"category","embeddable":true,"href":"https:\/\/elfaroonline.com.ar\/index.php\/wp-json\/wp\/v2\/categories?post=2498"},{"taxonomy":"post_tag","embeddable":true,"href":"https:\/\/elfaroonline.com.ar\/index.php\/wp-json\/wp\/v2\/tags?post=2498"}],"curies":[{"name":"wp","href":"https:\/\/api.w.org\/{rel}","templated":true}]}}