{"id":2508,"date":"2024-10-03T12:43:47","date_gmt":"2024-10-03T15:43:47","guid":{"rendered":"https:\/\/elfaroonline.com.ar\/?p=2508"},"modified":"2024-10-03T12:43:47","modified_gmt":"2024-10-03T15:43:47","slug":"el-deporte-adaptado-tiene-equipo-para-los-evita","status":"publish","type":"post","link":"https:\/\/elfaroonline.com.ar\/index.php\/2024\/10\/03\/el-deporte-adaptado-tiene-equipo-para-los-evita\/","title":{"rendered":"El Deporte Adaptado tiene equipo para los Evita"},"content":{"rendered":"<p class=\"v1MsoNormal\">Con el trabajo de la Direcci\u00f3n de Deporte Social junto a la de Deporte Adaptado de la Secretar\u00eda de Deportes y Recreaci\u00f3n de la Provincia, que depende del Ministerio Cultura, Turismo y Deporte, se defini\u00f3 la representaci\u00f3n de Deporte Adaptado que intervendr\u00e1 en la final de los Juegos Deportivos Nacionales Evita 2004, que se realizar\u00e1n del 4 al 9 de noviembre pr\u00f3ximo en Mar del Plata, provincia de Buenos Aires.<\/p>\n<p class=\"v1MsoNormal\">La exitosa etapa provincial clasificatoria cont\u00f3 de dos jornadas intensas de competencia y congreg\u00f3 a delegaciones de los distintos departamentos de la provincia para clasificar a los atletas que competir\u00e1n en las disciplinas de tenis de mesa, nataci\u00f3n, boccia y atletismo en representaci\u00f3n de Catamarca en la instancia nacional.<\/p>\n<p class=\"v1MsoNormal\">\n<p class=\"v1MsoNormal\">La delegaci\u00f3n por disciplina estar\u00e1 constituida de la siguiente manera:<\/p>\n<p class=\"v1MsoNormal\">\n<p class=\"v1MsoNormal\"><b>TENIS DE MESA: <\/b><\/p>\n<p class=\"v1MsoNormal\">Xelena Baz\u00e1n Bronzon (Capital), Mailen Guanco (Capital) y Yago Barros Guzm\u00e1n\u00a0 (Monte Potrero, Pacl\u00edn).<\/p>\n<p class=\"v1MsoNormal\">\n<p class=\"v1MsoNormal\"><b>NATACI\u00d3N:<\/b><\/p>\n<p class=\"v1MsoNormal\">Milagros Nieva (Miraflores, Capay\u00e1n), Roc\u00edo Herrera (Capital)<\/p>\n<p class=\"v1MsoNormal\">Daniel S\u00e1nchez (Sumalao, Valle Viejo), Javier Palavecino (Ica\u00f1o, La Paz), Joaqu\u00edn Barrionuevo (Capital) y Benjam\u00edn Guanco (Capital).<\/p>\n<p class=\"v1MsoNormal\">\n<p class=\"v1MsoNormal\"><b>BOCCIA:<\/b><\/p>\n<p class=\"v1MsoNormal\">Zoe Silva Soria (El Pajonal, Pom\u00e1n) y Milton Zolorzano (Santa Rosa, Valle Viejo).<\/p>\n<p class=\"v1MsoNormal\">\n<p class=\"v1MsoNormal\"><b>ATLETISMO:<\/b><\/p>\n<p class=\"v1MsoNormal\">Celeste Mansilla (Ica\u00f1o, La Paz), Jennifer Contreras (Recreo, La Paz), Dinora Maman\u00ed (San Fernando, Bel\u00e9n), Ana Andrada (Bel\u00e9n)<\/p>\n<p class=\"v1MsoNormal\">Yonatan Chaile (Corral Quemado, Bel\u00e9n), Bruno Villarroel (Quiros, La Paz), Bruno Moya (Huillapima, Capay\u00e1n) y Nicol\u00e1s Coronel (Recreo, La Paz).<\/p>\n","protected":false},"excerpt":{"rendered":"<p>Con el trabajo de la Direcci\u00f3n de Deporte Social junto a la de Deporte Adaptado de la Secretar\u00eda de Deportes y Recreaci\u00f3n de la Provincia, que depende del Ministerio Cultura, Turismo y Deporte, se defini\u00f3 la representaci\u00f3n de Deporte Adaptado que intervendr\u00e1 en la final de los Juegos Deportivos Nacionales Evita 2004, que se realizar\u00e1n [&hellip;]<\/p>\n","protected":false},"author":2,"featured_media":2509,"comment_status":"open","ping_status":"open","sticky":false,"template":"","format":"standard","meta":{"footnotes":""},"categories":[25],"tags":[],"class_list":{"0":"post-2508","1":"post","2":"type-post","3":"status-publish","4":"format-standard","5":"has-post-thumbnail","7":"category-deportes"},"aioseo_notices":[],"_links":{"self":[{"href":"https:\/\/elfaroonline.com.ar\/index.php\/wp-json\/wp\/v2\/posts\/2508","targetHints":{"allow":["GET"]}}],"collection":[{"href":"https:\/\/elfaroonline.com.ar\/index.php\/wp-json\/wp\/v2\/posts"}],"about":[{"href":"https:\/\/elfaroonline.com.ar\/index.php\/wp-json\/wp\/v2\/types\/post"}],"author":[{"embeddable":true,"href":"https:\/\/elfaroonline.com.ar\/index.php\/wp-json\/wp\/v2\/users\/2"}],"replies":[{"embeddable":true,"href":"https:\/\/elfaroonline.com.ar\/index.php\/wp-json\/wp\/v2\/comments?post=2508"}],"version-history":[{"count":1,"href":"https:\/\/elfaroonline.com.ar\/index.php\/wp-json\/wp\/v2\/posts\/2508\/revisions"}],"predecessor-version":[{"id":2510,"href":"https:\/\/elfaroonline.com.ar\/index.php\/wp-json\/wp\/v2\/posts\/2508\/revisions\/2510"}],"wp:featuredmedia":[{"embeddable":true,"href":"https:\/\/elfaroonline.com.ar\/index.php\/wp-json\/wp\/v2\/media\/2509"}],"wp:attachment":[{"href":"https:\/\/elfaroonline.com.ar\/index.php\/wp-json\/wp\/v2\/media?parent=2508"}],"wp:term":[{"taxonomy":"category","embeddable":true,"href":"https:\/\/elfaroonline.com.ar\/index.php\/wp-json\/wp\/v2\/categories?post=2508"},{"taxonomy":"post_tag","embeddable":true,"href":"https:\/\/elfaroonline.com.ar\/index.php\/wp-json\/wp\/v2\/tags?post=2508"}],"curies":[{"name":"wp","href":"https:\/\/api.w.org\/{rel}","templated":true}]}}