{"id":2521,"date":"2024-10-04T20:52:02","date_gmt":"2024-10-04T23:52:02","guid":{"rendered":"https:\/\/elfaroonline.com.ar\/?p=2521"},"modified":"2024-10-04T20:52:02","modified_gmt":"2024-10-04T23:52:02","slug":"feria-del-libro-de-catamarca-todo-lo-que-tenes-que-saber","status":"publish","type":"post","link":"https:\/\/elfaroonline.com.ar\/index.php\/2024\/10\/04\/feria-del-libro-de-catamarca-todo-lo-que-tenes-que-saber\/","title":{"rendered":"Feria del Libro de Catamarca: todo lo que ten\u00e9s que saber"},"content":{"rendered":"<p class=\"v1MsoNormal\"><span lang=\"ES\">Durante 5 d\u00edas, del 9 al 13 de octubre, el Predio Ferial Catamarca albergar\u00e1 una nueva edici\u00f3n -la n\u00famero 16- de la Feria Provincial del Libro, que se realiza bajo el lema &#8220;Defiendo lo m\u00edo. Los libros como resistencia&#8221; coincidiendo con el fin de semana largo.<\/span><\/p>\n<p class=\"v1MsoNormal\"><span lang=\"ES\">El sal\u00f3n Peregrina Z\u00e1rate ser\u00e1 el espacio principal donde desde el mi\u00e9rcoles se instalar\u00e1n m\u00e1s de 40 editoriales y librer\u00edas para exponer y comercializar libros de todos los g\u00e9neros y tem\u00e1ticas, adem\u00e1s de juegos did\u00e1cticos y vinculados a la literatura. Un lugar especial lo tendr\u00e1 la Direcci\u00f3n de Bibliotecas y Archivo de la Provincia, que se encargar\u00e1 de presentar una amplia variedad de t\u00edtulos de autores y editoriales catamarque\u00f1as.<\/span><\/p>\n<p class=\"v1MsoNormal\"><span lang=\"ES\">La Feria contar\u00e1 con una atractiva e intensa programaci\u00f3n que se ir\u00e1 presentando, en paralelo, en los distintos espacios: auditorio 1, auditorio 2, espacio living, espacio talleres, espacio infantil, espacio bicentenario y, del viernes al domingo, se suma La P\u00e9rgola, con programaci\u00f3n musical al aire libre.<\/span><\/p>\n<p class=\"v1MsoNormal\"><span lang=\"ES\">Este a\u00f1o contar\u00e1 con destacados invitados de renombre nacional, que estar\u00e1n casi al cierre de cada jornada, en el auditorio principal:<\/span><\/p>\n<p class=\"v1MsoNormal\"><b><span lang=\"ES\">Mi\u00e9rcoles 9<\/span><\/b><span lang=\"ES\">. El psic\u00f3logo Gabriel Carta\u00f1\u00e1 presentar\u00e1 a las 20 hs su charla &#8220;\u00bfPor qu\u00e9 somos as\u00ed? Cuando lo simple se hace dif\u00edcil e invita a reflexionar sobre las estructuras de la personalidad para buscar cambios que ayuden a cada persona a sentirse mejor.<\/span><\/p>\n<p class=\"v1MsoNormal\"><b><span lang=\"ES\">Jueves 10.<\/span><\/b><span lang=\"ES\"> Paula V\u00e1zquez y Quique Avogadro estar\u00e1n en la feria desde las 20 hs realizando un programa especial de &#8220;Arte en marte&#8221;, el magazine cultural que se transmite por el canal de streaming &#8220;Picnic extraterrestre&#8221;.<\/span><\/p>\n<p class=\"v1MsoNormal\"><b><span lang=\"ES\">Viernes 11. <\/span><\/b><span lang=\"ES\">El reconocido escritor Hern\u00e1n Casciari llega a presentar su espect\u00e1culo literario &#8220;Puro Cuento&#8221; en el que compartir\u00e1 con el p\u00fablico catamarque\u00f1o algunas de sus miles de historias, con el carisma y el humor que lo caracterizan. Su presentaci\u00f3n est\u00e1 programada para las 21 hs.<\/span><\/p>\n<p class=\"v1MsoNormal\"><b><span lang=\"ES\">S\u00e1bado 12.<\/span><\/b><span lang=\"ES\"> Ser\u00e1 el turno del fil\u00f3sofo Tom\u00e1s Balmaceda quien viene con una invitaci\u00f3n tentadora: &#8220;Volver a pensar. Pistas para volverse desobedientes&#8221;, una charla en la que presentar\u00e1 algunas ideas provocadoras para reimaginar nuestra relaci\u00f3n con el trabajo, los v\u00ednculos y la muerte. Su charla est\u00e1 programada para las 20 hs<\/span><\/p>\n<p class=\"v1MsoNormal\"><b><span lang=\"ES\">Domingo 13.<\/span><\/b><span lang=\"ES\"> La \u00faltima jornada de feria contar\u00e1 con la presentaci\u00f3n de Un muerto m\u00e1s, el proyecto musical de Guido Carmona. Con un estilo muy particular, traer\u00e1 su propuesta de &#8220;m\u00fasica de dise\u00f1o&#8221;, dif\u00edcil de encasillar, que combina m\u00fasica, teatro y poes\u00eda. Su recital ser\u00e1 a las 21 como despedida de la feria<\/span><\/p>\n<p class=\"v1MsoNormal\"><span lang=\"ES\">\u00a0<\/span><\/p>\n<p class=\"v1MsoNormal\"><b><span lang=\"ES\">Muchos temas, todos los lenguajes<\/span><\/b><\/p>\n<p class=\"v1MsoNormal\"><span lang=\"ES\">Con un esp\u00edritu abierto y participativo, la programaci\u00f3n de la feria se conform\u00f3 a partir de una convocatoria p\u00fablica realizada desde la Secretar\u00eda de Gesti\u00f3n Cultural del Ministerio de Cultura, Turismo y Deporte que permiti\u00f3 que autores, investigadores, docentes, talleristas, gestores y artistas de distintas disciplinas acercaran sus propuestas.<\/span><\/p>\n<p class=\"v1MsoNormal\"><span lang=\"ES\">La programaci\u00f3n incluye charlas, presentaciones de libros, presentaci\u00f3n de resultados de investigaci\u00f3n, propuestas teatrales, musicales, proyecciones audiovisuales, talleres de poes\u00eda, de comics, de t\u00edteres, de caricaturas, de origami y una gran variedad de etc\u00e9teras. <\/span><\/p>\n<p class=\"v1MsoNormal\"><span lang=\"ES\">Albergar\u00e1 tambi\u00e9n parte de la programaci\u00f3n del 1\u00ba Festival de Poes\u00eda Norte Natural y la muestra &#8220;Entretexto&#8221;, del colectivo de artistas visuales &#8220;Pasionarias&#8221;. Tambi\u00e9n, y por iniciativa de la Sociedad Italiana, se presentar\u00e1 en el Espacio infantil la muestra &#8220;The Italian Spaceway, la v\u00eda italiana allo spazio&#8221; que presenta los principales aportes realizados por la ciencia italiana.<\/span><\/p>\n<p class=\"v1MsoNormal\"><span lang=\"ES\">La feria abrir\u00e1 los d\u00edas mi\u00e9rcoles 9 y jueves 10, que son d\u00edas h\u00e1biles, de 9 a 13 y de 15 a 22 hs; mientras que durante el feriado y fin de semana -viernes 11, s\u00e1bado 12 y domingo 13 solo por la tarde, de 15 a 22 hs. Todas las actividades se podr\u00e1n disfrutar con entrada libre y gratuita.<\/span><\/p>\n<p class=\"v1MsoNormal\"><span lang=\"ES\">Toda la informaci\u00f3n sobre la feria<\/span>\u00a0en <a href=\"https:\/\/feriadellibro.catamarca.gob.ar\/\" target=\"_blank\" rel=\"noopener noreferrer\">https:\/\/feriadellibro.catamarca.gob.ar\/<\/a><\/p>\n<p class=\"v1MsoNormal\">Programa descargable:\u00a0<a href=\"https:\/\/bit.ly\/FeriaLibroCatamarca24\" target=\"_blank\" rel=\"noopener noreferrer\">https:\/\/bit.ly\/FeriaLibroCatamarca24<\/a><\/p>\n<p class=\"v1MsoNormal\">\n<p class=\"v1MsoNormal\"><span lang=\"ES\">\u00a0<\/span><\/p>\n<p class=\"v1MsoNormal\"><b><span lang=\"ES\">Programaci\u00f3n d\u00eda por d\u00eda<\/span><\/b><\/p>\n<p class=\"v1MsoNormal\"><span lang=\"ES\">\u00a0<\/span><\/p>\n<p class=\"v1MsoNormal\"><b>Mi\u00e9rcoles 9\u00a0<\/b><\/p>\n<p class=\"v1MsoNormal\">\n<p class=\"v1MsoNormal\"><b>AUDITORIO 1<\/b><\/p>\n<p class=\"v1MsoNormal\">\n<p class=\"v1MsoNormal\">9 h Presentaci\u00f3n y proyecci\u00f3n &#8220;Versos al viento&#8221; Fragmentos de poes\u00eda catamarque\u00f1a.<\/p>\n<p class=\"v1MsoNormal\">\n<p class=\"v1MsoNormal\">10 h Inauguraci\u00f3n:<\/p>\n<ul type=\"disc\">\n<li class=\"v1MsoNormal\">Danzar la palabra: simbiosis de una resistencia &#8211; Hybrida Compa\u00f1\u00eda de Danza<\/li>\n<li class=\"v1MsoNormal\">Palabras de bienvenida &#8211; Celia Sarqu\u00eds (Directora de la Direcci\u00f3n de Biblioteca y Archivo), Daiana Rold\u00e1n (Ministerio de Cultura, Turismo y Deporte)<\/li>\n<li class=\"v1MsoNormal\">Recitado de poemas &#8211; Luc\u00cda Cusillo<\/li>\n<\/ul>\n<p class=\"v1MsoNormal\">\n<p class=\"v1MsoNormal\">11 h \u00a0 Recital po\u00e9tico musical &#8220;De amor y monta\u00f1a&#8221; de Bel\u00e9n Corzo<\/p>\n<p class=\"v1MsoNormal\">\n<p class=\"v1MsoNormal\">12 h Conferencias: La alfabetizaci\u00f3n y la centralidad de la lectura. (Equipo de Alfabetizaci\u00f3n M.E.) y Educaci\u00f3n Disruptiva. Enfoques para la ense\u00f1anza (Profesora Noelia. Equipo de la Secretaria de G. E.) &#8211; Ministerio de Educaci\u00f3n<\/p>\n<p class=\"v1MsoNormal\">\n<p class=\"v1MsoNormal\">15 h Obra teatral &#8220;Universo Walsh&#8221; &#8211; Comedia Municipal<\/p>\n<p class=\"v1MsoNormal\">\n<p class=\"v1MsoNormal\">16 h\u00a0 Charla &#8220;Desde los pueblos originarios hasta la conquista espa\u00f1ola y las condiciones del republicanismo: rupturas y continuidades de las poblaciones locales en el valle central de Catamarca&#8221; a\/c: Ezequiel Fonseca y Hugo Puentes &#8211; Municipalidad de Valle Viejo<\/p>\n<p class=\"v1MsoNormal\">\n<p class=\"v1MsoNormal\">16.30 h Charla &#8220;La econom\u00eda social y el desarrollo local: v\u00ednculos con las comunidades desde la perspectiva de la Biblioteca Popular Chade del Portezuelo&#8221; a\/c: Erika Loritz &#8211; Municipalidad de Valle Viejo<\/p>\n<p class=\"v1MsoNormal\">\n<p class=\"v1MsoNormal\">17 h Danza &#8220;Volviendo a Catamarca&#8221;- Bailarines de la academia Atahualpa Yupanqui<\/p>\n<p class=\"v1MsoNormal\">\n<p class=\"v1MsoNormal\">17.30 h Concierto did\u00e1ctico &#8211; Coro Polif\u00f3nico de la Provincia, dirigido por Vanina Aredes<\/p>\n<p class=\"v1MsoNormal\">\n<p class=\"v1MsoNormal\">18 h Presentaci\u00f3n de libro &#8220;Todo es ahora&#8221; de Fabi\u00e1n Sober\u00f3n (Tucum\u00e1n)<\/p>\n<p class=\"v1MsoNormal\">\n<p class=\"v1MsoNormal\">18.30 h Presentaci\u00f3n de libro\u00a0 &#8220;El Rubio Herrera y su Bel\u00e9n de Catamarca&#8221; de Yamila G\u00e1name, nieta del artista (Bel\u00e9n)<\/p>\n<p class=\"v1MsoNormal\">\n<p class=\"v1MsoNormal\">19 h Presentaci\u00f3n de libros: &#8220;Mariposa doble que gira sin cesar&#8221; de V\u00edctor Aybar (El Guadal editora)\u00a0 Presenta Mar\u00eda Elena Barrionuevo y &#8220;Esta \u00faltima cobard\u00eda&#8221; de Jos\u00e9 Luis Astrada\u00a0 (El Guadal editora) Presenta: Alejandra Seco<\/p>\n<p class=\"v1MsoNormal\">\n<p class=\"v1MsoNormal\">20 h Gabriel Carta\u00f1\u00e1 \u00bfPor qu\u00e9 somos as\u00ed? Cuando lo simple se hace dif\u00edcil\u00a0 (Invitado nacional)<\/p>\n<p class=\"v1MsoNormal\">\n<p class=\"v1MsoNormal\">21 h\u00a0 Espect\u00e1culo po\u00e9tico musical &#8220;De vino, Viento y R\u00edo&#8221; &#8211; a\/c de Laura Garc\u00eda Vizcarra, P\u00eda Cabral y Bel\u00e9n \u00c1lvarez Parma<\/p>\n<p class=\"v1MsoNormal\">\n<p class=\"v1MsoNormal\"><b>ESPACIO LIVING<\/b><\/p>\n<p class=\"v1MsoNormal\">\n<p class=\"v1MsoNormal\">18 h Charla &#8220;J\u00f3venes escritores de Fray&#8221; &#8211; Municipalidad de Fray Mamerto Esqui\u00fa<\/p>\n<p class=\"v1MsoNormal\">\n<p class=\"v1MsoNormal\"><b>AUDITORIO 2<\/b><\/p>\n<p class=\"v1MsoNormal\">\n<p class=\"v1MsoNormal\">11 h Presentaci\u00f3n del libro &#8220;Alas para volar&#8221; (Antolog\u00eda) Alumnos del Ciclo b\u00e1sico nivel secundario del Instituto Enrique Guillermo Hood &#8211; coord. Jimena Perea<\/p>\n<p class=\"v1MsoNormal\">\n<p class=\"v1MsoNormal\">12 h Presentaci\u00f3n\/ Difusi\u00f3n del ebook &#8220;Una sinfon\u00eda inconclusa: Primera gu\u00eda de cementerios de la Rep\u00fablica Argentina&#8221;<\/p>\n<p class=\"v1MsoNormal\">de Alejandra Soledad Monjes<\/p>\n<p class=\"v1MsoNormal\">\n<p class=\"v1MsoNormal\">15h \u00a0Charla &#8220;La nutrici\u00f3n: nuevas leyes y conductas alimentarias&#8221; a\/c: Colegio de nutricionistas Catamarca<\/p>\n<p class=\"v1MsoNormal\">\n<p class=\"v1MsoNormal\">17 h Presentaci\u00f3n del libro &#8220;Desdichadas&#8221; de Adela Soria (Bel\u00e9n)<\/p>\n<p class=\"v1MsoNormal\">\n<p class=\"v1MsoNormal\">17.30 h Presentaci\u00f3n del libro\u00a0 &#8220;El placer de los m\u00f3rbidos&#8221; de Roberto Bustamante (Tinta libre ediciones)<\/p>\n<p class=\"v1MsoNormal\">\n<p class=\"v1MsoNormal\">18 h Conferencia: &#8220;Basta de Bullying: M\u00e9todo KIVA&#8221; Herramientas y recursos para el aula a cargo Gabriela Zamora y Nancy Pennise &#8211; Municipalidad de Valle Viejo<\/p>\n<p class=\"v1MsoNormal\">\n<p class=\"v1MsoNormal\">18.30 h Lectura de libros en Cac\u00e1n y taller de Triorama (Conociendo nuestra historia local) &#8211; Direcci\u00f3n General de Cultura de S.F.V.C<\/p>\n<p class=\"v1MsoNormal\">\n<p class=\"v1MsoNormal\">19 h Charla &#8220;Avances en la investigaci\u00f3n del Patrimonio Arqueol\u00f3gico y Paleontol\u00f3gico de la Provincia&#8221; &#8211;\u00a0 Equipo de Investigaci\u00f3n DPA<\/p>\n<p class=\"v1MsoNormal\">\n<p class=\"v1MsoNormal\">20 h Conferencia &#8220;Tradici\u00f3n y modernidad: Historias de lecturas, lectores y bibliotecas populares en la Catamarca de comienzos del siglo XX.&#8221; &#8211; UNCA &#8211; (Jorge Perea, Maria Alejandra Pascual, Rom\u00e1n Gordillo y Luis Iba\u00f1ez)<\/p>\n<p class=\"v1MsoNormal\">\n<p class=\"v1MsoNormal\">\n<p class=\"v1MsoNormal\"><b>ESPACIO TALLERES<\/b><\/p>\n<p class=\"v1MsoNormal\">\n<p class=\"v1MsoNormal\">11 h Taller interactivo &#8220;El patrimonio afectivo&#8221; &#8211; a cargo de: Carlos Nazar (Municipalidad de Valle Viejo)<\/p>\n<p class=\"v1MsoNormal\">\n<p class=\"v1MsoNormal\">18.30 h Taller: &#8220;La magia del caf\u00e9 literario: Taller para organizar caf\u00e9s literarios atractivos&#8221; Responsables: Adela Soria, Leandra Fabiola Vega, Claudia del Valle Carrizo<\/p>\n<p class=\"v1MsoNormal\">\n<p class=\"v1MsoNormal\"><b>ESPACIO INFANTIL<\/b><\/p>\n<p class=\"v1MsoNormal\">\n<p class=\"v1MsoNormal\">9 h \u00a0Punto de encuentro actividades del grupo &#8220;Somos la nueva tierra&#8221; &#8211; (Proyecci\u00f3n audiovisual, taller de cer\u00e1mica, taller de canto ancestral, ritual de ofrenda para la madre tierra)<\/p>\n<p class=\"v1MsoNormal\">\n<p class=\"v1MsoNormal\">11 h Taller de paleontolog\u00eda para ni\u00f1os &#8220;Gigantes del Noroeste Argentino&#8221; &#8211; Direcci\u00f3n Provincial de Antropolog\u00eda<\/p>\n<p class=\"v1MsoNormal\">\n<p class=\"v1MsoNormal\">12 h &#8211; Ciclo: Pellizcos: conociendo a nuestros escritores (Direcci\u00f3n de Bibliotecas y Archivo)<\/p>\n<p class=\"v1MsoNormal\">\n<p class=\"v1MsoNormal\">15 h \u00a0Taller de t\u00edteres y cuentos de la mano de Luis Franco &#8211; La Casita Teatro<\/p>\n<p class=\"v1MsoNormal\">\n<p class=\"v1MsoNormal\">16 h \u00a0Presentaci\u00f3n de libro + Taller:\u00a0 &#8220;Coloreando El Shincal de Quimivil&#8221;\u00a0 a\/c: Paula Esposito (Bel\u00e9n)<\/p>\n<p class=\"v1MsoNormal\">\n<p class=\"v1MsoNormal\">17 h Narraciones &#8220;Cuento con vos&#8221; &#8211; Grupo CATALEE<\/p>\n<p class=\"v1MsoNormal\">\n<p class=\"v1MsoNormal\">18h \u00a0Obra teatral &#8220;Flor de cocodrilo&#8221; &#8211; La Casita Teatro<\/p>\n<p class=\"v1MsoNormal\">\n<p class=\"v1MsoNormal\">19 h Ciclo: Pellizcos: conociendo a nuestros escritores (Direcci\u00f3n de Bibliotecas y Archivo)<\/p>\n<p class=\"v1MsoNormal\">\n<p class=\"v1MsoNormal\">20 h Talleres de la Direcci\u00f3n de Bibliotecas y Archivo<\/p>\n<p class=\"v1MsoNormal\">\n<p class=\"v1MsoNormal\"><b>ESPACIO BICENTENARIO<\/b><\/p>\n<p class=\"v1MsoNormal\">\n<p class=\"v1MsoNormal\">10 h Presentaci\u00f3n de libro\u00a0 &#8220;Alas para volar&#8221; (Antolog\u00eda) Alumnos del Ciclo orientado nivel secundario del\u00a0 Instituto Enrique Guillermo Hood &#8211;\u00a0 coord. Jimena Perea.<\/p>\n<p class=\"v1MsoNormal\">\n<p class=\"v1MsoNormal\">18 h Documental &#8220;F\u00e1brica de Alfombras: 70 a\u00f1os&#8221; (Mariel Bomczuk)<\/p>\n<p class=\"v1MsoNormal\">\n<p class=\"v1MsoNormal\">19.30 h Documental &#8220;Luna en Llamas&#8221; de In\u00e9s Ar\u00e1oz con la presencia del director Fabi\u00e1n Sober\u00f3n<\/p>\n<p class=\"v1MsoNormal\">\n<p class=\"v1MsoNormal\"><b>Jueves 10<\/b><\/p>\n<p class=\"v1MsoNormal\">\n<p class=\"v1MsoNormal\"><b>AUDITORIO 1<\/b><\/p>\n<p class=\"v1MsoNormal\">\n<p class=\"v1MsoNormal\">9 h\u00a0 Presentaci\u00f3n de &#8220;\u00a1Y llegaron nuestros libros!&#8221; obras realizadas por alumnos de 2do y 4to del Colegio Quintana coordinan Sonia Rojas y Gabriela Hernaiz<\/p>\n<p class=\"v1MsoNormal\">\n<p class=\"v1MsoNormal\">10 h Cuentos tradicionales y Canciones &#8220;Encuentros en Cajamarca&#8221; a cargo de: Martha D\u00edaz Ruiz, Leonardo Eschm\u00fcller y Ricardo Hernandez Herrera<\/p>\n<p class=\"v1MsoNormal\">\n<p class=\"v1MsoNormal\">10.30 h Recitado de poes\u00edas &#8220;Cuerpo desnudo sin posesivos y otros gritos&#8221; &#8211; Alumnos Colegio Maria Montessori a cargo:prof. Gabriela Avila, y la escritora Vanina Reinoso<\/p>\n<p class=\"v1MsoNormal\">\n<p class=\"v1MsoNormal\">11h Charla Qhapaq \u00d1an, Una did\u00e1ctica para el patrimonio de Victoria Sosa &#8211; Direcci\u00f3n de Patrimonio y Antropolog\u00eda<\/p>\n<p class=\"v1MsoNormal\">\n<p class=\"v1MsoNormal\">12 h Presentaci\u00f3n esc\u00e9nica: Obra de teatro &#8220;Fr\u00edo Amor en Verona&#8221; + Debate &#8211;\u00a0 Alumnos del Instituto Enrique Guillermo Hood<\/p>\n<p class=\"v1MsoNormal\">\n<p class=\"v1MsoNormal\">16 h Charla:\u00a0 Municipios Ambato \u2013 &#8220;Tradiciones Ambate\u00f1as&#8221; a\/c:\u00a0 Teresa Acevedo &#8211; Municipalidad La Puerta<\/p>\n<p class=\"v1MsoNormal\">\n<p class=\"v1MsoNormal\">17 h Charla\u00a0 &#8220;El Imperio Inka en la provincia de Catamarca: Casos de estudio&#8221; a\/c: Mart\u00edn Orgaz &#8211; Direcci\u00f3n de Patrimonio y Antropolog\u00eda<\/p>\n<p class=\"v1MsoNormal\">\n<p class=\"v1MsoNormal\">18 h Charla &#8220;El origen, desarrollo y continuidad de las bibliotecas populares&#8221; a\/c: Maria Rosa Leiva &#8211; Municipalidad de Valle Viejo<\/p>\n<p class=\"v1MsoNormal\">\n<p class=\"v1MsoNormal\">18.30 h Charla &#8220;130 a\u00f1os de la Biblioteca Sarmiento&#8221;: a cargo del Lic. Christian Morales, coordinador de Bibliotecas Municipales<\/p>\n<p class=\"v1MsoNormal\">\n<p class=\"v1MsoNormal\">19 h Presentaci\u00f3n oficial de la Hemeroteca Municipal a cargo de\u00a0 Marqueza Blanco (Secretaria de Cultura y educaci\u00f3n) acompa\u00f1an: Marcelo Gershani, Jorge Perea, Marcelo D\u00edaz y Marcos Quedada.<\/p>\n<p class=\"v1MsoNormal\">\n<p class=\"v1MsoNormal\">20 h\u00a0 Paula V\u00e1zquez y Quique Avogadro. Arte en Marte. magazine cultural del canal de streaming &#8220;Picnic extraterrestre&#8221; (Invitados nacionales)<\/p>\n<p class=\"v1MsoNormal\">\n<p class=\"v1MsoNormal\">21 h\u00a0 Show musical po\u00e9tico &#8220;Nueva Ciudad&#8221; &#8211; D\u00fao Carrizo Saavedra y Julia Tiraboschi<\/p>\n<p class=\"v1MsoNormal\">\n<p class=\"v1MsoNormal\"><b>ESPACIO LIVING<\/b><\/p>\n<p class=\"v1MsoNormal\">\n<p class=\"v1MsoNormal\">15 h Charla &#8220;J\u00f3venes escritores de Fray&#8221; &#8211; Municipalidad de Fray Mamerto Esqui\u00fa<\/p>\n<p class=\"v1MsoNormal\">\n<p class=\"v1MsoNormal\"><b>AUDITORIO 2<\/b><\/p>\n<p class=\"v1MsoNormal\">\n<p class=\"v1MsoNormal\">10 h Conferencia: Alfabetizaci\u00f3n en los niveles obligatorios de la Ense\u00f1anza y las nuevas tecnolog\u00edas &#8211; IES Gobernador Jos\u00e9 Cubas<\/p>\n<p class=\"v1MsoNormal\">\n<p class=\"v1MsoNormal\">11 h \u00a0Taller &#8220;La biblioteca como espacio de creaci\u00f3n art\u00edstica&#8221; a\/c:\u00a0 Stefania Correa<\/p>\n<p class=\"v1MsoNormal\">\n<p class=\"v1MsoNormal\">16 h Tertulia &#8220;Textos ic\u00f3nicos y disruptivos de autoras latinoamericanas&#8221; de alumnos del CJ Armstrong &#8211; coordinan: Mar\u00eda de los Milagros Ju\u00e1rez, Cecilia Oses y Olga Ponce de Le\u00f3n<\/p>\n<p class=\"v1MsoNormal\">\n<p class=\"v1MsoNormal\">17.30 h Presentaci\u00f3n de libro &#8220;El difunto&#8221; de Hugo Alaniz<\/p>\n<p class=\"v1MsoNormal\">\n<p class=\"v1MsoNormal\">18 h Presentaci\u00f3n de libros\u00a0 &#8220;50 a\u00f1os del CPDC&#8221; y &#8220;Actualizaci\u00f3n estad\u00edsticas deportivas&#8221; de Carlos Gallo, coordina Roberto Chac\u00f3n (Presidente del C\u00edrculo de Periodistas Deportivos de Catamarca)<\/p>\n<p class=\"v1MsoNormal\">\n<p class=\"v1MsoNormal\">19 h Conferencia: &#8220;Messi y la Tercera Estrella: El Legado del Mundial en Argentina&#8221;\u00a0 a\/c: de Nazareno Vazquez<\/p>\n<p class=\"v1MsoNormal\">\n<p class=\"v1MsoNormal\"><b>ESPACIO TALLERES<\/b><\/p>\n<p class=\"v1MsoNormal\">\n<p class=\"v1MsoNormal\">11 h Taller &#8220;Caf\u00e9 literario: destinado a la escritura de textos breves tradicionales&#8221; a\/c:Profesores del IES Gobernador Jos\u00e9 Cubas<\/p>\n<p class=\"v1MsoNormal\">\n<p class=\"v1MsoNormal\">15 h Exposici\u00f3n del proyecto\u00a0 &#8220;Te leo. Me lees y Leemos&#8221; &#8211; Colegio Guadalupe a\/c: Natalia Roldan &#8211; Municipalidad de Valle Viejo<\/p>\n<p class=\"v1MsoNormal\">\n<p class=\"v1MsoNormal\">16 h Charla con el autor Carlos Gallo sobre Antonio Taire &#8211; Municipalidad Valle Viejo<\/p>\n<p class=\"v1MsoNormal\">\n<p class=\"v1MsoNormal\">19 h Taller de Comics &#8220;An\u00edmate a contar historias a trav\u00e9s de dibujos&#8221; &#8211; Franco Orellana &#8211; Direcci\u00f3n General de Cultura S.F.V.C<\/p>\n<p class=\"v1MsoNormal\">\n<p class=\"v1MsoNormal\"><b>ESPACIO INFANTIL<\/b><\/p>\n<p class=\"v1MsoNormal\">\n<p class=\"v1MsoNormal\">9 h Rinc\u00f3n de lectura &#8220;Rinc\u00f3n Narrativo L\u00fadico&#8221; &#8211; Alumnos del Ciclo b\u00e1sico del nivel secundario (ISEG Hood) Coord. Ledesma Fernando, Seco Luciana y Salinas Soledad<\/p>\n<p class=\"v1MsoNormal\">\n<p class=\"v1MsoNormal\">10.30 h Taller &#8220;Habilidades Ancestrales: Un abordaje desde la Arqueolog\u00eda Experimental&#8221; a cargo de Leo Faryluk<\/p>\n<p class=\"v1MsoNormal\">\n<p class=\"v1MsoNormal\">11 h Narraci\u00f3n y actividad &#8220;Creciendo con Confianza y Autoestima&#8221;- Secretar\u00eda de Extensi\u00f3n Universitaria<\/p>\n<p class=\"v1MsoNormal\">\n<p class=\"v1MsoNormal\">12 h Ciclo: Pellizcos: conociendo a nuestros escritores (Direcci\u00f3n de Bibliotecas y Archivo)<\/p>\n<p class=\"v1MsoNormal\">\n<p class=\"v1MsoNormal\">15 h \u00a0Show musical &#8220;Cantamos, pensamos y jugamos&#8221; &#8211; Eugenia Mart\u00ednez y Catalina Divasto<\/p>\n<p class=\"v1MsoNormal\">\n<p class=\"v1MsoNormal\">16 h\u00a0 Narraciones &#8220;Risas en palabras&#8221; &#8211; Alumnos del Colegio Santa Rosa de Lima y Cristo Rey, de la Escuela N\u00b0 265 y de la Escuela Rivadavia.<\/p>\n<p class=\"v1MsoNormal\">\n<p class=\"v1MsoNormal\">16.30 h Narraciones &#8220;Fray te cuenta&#8221; &#8211; Municipalidad de Fray Mamerto Esqui\u00fa<\/p>\n<p class=\"v1MsoNormal\">\n<p class=\"v1MsoNormal\">17 h Taller de Comics &#8220;An\u00edmate a contar historias a trav\u00e9s de dibujos&#8221; a\/c: Franco Orellana &#8211; Direcci\u00f3n General de Cultura S.F.V.C<\/p>\n<p class=\"v1MsoNormal\">\n<p class=\"v1MsoNormal\">18 h\u00a0 Narraci\u00f3n oral y canciones &#8220;Brotecitos&#8221; de\u00a0 Gabriela Avila y Eliana Rodriguez<\/p>\n<p class=\"v1MsoNormal\">\n<p class=\"v1MsoNormal\"><b>ESPACIO BICENTENARIO<\/b><\/p>\n<p class=\"v1MsoNormal\">\n<p class=\"v1MsoNormal\">10 h Podcast &#8220;J\u00f3venes eternos&#8221; a cargo de los alumnos de 5to de comunicaci\u00f3n del Colegio Guadalupe\u00a0 &#8211; coord: Patricia Liliana Vega<\/p>\n<p class=\"v1MsoNormal\">\n<p class=\"v1MsoNormal\">11 h Bienestar Integral. Claves para promover el bienestar integral en nuestras escuelas. (Equipo de la Secretar\u00eda de Bienestar Integral) &#8211; Ministerio de Educaci\u00f3n<\/p>\n<p class=\"v1MsoNormal\">\n<p class=\"v1MsoNormal\">12 h Conferencias: El Ingl\u00e9s en la escuela. Claves para repensarlo (Prof. Laura Orellana) ; y Actualizaci\u00f3n del Canon de Autores Catamarque\u00f1os para trabajar en el Aula. (Equipo de E. Superior) &#8211; Ministerio de educaci\u00f3n<\/p>\n<p class=\"v1MsoNormal\">\n<p class=\"v1MsoNormal\"><b>Viernes 11\u00a0<\/b><\/p>\n<p class=\"v1MsoNormal\"><b>AUDITORIO 1<\/b><\/p>\n<p class=\"v1MsoNormal\">\n<p class=\"v1MsoNormal\">15 h Obra teatral &#8220;Los Cuentos de Zalazar: La Tierra Contada&#8221; &#8211; Elenco oficial del Instituto Guillermo Hood dirigido por S\u00e1nchez Sebasti\u00e1n (Adaptaci\u00f3n de los cuentos de Juan Bautista Zalazar)<\/p>\n<p class=\"v1MsoNormal\">\n<p class=\"v1MsoNormal\">16 h Presentaci\u00f3n de libro &#8220;Emociones complejas&#8221; de Clarisa Cruz (Santa Maria)<\/p>\n<p class=\"v1MsoNormal\">\n<p class=\"v1MsoNormal\">16.30 h Mesa tem\u00e1tica sobre historia: Presentaci\u00f3n de libro &#8220;Los Cuentos y los D\u00edas: Momentos de la Historia Argentina&#8221; de Daniel Heredia y Ezequiel Sosa ; &#8221; Versos hist\u00f3ricos&#8221; de Gerardo Sebasti\u00e1n Santill\u00e1n<\/p>\n<p class=\"v1MsoNormal\">\n<p class=\"v1MsoNormal\">17.30 h Charla &#8220;Diarios del siglo XIX en la Hemeroteca Municipal&#8221; a cargo de Christian Morales e invitados &#8211; Direcci\u00f3n General de Cultura S.F.V.C<\/p>\n<p class=\"v1MsoNormal\">\n<p class=\"v1MsoNormal\">18 h Conferencia &#8220;La gesti\u00f3n teatral de Juan Oscar Ponferrada 1946-1974&#8221; a\/c de Gabriela Borgna<\/p>\n<p class=\"v1MsoNormal\">\n<p class=\"v1MsoNormal\">19 h\u00a0 Acto de apertura &#8211; Primer Festival de Poes\u00eda Norte Natural &#8211; Mesa de lectura<\/p>\n<p class=\"v1MsoNormal\">\n<p class=\"v1MsoNormal\">20 h\u00a0 &#8220;Folclore para una Patria Grande&#8221;. Espect\u00e1culo musical Maria Paula Godoy<\/p>\n<p class=\"v1MsoNormal\">\n<p class=\"v1MsoNormal\">21 h Hern\u00e1n Casciari presenta &#8220;Puro Cuento&#8221; (Invitado nacional)<\/p>\n<p class=\"v1MsoNormal\">\n<p class=\"v1MsoNormal\"><b>AUDITORIO 2<\/b><\/p>\n<p class=\"v1MsoNormal\">\n<p class=\"v1MsoNormal\">15 h Conferencia &#8220;Escribir como acto pol\u00edtico&#8221; &#8211; Maria Victoria Casado &#8211; Municipalidad de Fray Mamerto Esqui\u00fa<\/p>\n<p class=\"v1MsoNormal\">\n<p class=\"v1MsoNormal\">16.30 h Presentaci\u00f3n de la Primera Revista Digital Naranja Tinta. A cargo de Cintia Brizuela &#8211;\u00a0 ISEG Hood<\/p>\n<p class=\"v1MsoNormal\">\n<p class=\"v1MsoNormal\">17 h Presentaci\u00f3n de libro &#8220;Las humanidades ante el bicentenario de la autonom\u00eda de Catamarca: escenarios y disputas sobre el porvenir&#8221;\u00a0 Compilaci\u00f3n de Na\u00edm Garnica y Elsa Ponce<\/p>\n<p class=\"v1MsoNormal\">\n<p class=\"v1MsoNormal\">18 h Conferencia para m\u00fasicos &#8211; Bernab\u00e9 &#8220;Buco&#8221; Cantlon (INAMU Argentina)<\/p>\n<p class=\"v1MsoNormal\">\n<p class=\"v1MsoNormal\">19.30 h Conferencia &#8220;Manual de periodismo popular y feminista&#8221; &#8211;\u00a0 Camila Parodi Scotti<\/p>\n<p class=\"v1MsoNormal\">\n<p class=\"v1MsoNormal\"><b>ESPACIO TALLERES<\/b><\/p>\n<p class=\"v1MsoNormal\">\n<p class=\"v1MsoNormal\">15 h \u00a0Taller escultura pl\u00e1stica &#8220;Regionalitos&#8221;- Luisina Castillo (@Desesper.arte)<\/p>\n<p class=\"v1MsoNormal\">\n<p class=\"v1MsoNormal\">16.30 h\u00a0 Encuentro entre talleres literarios &#8211; Taller intensivo poes\u00eda\/narrativa coordina: Enrique Traverso y Celia Sarqu\u00eds<\/p>\n<p class=\"v1MsoNormal\">\n<p class=\"v1MsoNormal\">18 h \u00a0 Taller &#8220;La escritura acad\u00e9mica no es una misi\u00f3n imposible&#8221; &#8211; Responsable: Gabriela Santill\u00e1n (Instituto Lengua Madre)<\/p>\n<p class=\"v1MsoNormal\">\n<p class=\"v1MsoNormal\">19 h Disertaci\u00f3n &#8220;La antropolog\u00eda Deportiva como dispositivo para que los ni\u00f1os, ni\u00f1as y j\u00f3venes digan&#8221; a\/c: Horacio Barboza P\u00e9rez &#8211; Municipalidad de Valle Viejo<\/p>\n<p class=\"v1MsoNormal\">\n<p class=\"v1MsoNormal\"><b>ESPACIO INFANTIL<\/b><\/p>\n<p class=\"v1MsoNormal\">\n<p class=\"v1MsoNormal\">15 h \u00a0Cuentacuentos &#8220;Una Caja Llena de &#8230;. Laura Devetach&#8221; &#8211; a\/c: Gabriela Batall\u00e1n y Marta In\u00e9s Tapia<\/p>\n<p class=\"v1MsoNormal\">\n<p class=\"v1MsoNormal\">16 h Presentaci\u00f3n del libro &#8220;L\u00edos de granja&#8221; de Chincho Poroto (Editorial Quebracho)<\/p>\n<p class=\"v1MsoNormal\">\n<p class=\"v1MsoNormal\">16.30 h \u00a0Obra teatral &#8220;Un presente para Pascualito&#8221; act\u00faa: Chincho Poroto<\/p>\n<p class=\"v1MsoNormal\">\n<p class=\"v1MsoNormal\">17 h \u00a0Taller escultura pl\u00e1stica &#8220;Regionalitos&#8221;- Luisina Castillo (Desesper.arte)<\/p>\n<p class=\"v1MsoNormal\">\n<p class=\"v1MsoNormal\">18 h\u00a0 Ciclo: Pellizcos: Conociendo a nuestros escritores: Vanina Reinoso (Direcci\u00f3n de Bibliotecas y Archivo)<\/p>\n<p class=\"v1MsoNormal\">\n<p class=\"v1MsoNormal\">19 h The Italian Spaceway &#8211; Sociedad Italiana<\/p>\n<p class=\"v1MsoNormal\">\n<p class=\"v1MsoNormal\">20 h \u00a0Taller de t\u00edteres de cart\u00f3n &#8211; Fede Abaca<\/p>\n<p class=\"v1MsoNormal\">\n<p class=\"v1MsoNormal\"><b>ESPACIO BICENTENARIO<\/b><\/p>\n<p class=\"v1MsoNormal\">\n<p class=\"v1MsoNormal\">16 h Primer Festival de poes\u00eda Norte Natural &#8211; Mesa de lectura<\/p>\n<p class=\"v1MsoNormal\">\n<p class=\"v1MsoNormal\">19.30 h Podcast &#8211; Entrevista a Hilda Angelica Garcia sobre la vida y obra de Jorge Paolantonio &#8211; Direcci\u00f3n de Patrimonio<\/p>\n<p class=\"v1MsoNormal\">\n<p class=\"v1MsoNormal\">20.30 h Documental de In\u00e9s Ar\u00e1oz<\/p>\n<p class=\"v1MsoNormal\">\n<p class=\"v1MsoNormal\"><b>P\u00c9RGOLA<\/b><\/p>\n<p class=\"v1MsoNormal\">\n<p class=\"v1MsoNormal\">17 h Clase abierta de danza afrobrasilera a cargo de Mauro de Souza<\/p>\n<p class=\"v1MsoNormal\">\n<p class=\"v1MsoNormal\">18 h Lau Aroca Jazz Band<\/p>\n<p class=\"v1MsoNormal\">\n<p class=\"v1MsoNormal\">19 h Miranda \u00c1lvarez Tello<\/p>\n<p class=\"v1MsoNormal\">\n<p class=\"v1MsoNormal\">20 h Jazzper<\/p>\n<p class=\"v1MsoNormal\">\n<p class=\"v1MsoNormal\"><b>S\u00e1bado 12<\/b><\/p>\n<p class=\"v1MsoNormal\">\n<p class=\"v1MsoNormal\"><b>AUDITORIO 1<\/b><\/p>\n<p class=\"v1MsoNormal\">\n<p class=\"v1MsoNormal\">15 h Espect\u00e1culo &#8220;Danzando en la feria del libro&#8221; &#8211; Alma de horizonte &#8211;\u00a0 Ballet de Fray Mamerto Esqui\u00fa<\/p>\n<p class=\"v1MsoNormal\">\n<p class=\"v1MsoNormal\">15.20 h Espect\u00e1culo &#8220;Homenaje al Flaco Spinetta&#8221; &#8211; Instituto Rubinstein<\/p>\n<p class=\"v1MsoNormal\">\n<p class=\"v1MsoNormal\">15.40 h Espect\u00e1culo &#8220;Medley de canciones de Disney y Pixar&#8221; &#8211; Instituto Rubinstein<\/p>\n<p class=\"v1MsoNormal\">\n<p class=\"v1MsoNormal\">16 h Disertaci\u00f3n &#8220;Cuando la poes\u00eda se hace canci\u00f3n &#8221; a\/c: Sandra Solohaga y\u00a0 Nelson Villagra &#8211; Municipalidad de Valle Viejo<\/p>\n<p class=\"v1MsoNormal\">\n<p class=\"v1MsoNormal\">17 h Presentaci\u00f3n &#8220;Camino a los 100 a\u00f1os de la Biblioteca de San Antonio: Juana Rosa Ahumada&#8221; coord: Mario Daniel Vera y Sandra Solohaga &#8211; Municipalidad de Fray Mamerto Esqui\u00fa<\/p>\n<p class=\"v1MsoNormal\">\n<p class=\"v1MsoNormal\">18 h\u00a0 Presentaci\u00f3n de libros Editorial La papa: &#8220;Trazos en el muro&#8221; de Gabriela Palazzo y &#8220;El infierno perfecto&#8221; de Victor Hugo Cortez (Tucum\u00e1n)<\/p>\n<p class=\"v1MsoNormal\">\n<p class=\"v1MsoNormal\">19 h El Guadal editora realizar\u00e1 la presentaci\u00f3n de los libros &#8220;La tierna ferocidad de los d\u00edas&#8221;, de Celia Sarqu\u00eds, &#8220;Diestra&#8221;, de Estefan\u00eda Herrera, y &#8220;El telar, lo dom\u00e9stico y lo p\u00fablico&#8221; de Fabiola Solohaga. Adem\u00e1s, la colecci\u00f3n Seismiles, con el libro &#8220;Trilog\u00eda&#8221;, de Jorge Paolantonio. Coordinaci\u00f3n: V\u00edctor Aybar, Jos\u00e9 Luis Astrada y Gonzalo Reartes.<\/p>\n<p class=\"v1MsoNormal\">\n<p class=\"v1MsoNormal\">20 h \u00a0\u00a0Tom\u00e1s Balmaceda. Volver a pensar. Pistas para volverse desobedientes.\u00a0 (Invitado nacional)<\/p>\n<p class=\"v1MsoNormal\">\n<p class=\"v1MsoNormal\">21 h Presentaci\u00f3n del nuevo disco &#8221;Mudanza&#8221;, integrado por 12 canciones de su autor\u00eda &#8211; Fran Santill\u00e1n (Catamarca)<\/p>\n<p class=\"v1MsoNormal\">\n<p class=\"v1MsoNormal\"><b>ESPACIO LIVING<\/b><\/p>\n<p class=\"v1MsoNormal\">\n<p class=\"v1MsoNormal\">16 h Narraci\u00f3n &#8220;Las enaguas de mi abuela Audemia&#8221; de Mirtha &#8220;Kuka&#8221; Maturano (Santa Mar\u00eda)<\/p>\n<p class=\"v1MsoNormal\">\n<p class=\"v1MsoNormal\">19 a 21 h \u00a0Din\u00e1mica bordado &#8220;Entretexto&#8221; &#8211; Grupo Pasionarias<\/p>\n<p class=\"v1MsoNormal\">\n<p class=\"v1MsoNormal\"><b>AUDITORIO 2<\/b><\/p>\n<p class=\"v1MsoNormal\">\n<p class=\"v1MsoNormal\">16 h \u00a0Presentaci\u00f3n fanzine digital &#8220;Soluciones actuales&#8221; &#8211; Collagistas Catamarque\u00f1os<\/p>\n<p class=\"v1MsoNormal\">\n<p class=\"v1MsoNormal\">18 h Presentaci\u00f3n de la novela policial: &#8220;El eslab\u00f3n rojo&#8221; de Mar\u00eda Jos\u00e9 Cavallo (Ed. De las Bermudas)<\/p>\n<p class=\"v1MsoNormal\">\n<p class=\"v1MsoNormal\">19 h Presentaci\u00f3n de libro &#8220;Vientos de Yokavil&#8221; Antolog\u00eda literaria (Santa Mar\u00eda) a\/c: Clarisa Cruz<\/p>\n<p class=\"v1MsoNormal\">\n<p class=\"v1MsoNormal\"><b>ESPACIO TALLERES<\/b><\/p>\n<p class=\"v1MsoNormal\">\n<p class=\"v1MsoNormal\">\n<p class=\"v1MsoNormal\">17 h Juntada Collage &#8220;Catamarca Collage Club&#8221;<\/p>\n<p class=\"v1MsoNormal\">\n<p class=\"v1MsoNormal\">19 h \u00a0Taller de escritura &#8220;Mi primera persona del singular: Poes\u00eda y resistencia&#8221; a cargo de Victor Aybar y Estefania Herrera<\/p>\n<p class=\"v1MsoNormal\">\n<p class=\"v1MsoNormal\"><b>ESPACIO INFANTIL<\/b><\/p>\n<p class=\"v1MsoNormal\">\n<p class=\"v1MsoNormal\">15 h \u00a0Obra teatral &#8220;La Leyenda del Gigante dormido&#8221; a cargo: Pablo Gurovich<\/p>\n<p class=\"v1MsoNormal\">\n<p class=\"v1MsoNormal\">16 h The Italian Spaceway &#8211; Sociedad Italiana<\/p>\n<p class=\"v1MsoNormal\">\n<p class=\"v1MsoNormal\">17 h Narraci\u00f3n + dibujo &#8220;Cuentos m\u00e1gicos y creatividad&#8221; &#8211; Sofia Lajmadi<\/p>\n<p class=\"v1MsoNormal\">\n<p class=\"v1MsoNormal\">19 h \u00a0Obra teatral &#8220;Brigada Anti zumbidos&#8221; &#8211; Grupo Mart\u00edn Pescador<\/p>\n<p class=\"v1MsoNormal\">\n<p class=\"v1MsoNormal\">20 h Espect\u00e1culo de magia &#8211; Mago de Piro<\/p>\n<p class=\"v1MsoNormal\">\n<p class=\"v1MsoNormal\"><b>ESPACIO BICENTENARIO<\/b><\/p>\n<p class=\"v1MsoNormal\">\n<p class=\"v1MsoNormal\">16 h Presentaci\u00f3n de libro &#8220;Coplas y vidalas de nuestra tierra&#8221; y espect\u00e1culo musical &#8211; UPCN<\/p>\n<p class=\"v1MsoNormal\">\n<p class=\"v1MsoNormal\">19 h\u00a0 Documental de &#8220;Luna en llamas&#8221; y lectura de la poeta.<\/p>\n<p class=\"v1MsoNormal\">\n<p class=\"v1MsoNormal\"><b>P\u00c9RGOLA<\/b><\/p>\n<p class=\"v1MsoNormal\">\n<p class=\"v1MsoNormal\">18 h M\u00fasica para Bibliotecas, Jard\u00edn Azul<\/p>\n<p class=\"v1MsoNormal\">\n<p class=\"v1MsoNormal\">19 h Cesalpinia<\/p>\n<p class=\"v1MsoNormal\">\n<p class=\"v1MsoNormal\">20 h Orfebres<\/p>\n<p class=\"v1MsoNormal\">\n<p class=\"v1MsoNormal\"><b>Domingo 13<\/b><\/p>\n<p class=\"v1MsoNormal\">\n<p class=\"v1MsoNormal\"><b>AUDITORIO 1<\/b><\/p>\n<p class=\"v1MsoNormal\">\n<p class=\"v1MsoNormal\">15 h\u00a0 Coro infantil &#8211; Direcci\u00f3n General de Cultura S.F.V.C<\/p>\n<p class=\"v1MsoNormal\">\n<p class=\"v1MsoNormal\">16 h Narraci\u00f3n &#8220;Fray Cuentos: Fede Abaca&#8221;<\/p>\n<p class=\"v1MsoNormal\">\n<p class=\"v1MsoNormal\">16.30 h\u00a0 Narraciones y danza &#8220;Momentos&#8221; &#8211; SADE Joven \/ Instituto Manuel Belgrano<\/p>\n<p class=\"v1MsoNormal\">\n<p class=\"v1MsoNormal\">17.30 h Espect\u00e1culo musical &#8220;A trav\u00e9s del tiempo&#8221; &#8211; Ensamble Zambonini<\/p>\n<p class=\"v1MsoNormal\">\n<p class=\"v1MsoNormal\">18 h Presentaci\u00f3n del libro &#8220;1\u00b0 Antolog\u00eda Grupo Hornero La Rioja&#8221; a cargo del\u00a0 Grupo hornero<\/p>\n<p class=\"v1MsoNormal\">\n<p class=\"v1MsoNormal\">19 h Nacional: Presentaci\u00f3n del libro &#8220;De boca en boca&#8221; de Laura Rold\u00e1n, acompa\u00f1a: Silvia Lizzarraga.<\/p>\n<p class=\"v1MsoNormal\">\n<p class=\"v1MsoNormal\">20 h \u00a0Recital musical po\u00e9tico &#8220;Creadoras&#8221; &#8211; Itat\u00ed \u00c1lvarez, Nora Benaglia y Victoria Cataldi Fleming<\/p>\n<p class=\"v1MsoNormal\">\n<p class=\"v1MsoNormal\">21 h @Unmuertomas &#8211; Guido Carmona (Invitado nacional)<\/p>\n<p class=\"v1MsoNormal\">\n<p class=\"v1MsoNormal\">22 h Cierre de la Feria<\/p>\n<p class=\"v1MsoNormal\">\n<p class=\"v1MsoNormal\"><b>AUDITORIO 2<\/b><\/p>\n<p class=\"v1MsoNormal\">\n<p class=\"v1MsoNormal\">16 h Conversaci\u00f3n entre el Psicoan\u00e1lisis y el Arte &#8211; Sof\u00eda Zuliani instituci\u00f3n: Delegaci\u00f3n Catamarca &#8211; Instituto Oscar Masotta 3 y Roxana Castro<\/p>\n<p class=\"v1MsoNormal\">\n<p class=\"v1MsoNormal\">17 h Charla &#8220;La ansiedad: Un tema muy hablado hoy en d\u00eda&#8221; &#8211; Andrea Barone<\/p>\n<p class=\"v1MsoNormal\">\n<p class=\"v1MsoNormal\">19 h Presentaci\u00f3n del libro &#8220;Variantes de Ausencia&#8221; de Ailin Toso, coautor\u00eda: Ronda V\u00e1zquez<\/p>\n<p class=\"v1MsoNormal\">\n<p class=\"v1MsoNormal\"><b>ESPACIO TALLERES<\/b><\/p>\n<p class=\"v1MsoNormal\">\n<p class=\"v1MsoNormal\">15 h Taller\/Capacitaci\u00f3n: Origami: una forma de defender la creatividad en un mundo digital a\/c: Roxana Marisol Amaya<\/p>\n<p class=\"v1MsoNormal\">\n<p class=\"v1MsoNormal\">16 h Taller\/Capacitaci\u00f3n: Origami: una forma de defender la creatividad en un mundo digital a\/c: Roxana Marisol Amaya<\/p>\n<p class=\"v1MsoNormal\">\n<p class=\"v1MsoNormal\">17 h Taller de dibujo de Caricaturas para ni\u00f1os, j\u00f3venes y adultos. a\/c: Sebastian Gershani (@soy.merme)<\/p>\n<p class=\"v1MsoNormal\">\n<p class=\"v1MsoNormal\">18 h\u00a0 Taller de Animaci\u00f3n Stop Motion &#8211; Mariana Diaz<\/p>\n<p class=\"v1MsoNormal\">\n<p class=\"v1MsoNormal\"><b>ESPACIO INFANTIL<\/b><\/p>\n<p class=\"v1MsoNormal\">\n<p class=\"v1MsoNormal\">16 h \u00a0Unipersonal &#8220;Ray\u00fan entre hechizos y cuentos&#8221; &#8211; Gisele Romina Chalon<\/p>\n<p class=\"v1MsoNormal\">\n<p class=\"v1MsoNormal\">18 h\u00a0 Obra teatral itinerante &#8220;Variantes de ausencia&#8221; &#8211; Ronda V\u00e1zquez<\/p>\n<p class=\"v1MsoNormal\">\n<p class=\"v1MsoNormal\">20 h Obra Teatral Musical &#8220;El Maravilloso Mundo de los Gnomos&#8221; &#8211; Gisela Caso y Pablo Gurovich<\/p>\n<p class=\"v1MsoNormal\">\n<p class=\"v1MsoNormal\"><b>ESPACIO BICENTENARIO<\/b><\/p>\n<p class=\"v1MsoNormal\">\n<p class=\"v1MsoNormal\">15 h Proyecci\u00f3n del corto &#8220;En la \u00f3pera&#8221; y pel\u00edcula &#8220;Amigos Imaginarios&#8221;. Apto Todo p\u00fablico. Colaboraci\u00f3n Cinem\u00f3vil Catamarca<\/p>\n<p class=\"v1MsoNormal\">\n<p class=\"v1MsoNormal\">17 h Cine debate &#8220;Conversaciones entre el psicoan\u00e1lisis y el cine. \u00bfQui\u00e9n necesita un padre?&#8221; a cargo de: Lorena Figueroa &#8211; Proyecci\u00f3n de pel\u00edcula &#8220;Blondi&#8221; (Dolores Fonzi, 2023)<\/p>\n<p class=\"v1MsoNormal\">\n<p class=\"v1MsoNormal\">19.30 h Proyecci\u00f3n de pel\u00edcula &#8220;Barcos y Catedrales&#8221; con presencia del director Nicol\u00e1s Ar\u00e1oz (2024)<\/p>\n<p class=\"v1MsoNormal\">\n<p class=\"v1MsoNormal\"><b>P\u00c9RGOLA<\/b><\/p>\n<p class=\"v1MsoNormal\">\n<p class=\"v1MsoNormal\">17 h Clase abierta de danza afrobrasilera a cargo del Prof Mauro de Souza<\/p>\n<p class=\"v1MsoNormal\">\n<p class=\"v1MsoNormal\">18 h Milba<\/p>\n<p class=\"v1MsoNormal\">\n<p class=\"v1MsoNormal\">19 h Grupo Alternativa<\/p>\n<p class=\"v1MsoNormal\">\n<p class=\"v1MsoNormal\">20 h Fede Miranda<\/p>\n","protected":false},"excerpt":{"rendered":"<p>Durante 5 d\u00edas, del 9 al 13 de octubre, el Predio Ferial Catamarca albergar\u00e1 una nueva edici\u00f3n -la n\u00famero 16- de la Feria Provincial del Libro, que se realiza bajo el lema &#8220;Defiendo lo m\u00edo. Los libros como resistencia&#8221; coincidiendo con el fin de semana largo. El sal\u00f3n Peregrina Z\u00e1rate ser\u00e1 el espacio principal donde [&hellip;]<\/p>\n","protected":false},"author":2,"featured_media":2522,"comment_status":"open","ping_status":"open","sticky":false,"template":"","format":"standard","meta":{"footnotes":""},"categories":[23,20],"tags":[],"class_list":{"0":"post-2521","1":"post","2":"type-post","3":"status-publish","4":"format-standard","5":"has-post-thumbnail","7":"category-destacados","8":"category-sociedad"},"aioseo_notices":[],"_links":{"self":[{"href":"https:\/\/elfaroonline.com.ar\/index.php\/wp-json\/wp\/v2\/posts\/2521","targetHints":{"allow":["GET"]}}],"collection":[{"href":"https:\/\/elfaroonline.com.ar\/index.php\/wp-json\/wp\/v2\/posts"}],"about":[{"href":"https:\/\/elfaroonline.com.ar\/index.php\/wp-json\/wp\/v2\/types\/post"}],"author":[{"embeddable":true,"href":"https:\/\/elfaroonline.com.ar\/index.php\/wp-json\/wp\/v2\/users\/2"}],"replies":[{"embeddable":true,"href":"https:\/\/elfaroonline.com.ar\/index.php\/wp-json\/wp\/v2\/comments?post=2521"}],"version-history":[{"count":1,"href":"https:\/\/elfaroonline.com.ar\/index.php\/wp-json\/wp\/v2\/posts\/2521\/revisions"}],"predecessor-version":[{"id":2523,"href":"https:\/\/elfaroonline.com.ar\/index.php\/wp-json\/wp\/v2\/posts\/2521\/revisions\/2523"}],"wp:featuredmedia":[{"embeddable":true,"href":"https:\/\/elfaroonline.com.ar\/index.php\/wp-json\/wp\/v2\/media\/2522"}],"wp:attachment":[{"href":"https:\/\/elfaroonline.com.ar\/index.php\/wp-json\/wp\/v2\/media?parent=2521"}],"wp:term":[{"taxonomy":"category","embeddable":true,"href":"https:\/\/elfaroonline.com.ar\/index.php\/wp-json\/wp\/v2\/categories?post=2521"},{"taxonomy":"post_tag","embeddable":true,"href":"https:\/\/elfaroonline.com.ar\/index.php\/wp-json\/wp\/v2\/tags?post=2521"}],"curies":[{"name":"wp","href":"https:\/\/api.w.org\/{rel}","templated":true}]}}