{"id":2524,"date":"2024-10-04T20:54:10","date_gmt":"2024-10-04T23:54:10","guid":{"rendered":"https:\/\/elfaroonline.com.ar\/?p=2524"},"modified":"2024-10-04T20:54:10","modified_gmt":"2024-10-04T23:54:10","slug":"el-vicegobernador-ruben-dusso-participo-en-la-tercera-reunion-de-la-comision-nacional-de-fronteras","status":"publish","type":"post","link":"https:\/\/elfaroonline.com.ar\/index.php\/2024\/10\/04\/el-vicegobernador-ruben-dusso-participo-en-la-tercera-reunion-de-la-comision-nacional-de-fronteras\/","title":{"rendered":"El Vicegobernador Rub\u00e9n Dusso particip\u00f3 en la Tercera Reuni\u00f3n de la Comisi\u00f3n Nacional de Fronteras"},"content":{"rendered":"<p>El Vicegobernador Rub\u00e9n Dusso, a cargo del Poder Ejecutivo, particip\u00f3 en Buenos Aires de la 3ra Reuni\u00f3n de la Comisi\u00f3n Nacional de Fronteras, convocada por la Jefatura de Gabinete de Ministros de la Naci\u00f3n que conduce Guillermo Francos, en un encuentro donde tambi\u00e9n asisti\u00f3 como autoridad de la naci\u00f3n la ministra de Seguridad Patricia Bulrich. El evento se llev\u00f3 a cabo en el Sal\u00f3n H\u00e9roes de Malvinas de la Casa de Gobierno, donde se abordaron temas de importancia para la administraci\u00f3n de los pasos fronterizos en Argentina.<\/p>\n<p>Durante la reuni\u00f3n, donde estuvo tambi\u00e9n presente la directora del Paso San Francisco del Ministerio Integraci\u00f3n Regional, Log\u00edstica y Transporte, Eugenia Jofre, y donde el vicegobernador estuvo acompa\u00f1ado por el subsecretario de Coordinaci\u00f3n y T\u00e9cnica de Senado, Julio Macedo, se discutieron diversas pol\u00edticas del Gobierno Nacional relacionadas con los pasos internacionales y los centros de frontera, destacando desde la mirada del vicegobernador catamarque\u00f1o que est\u00e1n trabajando como Gobierno provincial para que el Paso San Francisco tenga mayor cantidad de d\u00edas habilitados desde el lado de Chile.<\/p>\n<p>&#8220;Estuvieron todos los organismos involucrados&#8221;, se\u00f1al\u00f3 Dusso, quien considera que en este marco se busca &#8220;que la comercializaci\u00f3n, el turismo y todo lo que rodea a este \u00e1rea de problemas se vuelva m\u00e1s \u00e1gil, que sea m\u00e1s din\u00e1mico y que sea una forma de integrar Argentina al mundo&#8221;.<\/p>\n","protected":false},"excerpt":{"rendered":"<p>El Vicegobernador Rub\u00e9n Dusso, a cargo del Poder Ejecutivo, particip\u00f3 en Buenos Aires de la 3ra Reuni\u00f3n de la Comisi\u00f3n Nacional de Fronteras, convocada por la Jefatura de Gabinete de Ministros de la Naci\u00f3n que conduce Guillermo Francos, en un encuentro donde tambi\u00e9n asisti\u00f3 como autoridad de la naci\u00f3n la ministra de Seguridad Patricia Bulrich. [&hellip;]<\/p>\n","protected":false},"author":2,"featured_media":2525,"comment_status":"open","ping_status":"open","sticky":false,"template":"","format":"standard","meta":{"footnotes":""},"categories":[23,21],"tags":[],"class_list":{"0":"post-2524","1":"post","2":"type-post","3":"status-publish","4":"format-standard","5":"has-post-thumbnail","7":"category-destacados","8":"category-politica"},"aioseo_notices":[],"_links":{"self":[{"href":"https:\/\/elfaroonline.com.ar\/index.php\/wp-json\/wp\/v2\/posts\/2524","targetHints":{"allow":["GET"]}}],"collection":[{"href":"https:\/\/elfaroonline.com.ar\/index.php\/wp-json\/wp\/v2\/posts"}],"about":[{"href":"https:\/\/elfaroonline.com.ar\/index.php\/wp-json\/wp\/v2\/types\/post"}],"author":[{"embeddable":true,"href":"https:\/\/elfaroonline.com.ar\/index.php\/wp-json\/wp\/v2\/users\/2"}],"replies":[{"embeddable":true,"href":"https:\/\/elfaroonline.com.ar\/index.php\/wp-json\/wp\/v2\/comments?post=2524"}],"version-history":[{"count":1,"href":"https:\/\/elfaroonline.com.ar\/index.php\/wp-json\/wp\/v2\/posts\/2524\/revisions"}],"predecessor-version":[{"id":2526,"href":"https:\/\/elfaroonline.com.ar\/index.php\/wp-json\/wp\/v2\/posts\/2524\/revisions\/2526"}],"wp:featuredmedia":[{"embeddable":true,"href":"https:\/\/elfaroonline.com.ar\/index.php\/wp-json\/wp\/v2\/media\/2525"}],"wp:attachment":[{"href":"https:\/\/elfaroonline.com.ar\/index.php\/wp-json\/wp\/v2\/media?parent=2524"}],"wp:term":[{"taxonomy":"category","embeddable":true,"href":"https:\/\/elfaroonline.com.ar\/index.php\/wp-json\/wp\/v2\/categories?post=2524"},{"taxonomy":"post_tag","embeddable":true,"href":"https:\/\/elfaroonline.com.ar\/index.php\/wp-json\/wp\/v2\/tags?post=2524"}],"curies":[{"name":"wp","href":"https:\/\/api.w.org\/{rel}","templated":true}]}}