{"id":2530,"date":"2024-10-04T21:01:41","date_gmt":"2024-10-05T00:01:41","guid":{"rendered":"https:\/\/elfaroonline.com.ar\/?p=2530"},"modified":"2024-10-04T21:01:41","modified_gmt":"2024-10-05T00:01:41","slug":"llega-potencia-pyme-el-evento-lanzamiento-del-fondo-de-garantia-catamarca-fogacat","status":"publish","type":"post","link":"https:\/\/elfaroonline.com.ar\/index.php\/2024\/10\/04\/llega-potencia-pyme-el-evento-lanzamiento-del-fondo-de-garantia-catamarca-fogacat\/","title":{"rendered":"Llega &#8220;Potencia PYME&#8221;: el evento lanzamiento del Fondo de Garant\u00eda Catamarca &#8211; FOGACAT"},"content":{"rendered":"<p class=\"v1MsoNormal\">Con el objetivo de impulsar a las PYMES de Catamarca y presentar una nueva herramienta clave para facilitar el acceso al financiamiento y promover el desarrollo de las empresas de la provincia, el martes 15 de octubre desde las 11 hs., en el sal\u00f3n Ambato del Hotel Casino Catamarca, se realizar\u00e1 el evento presencial de lanzamiento y presentaci\u00f3n del nuevo Fondo de Garant\u00eda Catamarca (FOGACAT).<\/p>\n<p class=\"v1MsoNormal\">&#8220;Potencia PYME&#8221; es un evento presencial y gratuito destinado a PYMES y actores estrat\u00e9gicos que busca presentar las caracter\u00edsticas del Fondo de Garant\u00eda Catamarca como herramienta fundamental para el desarrollo productivo, econ\u00f3mico y social, facilitando la inclusi\u00f3n financiera de las micro, peque\u00f1as y medianas empresas de la regi\u00f3n.<\/p>\n<p class=\"v1MsoNormal\">La jornada contar\u00e1 con la presentaci\u00f3n institucional a cargo del Gobernador de la provincia de Catamarca, Ra\u00fal Jalil; el Secretario del Consejo Federal de Inversiones, Ignacio Lamothe y la Ministra de Econom\u00eda, Alejandra Nazareno. Las charlas centrales estar\u00e1n a cargo de la reconocida empresaria e influencer catamarque\u00f1a, Florencia Sosa &#8211; CEO de ECA y Minerva Farmacias &#8211; y del vicepresidente y gerente general de FOGACAT, Eduardo Castagnola.<\/p>\n<p class=\"v1MsoNormal\">Adem\u00e1s, las empresas podr\u00e1n vincularse, conectarse y articular en el espacio de Networking.<\/p>\n<p class=\"v1MsoNormal\">FOGACAT forma parte de la Red de Fondos de Garant\u00eda P\u00fablicos (FONRED), que nuclea a todos los fondos provinciales del pa\u00eds y busca impulsar acciones conjuntas para potenciar la inclusi\u00f3n financiera del entorno de las PYMES a trav\u00e9s del sistema p\u00fablico de garant\u00edas. En el evento participar\u00e1n autoridades y representantes de los fondos de garant\u00eda de las provincias de Buenos Aires, La Rioja, La Pampa, Neuqu\u00e9n, San Juan, Chaco, Entre R\u00edos y Jujuy.<\/p>\n<p class=\"v1MsoNormal\">Las instituciones, organismos, micro, peque\u00f1as y medianas empresas catamarque\u00f1as que deseen asistir deben inscribirse completando un breve formulario en el siguiente enlace: <a href=\"https:\/\/docs.google.com\/forms\/d\/e\/1FAIpQLSevumo10rgrvLpkiMSy2RInc2aY_tfh_SOnkONa04Az5vd6YA\/viewform\" target=\"_blank\" rel=\"noopener noreferrer\">https:\/\/docs.google.com\/forms\/d\/e\/1FAIpQLSevumo10rgrvLpkiMSy2RInc2aY_tfh_SOnkONa04Az5vd6YA\/viewform<\/a>disponible tambi\u00e9n en las redes sociales de Facebook e Instagram de FOGACAT.<\/p>\n","protected":false},"excerpt":{"rendered":"<p>Con el objetivo de impulsar a las PYMES de Catamarca y presentar una nueva herramienta clave para facilitar el acceso al financiamiento y promover el desarrollo de las empresas de la provincia, el martes 15 de octubre desde las 11 hs., en el sal\u00f3n Ambato del Hotel Casino Catamarca, se realizar\u00e1 el evento presencial de [&hellip;]<\/p>\n","protected":false},"author":2,"featured_media":2531,"comment_status":"open","ping_status":"open","sticky":false,"template":"","format":"standard","meta":{"footnotes":""},"categories":[21],"tags":[],"class_list":{"0":"post-2530","1":"post","2":"type-post","3":"status-publish","4":"format-standard","5":"has-post-thumbnail","7":"category-politica"},"aioseo_notices":[],"_links":{"self":[{"href":"https:\/\/elfaroonline.com.ar\/index.php\/wp-json\/wp\/v2\/posts\/2530","targetHints":{"allow":["GET"]}}],"collection":[{"href":"https:\/\/elfaroonline.com.ar\/index.php\/wp-json\/wp\/v2\/posts"}],"about":[{"href":"https:\/\/elfaroonline.com.ar\/index.php\/wp-json\/wp\/v2\/types\/post"}],"author":[{"embeddable":true,"href":"https:\/\/elfaroonline.com.ar\/index.php\/wp-json\/wp\/v2\/users\/2"}],"replies":[{"embeddable":true,"href":"https:\/\/elfaroonline.com.ar\/index.php\/wp-json\/wp\/v2\/comments?post=2530"}],"version-history":[{"count":1,"href":"https:\/\/elfaroonline.com.ar\/index.php\/wp-json\/wp\/v2\/posts\/2530\/revisions"}],"predecessor-version":[{"id":2532,"href":"https:\/\/elfaroonline.com.ar\/index.php\/wp-json\/wp\/v2\/posts\/2530\/revisions\/2532"}],"wp:featuredmedia":[{"embeddable":true,"href":"https:\/\/elfaroonline.com.ar\/index.php\/wp-json\/wp\/v2\/media\/2531"}],"wp:attachment":[{"href":"https:\/\/elfaroonline.com.ar\/index.php\/wp-json\/wp\/v2\/media?parent=2530"}],"wp:term":[{"taxonomy":"category","embeddable":true,"href":"https:\/\/elfaroonline.com.ar\/index.php\/wp-json\/wp\/v2\/categories?post=2530"},{"taxonomy":"post_tag","embeddable":true,"href":"https:\/\/elfaroonline.com.ar\/index.php\/wp-json\/wp\/v2\/tags?post=2530"}],"curies":[{"name":"wp","href":"https:\/\/api.w.org\/{rel}","templated":true}]}}