{"id":2533,"date":"2024-10-04T21:08:10","date_gmt":"2024-10-05T00:08:10","guid":{"rendered":"https:\/\/elfaroonline.com.ar\/?p=2533"},"modified":"2024-10-04T21:08:10","modified_gmt":"2024-10-05T00:08:10","slug":"roberto-garcia-moritan-renuncio-tras-el-escandalo-con-pampita-y-una-denuncia-por-corrupcion","status":"publish","type":"post","link":"https:\/\/elfaroonline.com.ar\/index.php\/2024\/10\/04\/roberto-garcia-moritan-renuncio-tras-el-escandalo-con-pampita-y-una-denuncia-por-corrupcion\/","title":{"rendered":"Roberto Garc\u00eda Morit\u00e1n renunci\u00f3 tras el esc\u00e1ndalo con Pampita y una denuncia por corrupci\u00f3n"},"content":{"rendered":"<p>La decisi\u00f3n del ministro de Desarrollo Econ\u00f3mico porte\u00f1o fue formalizada esta viernes. Su gesti\u00f3n ya era cuestionada antes del divorcio de la modelo y de la acusaci\u00f3n que est\u00e1 en Tribunales.<\/p>\n<p>El empresario gastron\u00f3mico termin\u00f3 de adoptar su decisi\u00f3n en las \u00faltimas horas y la renuncia fue formalizada este viernes <b>tras una reuni\u00f3n de gabinete<\/b> de la que particip\u00f3 el jefe de Gobierno Jorge Macri. Luego, a trav\u00e9s de un comunicado, precisaron que el funcionario dio un paso al costado por<b> \u201crazones personales\u201d<\/b> y adelantaron que las denuncias contra \u00e9l por supuestas contrataciones irregulares ser\u00e1n investigadas.<\/p>\n<p>\u201cEl Gobierno de la Ciudad de Buenos Aires informa que el ministro de Desarrollo Econ\u00f3mico, Roberto Garc\u00eda Morit\u00e1n, present\u00f3 hoy la renuncia a su cargo por razones personales. En relaci\u00f3n a la denuncia por supuestas contrataciones irregulares, la Ciudad hace saber que se ajustaron a la normativa vigente y se realizaron acorde a derecho y que adem\u00e1s pondr\u00e1 a disposici\u00f3n de la Justicia la informaci\u00f3n que en su caso le sea requerida<b> a fin de colaborar con el esclarecimiento del hecho denunciado. <\/b>La Ciudad agradece el compromiso y dedicaci\u00f3n de Garc\u00eda Morit\u00e1n al frente de la gesti\u00f3n como ministro promoviendo pol\u00edticas p\u00fablicas que impulsan el desarrollo de la econom\u00eda en el territorio porte\u00f1o\u201d, se lee en el documento difundido por el propio alcalde porte\u00f1o.<\/p>\n<p class=\"paragraph\" data-mrf-recirculation=\"Links inline\">Jorge Macri, por su parte, le dedic\u00f3 un mensaje en su cuenta de X: \u201cGracias, Roberto Garc\u00eda Morit\u00e1n por tu gesti\u00f3n al frente del Ministerio de Desarrollo Econ\u00f3mico. Lamento que des un paso al costado, pero <b>entiendo que tu prioridad es proteger a tu familia<\/b>. Quedate tranquilo que, en la Ciudad, seguiremos trabajando con firmeza para impulsar el desarrollo del sector privado\u201d.<\/p>\n<p class=\"paragraph\" data-mrf-recirculation=\"Links inline\">El ahora ex funcionario hizo su descargo por redes luego de confirmar su renuncia. \u201c<b>Mi prioridad es el bienestar de mi familia. Por eso decid\u00ed dar un paso al costado de mi rol como Ministro de Desarrollo Econ\u00f3mico.<\/b> Siempre cre\u00ed en una pol\u00edtica al servicio de la gente: priorizando y potenciando a las PyMEs, emprendedores y a todos los que generan valor en la Ciudad de Buenos Aires. Muchas gracias a cada gastron\u00f3mico, hotelero, comerciante y creativo; a todos los que invierten, producen y creen en el trabajo como motor del desarrollo. Fue un honor haber sido Ministro de la Ciudad\u201d.<\/p>\n<p data-mrf-recirculation=\"Links inline\">En las \u00faltimas semanas, desde la gesti\u00f3n porte\u00f1a le insist\u00edan a Garc\u00eda Morit\u00e1n con que diera un paso al costado. Incluso le enviaron emisarios que le sugirieron enfocarse en resolver las cuestiones de su vida privada. Una presi\u00f3n que se increment\u00f3 a\u00fan m\u00e1s despu\u00e9s que se conociera una denuncia penal contra \u00e9l por posibles irregularidades en la contrataci\u00f3n de \u201c\u00f1oquis\u201d en el Ministerio de Desarrollo Econ\u00f3mico y un supuesto negociado con proveedores de los eventos que realizaba la ciudad de Buenos Aires, principalmente del \u00e1rea gastron\u00f3mica, rubro en el cual se dedicaba antes de ingresar como funcionario.<\/p>\n","protected":false},"excerpt":{"rendered":"<p>La decisi\u00f3n del ministro de Desarrollo Econ\u00f3mico porte\u00f1o fue formalizada esta viernes. Su gesti\u00f3n ya era cuestionada antes del divorcio de la modelo y de la acusaci\u00f3n que est\u00e1 en Tribunales. El empresario gastron\u00f3mico termin\u00f3 de adoptar su decisi\u00f3n en las \u00faltimas horas y la renuncia fue formalizada este viernes tras una reuni\u00f3n de gabinete [&hellip;]<\/p>\n","protected":false},"author":2,"featured_media":2534,"comment_status":"open","ping_status":"open","sticky":false,"template":"","format":"standard","meta":{"footnotes":""},"categories":[22],"tags":[],"class_list":{"0":"post-2533","1":"post","2":"type-post","3":"status-publish","4":"format-standard","5":"has-post-thumbnail","7":"category-nacionales"},"aioseo_notices":[],"_links":{"self":[{"href":"https:\/\/elfaroonline.com.ar\/index.php\/wp-json\/wp\/v2\/posts\/2533","targetHints":{"allow":["GET"]}}],"collection":[{"href":"https:\/\/elfaroonline.com.ar\/index.php\/wp-json\/wp\/v2\/posts"}],"about":[{"href":"https:\/\/elfaroonline.com.ar\/index.php\/wp-json\/wp\/v2\/types\/post"}],"author":[{"embeddable":true,"href":"https:\/\/elfaroonline.com.ar\/index.php\/wp-json\/wp\/v2\/users\/2"}],"replies":[{"embeddable":true,"href":"https:\/\/elfaroonline.com.ar\/index.php\/wp-json\/wp\/v2\/comments?post=2533"}],"version-history":[{"count":1,"href":"https:\/\/elfaroonline.com.ar\/index.php\/wp-json\/wp\/v2\/posts\/2533\/revisions"}],"predecessor-version":[{"id":2535,"href":"https:\/\/elfaroonline.com.ar\/index.php\/wp-json\/wp\/v2\/posts\/2533\/revisions\/2535"}],"wp:featuredmedia":[{"embeddable":true,"href":"https:\/\/elfaroonline.com.ar\/index.php\/wp-json\/wp\/v2\/media\/2534"}],"wp:attachment":[{"href":"https:\/\/elfaroonline.com.ar\/index.php\/wp-json\/wp\/v2\/media?parent=2533"}],"wp:term":[{"taxonomy":"category","embeddable":true,"href":"https:\/\/elfaroonline.com.ar\/index.php\/wp-json\/wp\/v2\/categories?post=2533"},{"taxonomy":"post_tag","embeddable":true,"href":"https:\/\/elfaroonline.com.ar\/index.php\/wp-json\/wp\/v2\/tags?post=2533"}],"curies":[{"name":"wp","href":"https:\/\/api.w.org\/{rel}","templated":true}]}}