{"id":2536,"date":"2024-10-04T21:11:01","date_gmt":"2024-10-05T00:11:01","guid":{"rendered":"https:\/\/elfaroonline.com.ar\/?p=2536"},"modified":"2024-10-04T21:11:01","modified_gmt":"2024-10-05T00:11:01","slug":"ante-el-consejo-federal-de-justicia-el-ministro-fernando-avila-destaco-el-trabajo-y-los-avances-de-catamarca","status":"publish","type":"post","link":"https:\/\/elfaroonline.com.ar\/index.php\/2024\/10\/04\/ante-el-consejo-federal-de-justicia-el-ministro-fernando-avila-destaco-el-trabajo-y-los-avances-de-catamarca\/","title":{"rendered":"Ante el Consejo Federal de Justicia, el ministro Fernando \u00c1vila destac\u00f3 el trabajo y los avances de Catamarca"},"content":{"rendered":"<p class=\"v1MsoNormal\">Catamarca, a trav\u00e9s del ministro de Gobierno, Justicia y Derechos Humanos, Fernando \u00c1vila, form\u00f3 parte del Consejo Federal de Justicia (COFEJUS) que se llev\u00f3 a cabo en el Auditorio &#8220;\u00c1ngel Bustelo&#8221;, en la provincia de Mendoza. El encuentro fue convocado por el Ministerio de Justicia de la Naci\u00f3n, a cargo de Mariano C\u00faneo Libarona, y cont\u00f3 con la participaci\u00f3n de los ministros y ministras de justicia de todo el pa\u00eds.<\/p>\n<p class=\"v1MsoNormal\">En el evento se destac\u00f3 la importancia de compartir experiencias entre las provincias para fortalecer el sistema judicial y lograr una mayor conexi\u00f3n con las demandas sociales.<\/p>\n<p class=\"v1MsoNormal\">En su exposici\u00f3n, el ministro \u00c1vila brind\u00f3 detalles sobre los avances que tuvo Catamarca en materia judicial, subrayando que la provincia se encuentra a la vanguardia en aspectos como la implementaci\u00f3n de juicios por jurado y el tratamiento de pol\u00edticas postpenitenciarias. Adem\u00e1s, se logr\u00f3 establecer v\u00ednculos con el Gobierno nacional para recibir asesoramiento y apoyo en futuras reformas judiciales y procesales.<\/p>\n<p class=\"v1MsoNormal\">El ministro catamarque\u00f1o, en su discurso, remarc\u00f3 la necesidad de acercar la justicia a la sociedad, se\u00f1alando que &#8220;la justicia tiene una importante obligaci\u00f3n, un deber de achicar esa brecha que existe, acercarse a la demanda social, acercarse a las necesidades de la gente&#8221;. Adem\u00e1s, \u00c1vila cont\u00f3 que &#8220;coincidieron todas las provincias en la necesidad de tomar decisiones que sean creativas, innovadoras y que apunten a reducir esa brecha, achicar la distancia que existe entre sociedad y justicia&#8221;.<\/p>\n<p class=\"v1MsoNormal\">Puntualmente en su exposici\u00f3n, el funcionario remarc\u00f3: &#8220;Es importante, m\u00e1s en estos momentos del pa\u00eds, construir espacios donde podamos pensar con otros, construir colectivamente con otros, respetando las diferencias y habitar los conflictos en paz. Tenemos la obligaci\u00f3n de trabajar de modo creativo y coordinado para mejorar la calidad de vida de la gente&#8221;.<\/p>\n<p class=\"v1MsoNormal\">En la reuni\u00f3n plenaria del Consejo Federal de Justicia se fij\u00f3 como claros objetivos fortalecer la lucha contra el narcotr\u00e1fico, el crimen organizado y modernizar el sistema judicial. Adem\u00e1s, se abordaron temas cruciales como la implementaci\u00f3n del sistema acusatorio, el juicio por jurados (que Catamarca ya implement\u00f3 desde hace un tiempo) y la agilizaci\u00f3n de los procesos civiles y comerciales, con un enfoque &#8220;decidido en devolverle a los argentinos una justicia r\u00e1pida y eficiente&#8221;.<\/p>\n","protected":false},"excerpt":{"rendered":"<p>Catamarca, a trav\u00e9s del ministro de Gobierno, Justicia y Derechos Humanos, Fernando \u00c1vila, form\u00f3 parte del Consejo Federal de Justicia (COFEJUS) que se llev\u00f3 a cabo en el Auditorio &#8220;\u00c1ngel Bustelo&#8221;, en la provincia de Mendoza. El encuentro fue convocado por el Ministerio de Justicia de la Naci\u00f3n, a cargo de Mariano C\u00faneo Libarona, y [&hellip;]<\/p>\n","protected":false},"author":2,"featured_media":2537,"comment_status":"open","ping_status":"open","sticky":false,"template":"","format":"standard","meta":{"footnotes":""},"categories":[23,21],"tags":[],"class_list":{"0":"post-2536","1":"post","2":"type-post","3":"status-publish","4":"format-standard","5":"has-post-thumbnail","7":"category-destacados","8":"category-politica"},"aioseo_notices":[],"_links":{"self":[{"href":"https:\/\/elfaroonline.com.ar\/index.php\/wp-json\/wp\/v2\/posts\/2536","targetHints":{"allow":["GET"]}}],"collection":[{"href":"https:\/\/elfaroonline.com.ar\/index.php\/wp-json\/wp\/v2\/posts"}],"about":[{"href":"https:\/\/elfaroonline.com.ar\/index.php\/wp-json\/wp\/v2\/types\/post"}],"author":[{"embeddable":true,"href":"https:\/\/elfaroonline.com.ar\/index.php\/wp-json\/wp\/v2\/users\/2"}],"replies":[{"embeddable":true,"href":"https:\/\/elfaroonline.com.ar\/index.php\/wp-json\/wp\/v2\/comments?post=2536"}],"version-history":[{"count":1,"href":"https:\/\/elfaroonline.com.ar\/index.php\/wp-json\/wp\/v2\/posts\/2536\/revisions"}],"predecessor-version":[{"id":2538,"href":"https:\/\/elfaroonline.com.ar\/index.php\/wp-json\/wp\/v2\/posts\/2536\/revisions\/2538"}],"wp:featuredmedia":[{"embeddable":true,"href":"https:\/\/elfaroonline.com.ar\/index.php\/wp-json\/wp\/v2\/media\/2537"}],"wp:attachment":[{"href":"https:\/\/elfaroonline.com.ar\/index.php\/wp-json\/wp\/v2\/media?parent=2536"}],"wp:term":[{"taxonomy":"category","embeddable":true,"href":"https:\/\/elfaroonline.com.ar\/index.php\/wp-json\/wp\/v2\/categories?post=2536"},{"taxonomy":"post_tag","embeddable":true,"href":"https:\/\/elfaroonline.com.ar\/index.php\/wp-json\/wp\/v2\/tags?post=2536"}],"curies":[{"name":"wp","href":"https:\/\/api.w.org\/{rel}","templated":true}]}}