{"id":2554,"date":"2024-10-08T07:21:12","date_gmt":"2024-10-08T10:21:12","guid":{"rendered":"https:\/\/elfaroonline.com.ar\/?p=2554"},"modified":"2024-10-08T07:21:12","modified_gmt":"2024-10-08T10:21:12","slug":"se-realizo-con-exito-la-2-edicion-de-warmi-baila","status":"publish","type":"post","link":"https:\/\/elfaroonline.com.ar\/index.php\/2024\/10\/08\/se-realizo-con-exito-la-2-edicion-de-warmi-baila\/","title":{"rendered":"Se realiz\u00f3 con \u00e9xito la  2\u00b0 edici\u00f3n de &#8220;Warmi Baila&#8221;"},"content":{"rendered":"<p class=\"v1MsoNormal\">El encuentro de mujeres y diversidades por la resiliencia y la libertad que tuvo lugar en el polideportivo Capital &#8220;Fray Mamerto Esqui\u00fa&#8221;, y logr\u00f3 celebrar los derechos conquistados a trav\u00e9s de la m\u00fasica y la danza, adem\u00e1s de aportar espacios de contenci\u00f3n y asesoramiento.\u00a0\u00a0<i><br \/>\n<\/i><\/p>\n<p class=\"v1MsoNormal\">En esta oportunidad, &#8220;Warmi Baila&#8221; fue declarado de inter\u00e9s parlamentario por la C\u00e1mara de Senadores y el Concejo Deliberante Catamarca.<\/p>\n<p class=\"v1MsoNormal\">Esta edici\u00f3n cont\u00f3 con m\u00e1s de doce profesores de distintas disciplinas que estuvieron en escenario para m\u00e1s de 300 participantes. Adem\u00e1s, se realiz\u00f3 una competencia de coreograf\u00eda con grupos barriales, en la que el comedor y merendero del barrio las Mil Viviendas fue el ganador.<\/p>\n<p class=\"v1MsoNormal\">El encuentro cont\u00f3 con stands informativos de Salud, campa\u00f1a contra gordofobia, promoci\u00f3n y prevenci\u00f3n de violencias, espacio de juventud y de cuidado para ni\u00f1os y ni\u00f1as, control nutricional y carrito saludable de Desarrollo social.<\/p>\n<p class=\"v1MsoNormal\">La directora del Hogar, Paola Di Giacomo, coment\u00f3 que &#8220;Warmi baila, nace como una necesidad de crear un espacio resiliente y empoderador, cuando las mujeres bailamos por nuestros\u00a0 derechos, significa que utilizan la danza como una forma de expresi\u00f3n y protesta. Esto simboliza nuestra\u00a0 lucha por la igualdad, la libertad y el reconocimiento de los\u00a0 derechos&#8221;.<\/p>\n<p class=\"v1MsoNormal\">&#8220;A trav\u00e9s del baile, transmitimos\u00a0 la\u00a0 resistencia ante las situaciones complejas y complicadas, celebramos\u00a0 la\u00a0 identidad y visibilizamos las injusticias que enfrentamos, es un acto de empoderamiento que buscamos\u00a0 inspirar a otras a unirse en la b\u00fasqueda de un mundo m\u00e1s justo y equitativo&#8221; expres\u00f3 Di Giacomo y asegur\u00f3 que &#8220;a\u00fan falta mucho por hacer, pero mirarnos sonre\u00edr era m\u00e1s que necesario en estos tiempos&#8221;.<\/p>\n<p class=\"v1MsoNormal\">&#8220;Estos espacios tenemos que potenciarlos, son muy necesarios, es una oportunidad para reforzar el compromiso de seguir ayudando a otras mujeres que se encuentran en situaciones vulnerables&#8221;, finaliz\u00f3.<\/p>\n","protected":false},"excerpt":{"rendered":"<p>El encuentro de mujeres y diversidades por la resiliencia y la libertad que tuvo lugar en el polideportivo Capital &#8220;Fray Mamerto Esqui\u00fa&#8221;, y logr\u00f3 celebrar los derechos conquistados a trav\u00e9s de la m\u00fasica y la danza, adem\u00e1s de aportar espacios de contenci\u00f3n y asesoramiento.\u00a0\u00a0 En esta oportunidad, &#8220;Warmi Baila&#8221; fue declarado de inter\u00e9s parlamentario por [&hellip;]<\/p>\n","protected":false},"author":2,"featured_media":2555,"comment_status":"open","ping_status":"open","sticky":false,"template":"","format":"standard","meta":{"footnotes":""},"categories":[20],"tags":[],"class_list":{"0":"post-2554","1":"post","2":"type-post","3":"status-publish","4":"format-standard","5":"has-post-thumbnail","7":"category-sociedad"},"aioseo_notices":[],"_links":{"self":[{"href":"https:\/\/elfaroonline.com.ar\/index.php\/wp-json\/wp\/v2\/posts\/2554","targetHints":{"allow":["GET"]}}],"collection":[{"href":"https:\/\/elfaroonline.com.ar\/index.php\/wp-json\/wp\/v2\/posts"}],"about":[{"href":"https:\/\/elfaroonline.com.ar\/index.php\/wp-json\/wp\/v2\/types\/post"}],"author":[{"embeddable":true,"href":"https:\/\/elfaroonline.com.ar\/index.php\/wp-json\/wp\/v2\/users\/2"}],"replies":[{"embeddable":true,"href":"https:\/\/elfaroonline.com.ar\/index.php\/wp-json\/wp\/v2\/comments?post=2554"}],"version-history":[{"count":1,"href":"https:\/\/elfaroonline.com.ar\/index.php\/wp-json\/wp\/v2\/posts\/2554\/revisions"}],"predecessor-version":[{"id":2556,"href":"https:\/\/elfaroonline.com.ar\/index.php\/wp-json\/wp\/v2\/posts\/2554\/revisions\/2556"}],"wp:featuredmedia":[{"embeddable":true,"href":"https:\/\/elfaroonline.com.ar\/index.php\/wp-json\/wp\/v2\/media\/2555"}],"wp:attachment":[{"href":"https:\/\/elfaroonline.com.ar\/index.php\/wp-json\/wp\/v2\/media?parent=2554"}],"wp:term":[{"taxonomy":"category","embeddable":true,"href":"https:\/\/elfaroonline.com.ar\/index.php\/wp-json\/wp\/v2\/categories?post=2554"},{"taxonomy":"post_tag","embeddable":true,"href":"https:\/\/elfaroonline.com.ar\/index.php\/wp-json\/wp\/v2\/tags?post=2554"}],"curies":[{"name":"wp","href":"https:\/\/api.w.org\/{rel}","templated":true}]}}