{"id":2557,"date":"2024-10-08T07:21:36","date_gmt":"2024-10-08T10:21:36","guid":{"rendered":"https:\/\/elfaroonline.com.ar\/?p=2557"},"modified":"2024-10-08T07:21:36","modified_gmt":"2024-10-08T10:21:36","slug":"condenado-en-juicio-abreviado-por-un-homicidio","status":"publish","type":"post","link":"https:\/\/elfaroonline.com.ar\/index.php\/2024\/10\/08\/condenado-en-juicio-abreviado-por-un-homicidio\/","title":{"rendered":"Condenado en juicio abreviado por un homicidio"},"content":{"rendered":"<p>&nbsp;<\/p>\n<p>El Juez Director, Dr. Silvio Martoccia, conden\u00f3 este lunes a Walter David Correa a la pena de 12 a\u00f1os de prisi\u00f3n por el crimen de Diego Alejandro Moreno ocurrido el 17 de marzo<br \/>\nen el barrio La Tablada.<br \/>\nEl veredicto se conoci\u00f3 luego de la presentaci\u00f3n del acuerdo al que arrib\u00f3 el fiscal de C\u00e1mara, Dr. Augusto Barros con el abogado defensor, Dr. Ram\u00f3n Porfirio Acu\u00f1a con el reconocimiento del delito de homicidio simple por parte del acusado.<br \/>\nEn la oportunidad, estaba prevista la audiencia de admisi\u00f3n de evidencias en el marco del sistema de Juicio por Jurados, sin embargo, la presentaci\u00f3n de la propuesta deriv\u00f3 en la reconversi\u00f3n de la misma a un debate abreviado.<\/p>\n","protected":false},"excerpt":{"rendered":"<p>&nbsp; El Juez Director, Dr. Silvio Martoccia, conden\u00f3 este lunes a Walter David Correa a la pena de 12 a\u00f1os de prisi\u00f3n por el crimen de Diego Alejandro Moreno ocurrido el 17 de marzo en el barrio La Tablada. El veredicto se conoci\u00f3 luego de la presentaci\u00f3n del acuerdo al que arrib\u00f3 el fiscal de [&hellip;]<\/p>\n","protected":false},"author":2,"featured_media":2558,"comment_status":"open","ping_status":"open","sticky":false,"template":"","format":"standard","meta":{"footnotes":""},"categories":[27],"tags":[],"class_list":{"0":"post-2557","1":"post","2":"type-post","3":"status-publish","4":"format-standard","5":"has-post-thumbnail","7":"category-policiales"},"aioseo_notices":[],"_links":{"self":[{"href":"https:\/\/elfaroonline.com.ar\/index.php\/wp-json\/wp\/v2\/posts\/2557","targetHints":{"allow":["GET"]}}],"collection":[{"href":"https:\/\/elfaroonline.com.ar\/index.php\/wp-json\/wp\/v2\/posts"}],"about":[{"href":"https:\/\/elfaroonline.com.ar\/index.php\/wp-json\/wp\/v2\/types\/post"}],"author":[{"embeddable":true,"href":"https:\/\/elfaroonline.com.ar\/index.php\/wp-json\/wp\/v2\/users\/2"}],"replies":[{"embeddable":true,"href":"https:\/\/elfaroonline.com.ar\/index.php\/wp-json\/wp\/v2\/comments?post=2557"}],"version-history":[{"count":1,"href":"https:\/\/elfaroonline.com.ar\/index.php\/wp-json\/wp\/v2\/posts\/2557\/revisions"}],"predecessor-version":[{"id":2559,"href":"https:\/\/elfaroonline.com.ar\/index.php\/wp-json\/wp\/v2\/posts\/2557\/revisions\/2559"}],"wp:featuredmedia":[{"embeddable":true,"href":"https:\/\/elfaroonline.com.ar\/index.php\/wp-json\/wp\/v2\/media\/2558"}],"wp:attachment":[{"href":"https:\/\/elfaroonline.com.ar\/index.php\/wp-json\/wp\/v2\/media?parent=2557"}],"wp:term":[{"taxonomy":"category","embeddable":true,"href":"https:\/\/elfaroonline.com.ar\/index.php\/wp-json\/wp\/v2\/categories?post=2557"},{"taxonomy":"post_tag","embeddable":true,"href":"https:\/\/elfaroonline.com.ar\/index.php\/wp-json\/wp\/v2\/tags?post=2557"}],"curies":[{"name":"wp","href":"https:\/\/api.w.org\/{rel}","templated":true}]}}