{"id":2563,"date":"2024-10-08T07:22:30","date_gmt":"2024-10-08T10:22:30","guid":{"rendered":"https:\/\/elfaroonline.com.ar\/?p=2563"},"modified":"2024-10-08T07:25:23","modified_gmt":"2024-10-08T10:25:23","slug":"cristina-kirchner-se-lanzo-como-candidata-a-presidir-el-pj-nacional-y-pidio-la-unidad-del-peronismo-hay-que-enderezar-lo-que-se-torcio","status":"publish","type":"post","link":"https:\/\/elfaroonline.com.ar\/index.php\/2024\/10\/08\/cristina-kirchner-se-lanzo-como-candidata-a-presidir-el-pj-nacional-y-pidio-la-unidad-del-peronismo-hay-que-enderezar-lo-que-se-torcio\/","title":{"rendered":"Cristina Kirchner se lanz\u00f3 como candidata a presidir el PJ Nacional y pidi\u00f3 la unidad del peronismo: \u201cHay que enderezar lo que se torci\u00f3\u201d"},"content":{"rendered":"<p>La ex mandataria public\u00f3 una nueva carta en la que realiz\u00f3 un breve repaso hist\u00f3rico de las \u00faltimas presidencias para exponer el presente del partido justicialista. Tambi\u00e9n agradeci\u00f3 el operativo clamor para que se postule: \u201cNunca he ocupado un lugar sin tener la certeza de estar capacitada para la tarea encomendada, sin miedo ni presiones\u201d, afirm\u00f3.<\/p>\n<p class=\"paragraph\" data-mrf-recirculation=\"Links inline\"><b>\u201cEst\u00e1 claro que hay que enderezar lo que se torci\u00f3 y ordenar lo que se desorden\u00f3. Esto plantea la necesidad de crear un \u00e1mbito de discusi\u00f3n y participaci\u00f3n que hoy no existe y que su ausencia s\u00f3lo genera confusi\u00f3n y vac\u00edo.<\/b> No tengo dudas que, en esta etapa, el partido es el lugar m\u00e1s apropiado para desarrollar el continente que genere el contenido y que este, adem\u00e1s, tenga direcci\u00f3n y objetivos\u201d, afirm\u00f3.<\/p>\n<div class=\"inline ad-wrapper\">\n<div class=\"dfpAd ad-inline\"><\/div>\n<\/div>\n<p class=\"paragraph\" data-mrf-recirculation=\"Links inline\">\u201cEstoy dispuesta\u201d, resumi\u00f3 la ex presidenta, luego de agradecer el operativo clamor que se gener\u00f3 sobre su figura en los \u00faltimos d\u00edas. Legisladores y dirigentes sindicales hab\u00edan expresado abiertamente que deb\u00eda ser ella la nueva presidenta del Partido Justicialista, luego del fallido paso de Alberto Fern\u00e1ndez.<\/p>\n<p class=\"paragraph\" data-mrf-recirculation=\"Links inline\">\u201cQuiero agradecer a todos los compa\u00f1eros y compa\u00f1eras las muestras de cari\u00f1o y los mensajes de apoyo para ser la Presidenta de nuestro partido. Nunca he ocupado un lugar sin tener la certeza de estar capacitada para la tarea encomendada; sin miedo ni presiones\u201d, dijo en el ep\u00edlogo de su carta.<\/p>\n<p class=\"paragraph\" data-mrf-recirculation=\"Links inline\">Luego remarc\u00f3: \u201c<b>quiero decirles que estoy dispuesta<\/b>, una vez m\u00e1s, a aceptar el desaf\u00edo de debatir en unidad porque si algo tengo claro tambi\u00e9n, es que ac\u00e1 no sobra nadie. Sin embargo, la unidad necesita direcci\u00f3n y proyecto para construir el mejor peronismo posible en una Argentina que se ha vuelto imposible para la mayor\u00eda de sus habitantes\u201d.<\/p>\n<p class=\"paragraph\" data-mrf-recirculation=\"Links inline\">A lo largo de su exposici\u00f3n en la red social X, Cristina Kirchner desarroll\u00f3 porqu\u00e9 cree que el peronismo debe reinventar un nuevo espacio de discusi\u00f3n para salir del estado de confusi\u00f3n en el que, reconocen, se encuentran tras las sucesivas derrotas electorales.<\/p>\n<p class=\"paragraph\" data-mrf-recirculation=\"Links inline\">La expresidenta cifr\u00f3 sus esperanzas en algunos datos de la realidad, como ser, los triunfos que obtuvo el espacio en las universidades en las \u00faltimas elecciones. \u201cDebemos poner en marcha el segundo trasvasamiento, incorporando las nuevas generaciones en los secundarios, universidades, sindicatos, movimientos sociales y, desde ah\u00ed, recomponer la presencia en las barriadas populares junto a las iglesias, las sociedades de fomento, los clubes de barrio y todas aquellas instituciones organizadas desde la comunidad\u201d, se\u00f1al\u00f3.<\/p>\n<p class=\"paragraph\" data-mrf-recirculation=\"Links inline\">En el desarrollo del texto, la ex jefa de Estado realiz\u00f3 un repaso hist\u00f3rico, que dividi\u00f3 en cuatro periodos: <b>1983 \u2013 1989<\/b>: (\u201ddespu\u00e9s de la noche\u201d); <b>1989 \u2013 2001<\/b> (\u201dla convertibilidad o la fantas\u00eda de que 1 d\u00f3lar era igual a 1 peso\u201d); <b>2001 \u2013 2015<\/b> (\u201dEl ciclo virtuoso: Desendeudamiento y movilidad social ascendente\u201d); <b>2015 \u2013 2023<\/b> (\u201dEl retroceso: endeudamiento, estigmatizaci\u00f3n, persecuci\u00f3n y proscripci\u00f3n\u201d).<\/p>\n<p class=\"paragraph\" data-mrf-recirculation=\"Links inline\">En ellos reiter\u00f3 su visi\u00f3n de la evoluci\u00f3n de los acontecimientos en el pa\u00eds, y los concaten\u00f3 para realizar una lectura que busc\u00f3 hallar en la historia las razones del momento actual, con un peronismo reducido a m\u00ednimos in\u00e9ditos de representaci\u00f3n y el pa\u00eds sumido en una crisis econ\u00f3mica con m\u00e1s de la mitad de la poblaci\u00f3n en situaci\u00f3n de pobreza.<\/p>\n<p class=\"paragraph\" data-mrf-recirculation=\"Links inline\">\u201cLas preguntas que surgen son: \u00bfC\u00f3mo llegamos a este momento in\u00e9dito? \u00bfEs solo por el fracaso de los dos \u00faltimos gobiernos democr\u00e1ticos? \u00bfO es que una parte de nuestra sociedad est\u00e1 dispuesta a soportar cualquier cosa antes de que gobierne un peronista?\u201d, plante\u00f3 CFK<\/p>\n<p class=\"paragraph\" data-mrf-recirculation=\"Links inline\">Y agreg\u00f3: \u201c\u00bfEs una casualidad que los \u00fanicos dos presidentes con fuerte impronta anti peronista o anti kirchnerista -como m\u00e1s te guste-, s\u00f3lo hayan podido llegar a la Casa Rosada a trav\u00e9s del balotaje, como fueron los casos de Macri y Milei?<\/p>\n","protected":false},"excerpt":{"rendered":"<p>La ex mandataria public\u00f3 una nueva carta en la que realiz\u00f3 un breve repaso hist\u00f3rico de las \u00faltimas presidencias para exponer el presente del partido justicialista. Tambi\u00e9n agradeci\u00f3 el operativo clamor para que se postule: \u201cNunca he ocupado un lugar sin tener la certeza de estar capacitada para la tarea encomendada, sin miedo ni presiones\u201d, [&hellip;]<\/p>\n","protected":false},"author":2,"featured_media":2564,"comment_status":"open","ping_status":"open","sticky":false,"template":"","format":"standard","meta":{"footnotes":""},"categories":[22,21],"tags":[],"class_list":{"0":"post-2563","1":"post","2":"type-post","3":"status-publish","4":"format-standard","5":"has-post-thumbnail","7":"category-nacionales","8":"category-politica"},"aioseo_notices":[],"_links":{"self":[{"href":"https:\/\/elfaroonline.com.ar\/index.php\/wp-json\/wp\/v2\/posts\/2563","targetHints":{"allow":["GET"]}}],"collection":[{"href":"https:\/\/elfaroonline.com.ar\/index.php\/wp-json\/wp\/v2\/posts"}],"about":[{"href":"https:\/\/elfaroonline.com.ar\/index.php\/wp-json\/wp\/v2\/types\/post"}],"author":[{"embeddable":true,"href":"https:\/\/elfaroonline.com.ar\/index.php\/wp-json\/wp\/v2\/users\/2"}],"replies":[{"embeddable":true,"href":"https:\/\/elfaroonline.com.ar\/index.php\/wp-json\/wp\/v2\/comments?post=2563"}],"version-history":[{"count":1,"href":"https:\/\/elfaroonline.com.ar\/index.php\/wp-json\/wp\/v2\/posts\/2563\/revisions"}],"predecessor-version":[{"id":2565,"href":"https:\/\/elfaroonline.com.ar\/index.php\/wp-json\/wp\/v2\/posts\/2563\/revisions\/2565"}],"wp:featuredmedia":[{"embeddable":true,"href":"https:\/\/elfaroonline.com.ar\/index.php\/wp-json\/wp\/v2\/media\/2564"}],"wp:attachment":[{"href":"https:\/\/elfaroonline.com.ar\/index.php\/wp-json\/wp\/v2\/media?parent=2563"}],"wp:term":[{"taxonomy":"category","embeddable":true,"href":"https:\/\/elfaroonline.com.ar\/index.php\/wp-json\/wp\/v2\/categories?post=2563"},{"taxonomy":"post_tag","embeddable":true,"href":"https:\/\/elfaroonline.com.ar\/index.php\/wp-json\/wp\/v2\/tags?post=2563"}],"curies":[{"name":"wp","href":"https:\/\/api.w.org\/{rel}","templated":true}]}}