{"id":2569,"date":"2024-10-08T07:23:30","date_gmt":"2024-10-08T10:23:30","guid":{"rendered":"https:\/\/elfaroonline.com.ar\/?p=2569"},"modified":"2024-10-08T07:23:30","modified_gmt":"2024-10-08T10:23:30","slug":"presentaron-el-anteproyecto-del-nuevo-pcpc","status":"publish","type":"post","link":"https:\/\/elfaroonline.com.ar\/index.php\/2024\/10\/08\/presentaron-el-anteproyecto-del-nuevo-pcpc\/","title":{"rendered":"Presentaron el anteproyecto del nuevo PCPC"},"content":{"rendered":"<p class=\"v1MsoNormal\"><i>El tradicional mercado pasar\u00eda a ocupar una nueva ubicaci\u00f3n.<\/i><\/p>\n<p class=\"v1MsoNormal\">En una reuni\u00f3n mantenida en el Ministerio de Industria, Comercio y Empleo, el titular de esta cartera, Sebasti\u00e1n Caria, encabez\u00f3 la presentaci\u00f3n del anteproyecto de la nueva sede del Paseo de Compras de Productos Catamarque\u00f1os (PCPC), la que estuvo a cargo de integrantes del equipo t\u00e9cnico del Ministerio de Infraestructura y Obras Civiles.<\/p>\n<p class=\"v1MsoNormal\">De la reuni\u00f3n tomaron parte miembros de la comisi\u00f3n de feriantes del PCPC, quienes recibieron de parte de los arquitectos Cecilia Rol\u00f3n y Javier Sosa, detalles del anteproyecto y primer dise\u00f1o del espacio que ocupar\u00eda un sector contiguo a la plaza doctor Ra\u00fal Alfons\u00edn, con frente a la Avenida Col\u00f3n, hacia el sur de Avenida G\u00fcemes Oeste.<\/p>\n<p class=\"v1MsoNormal\">Los profesionales mostraron a trav\u00e9s de un render el dise\u00f1o del espacio, que abarcar\u00eda una superficie techada de casi 1.000 metros cuadrados, con espacios distribuidos de acuerdo a las funcionalidades que los arquitectos recibieron de parte de los feriantes en las reuniones previas que se vinieron sucediendo con la coordinaci\u00f3n del secretario de Econom\u00eda del Conocimiento y Empleo, Mario Guar\u00e1z.<\/p>\n<p class=\"v1MsoNormal\">El dise\u00f1o incorpora nuevos espacios y busca albergar a m\u00e1s de 100 puestos, previendo esto a partir del n\u00famero de feriantes que ya prestaron acuerdo para el traslado al nuevo destino.<\/p>\n<p class=\"v1MsoNormal\">De acuerdo a lo expuesto, el nuevo PCPC buscar\u00e1 dar mayor comodidad tanto a feriantes como a la gran masa de consumidores que visitan cada s\u00e1bado, y en ocasiones especiales, el mercado que ocupa desde hace muchos a\u00f1os un espacio en la ex Manzana del Turismo. Los integrantes de la comisi\u00f3n se interiorizaron de los detalles y expresaron sus expectativas para que lo dise\u00f1ado se plasme en un acogedor espacio.<\/p>\n<p class=\"v1MsoNormal\">En la reuni\u00f3n, de la que tom\u00f3 parte tambi\u00e9n el secretario de Industria y Comercio, Jos\u00e9 Barrera, se acord\u00f3 seguir avanzando en sugerencias e ideas que se puedan plasmar en el proyecto para darle forma definitiva.<\/p>\n","protected":false},"excerpt":{"rendered":"<p>El tradicional mercado pasar\u00eda a ocupar una nueva ubicaci\u00f3n. En una reuni\u00f3n mantenida en el Ministerio de Industria, Comercio y Empleo, el titular de esta cartera, Sebasti\u00e1n Caria, encabez\u00f3 la presentaci\u00f3n del anteproyecto de la nueva sede del Paseo de Compras de Productos Catamarque\u00f1os (PCPC), la que estuvo a cargo de integrantes del equipo t\u00e9cnico [&hellip;]<\/p>\n","protected":false},"author":2,"featured_media":2570,"comment_status":"open","ping_status":"open","sticky":false,"template":"","format":"standard","meta":{"footnotes":""},"categories":[23,20],"tags":[],"class_list":{"0":"post-2569","1":"post","2":"type-post","3":"status-publish","4":"format-standard","5":"has-post-thumbnail","7":"category-destacados","8":"category-sociedad"},"aioseo_notices":[],"_links":{"self":[{"href":"https:\/\/elfaroonline.com.ar\/index.php\/wp-json\/wp\/v2\/posts\/2569","targetHints":{"allow":["GET"]}}],"collection":[{"href":"https:\/\/elfaroonline.com.ar\/index.php\/wp-json\/wp\/v2\/posts"}],"about":[{"href":"https:\/\/elfaroonline.com.ar\/index.php\/wp-json\/wp\/v2\/types\/post"}],"author":[{"embeddable":true,"href":"https:\/\/elfaroonline.com.ar\/index.php\/wp-json\/wp\/v2\/users\/2"}],"replies":[{"embeddable":true,"href":"https:\/\/elfaroonline.com.ar\/index.php\/wp-json\/wp\/v2\/comments?post=2569"}],"version-history":[{"count":1,"href":"https:\/\/elfaroonline.com.ar\/index.php\/wp-json\/wp\/v2\/posts\/2569\/revisions"}],"predecessor-version":[{"id":2571,"href":"https:\/\/elfaroonline.com.ar\/index.php\/wp-json\/wp\/v2\/posts\/2569\/revisions\/2571"}],"wp:featuredmedia":[{"embeddable":true,"href":"https:\/\/elfaroonline.com.ar\/index.php\/wp-json\/wp\/v2\/media\/2570"}],"wp:attachment":[{"href":"https:\/\/elfaroonline.com.ar\/index.php\/wp-json\/wp\/v2\/media?parent=2569"}],"wp:term":[{"taxonomy":"category","embeddable":true,"href":"https:\/\/elfaroonline.com.ar\/index.php\/wp-json\/wp\/v2\/categories?post=2569"},{"taxonomy":"post_tag","embeddable":true,"href":"https:\/\/elfaroonline.com.ar\/index.php\/wp-json\/wp\/v2\/tags?post=2569"}],"curies":[{"name":"wp","href":"https:\/\/api.w.org\/{rel}","templated":true}]}}