{"id":2575,"date":"2024-10-08T07:24:32","date_gmt":"2024-10-08T10:24:32","guid":{"rendered":"https:\/\/elfaroonline.com.ar\/?p=2575"},"modified":"2024-10-08T07:24:32","modified_gmt":"2024-10-08T10:24:32","slug":"fallecio-un-joven-en-un-accidente-automovilistico-en-santa-maria","status":"publish","type":"post","link":"https:\/\/elfaroonline.com.ar\/index.php\/2024\/10\/08\/fallecio-un-joven-en-un-accidente-automovilistico-en-santa-maria\/","title":{"rendered":"Falleci\u00f3 un joven en un accidente automovil\u00edstico en Santa Mar\u00eda"},"content":{"rendered":"<p>La inseguridad vial sum\u00f3 una nueva v\u00edctima fatal. Minutos despu\u00e9s de la medianoche de ayer, un joven -identificado con el apellido L\u00f3pez-, circulaba en un autom\u00f3vil sobre la ruta provincial N\u00ba 17, frente al barrio Los Algarrobos, en Santa Mar\u00eda. Seg\u00fan se indic\u00f3, el joven conductor perdi\u00f3 el control del rodado e impact\u00f3 contra un \u00e1rbol. Como consecuencia del impacto, un acompa\u00f1ante result\u00f3 gravemente herido y falleci\u00f3 mientras era trasladado hacia Tucum\u00e1n.<\/p>\n","protected":false},"excerpt":{"rendered":"<p>La inseguridad vial sum\u00f3 una nueva v\u00edctima fatal. Minutos despu\u00e9s de la medianoche de ayer, un joven -identificado con el apellido L\u00f3pez-, circulaba en un autom\u00f3vil sobre la ruta provincial N\u00ba 17, frente al barrio Los Algarrobos, en Santa Mar\u00eda. Seg\u00fan se indic\u00f3, el joven conductor perdi\u00f3 el control del rodado e impact\u00f3 contra un [&hellip;]<\/p>\n","protected":false},"author":2,"featured_media":2576,"comment_status":"open","ping_status":"open","sticky":false,"template":"","format":"standard","meta":{"footnotes":""},"categories":[27],"tags":[],"class_list":{"0":"post-2575","1":"post","2":"type-post","3":"status-publish","4":"format-standard","5":"has-post-thumbnail","7":"category-policiales"},"aioseo_notices":[],"_links":{"self":[{"href":"https:\/\/elfaroonline.com.ar\/index.php\/wp-json\/wp\/v2\/posts\/2575","targetHints":{"allow":["GET"]}}],"collection":[{"href":"https:\/\/elfaroonline.com.ar\/index.php\/wp-json\/wp\/v2\/posts"}],"about":[{"href":"https:\/\/elfaroonline.com.ar\/index.php\/wp-json\/wp\/v2\/types\/post"}],"author":[{"embeddable":true,"href":"https:\/\/elfaroonline.com.ar\/index.php\/wp-json\/wp\/v2\/users\/2"}],"replies":[{"embeddable":true,"href":"https:\/\/elfaroonline.com.ar\/index.php\/wp-json\/wp\/v2\/comments?post=2575"}],"version-history":[{"count":1,"href":"https:\/\/elfaroonline.com.ar\/index.php\/wp-json\/wp\/v2\/posts\/2575\/revisions"}],"predecessor-version":[{"id":2577,"href":"https:\/\/elfaroonline.com.ar\/index.php\/wp-json\/wp\/v2\/posts\/2575\/revisions\/2577"}],"wp:featuredmedia":[{"embeddable":true,"href":"https:\/\/elfaroonline.com.ar\/index.php\/wp-json\/wp\/v2\/media\/2576"}],"wp:attachment":[{"href":"https:\/\/elfaroonline.com.ar\/index.php\/wp-json\/wp\/v2\/media?parent=2575"}],"wp:term":[{"taxonomy":"category","embeddable":true,"href":"https:\/\/elfaroonline.com.ar\/index.php\/wp-json\/wp\/v2\/categories?post=2575"},{"taxonomy":"post_tag","embeddable":true,"href":"https:\/\/elfaroonline.com.ar\/index.php\/wp-json\/wp\/v2\/tags?post=2575"}],"curies":[{"name":"wp","href":"https:\/\/api.w.org\/{rel}","templated":true}]}}