{"id":2588,"date":"2024-10-11T12:01:16","date_gmt":"2024-10-11T15:01:16","guid":{"rendered":"https:\/\/elfaroonline.com.ar\/?p=2588"},"modified":"2024-10-11T12:01:16","modified_gmt":"2024-10-11T15:01:16","slug":"ultima-semana-de-capacitacion-en-soldadura-por-arco-en-belen","status":"publish","type":"post","link":"https:\/\/elfaroonline.com.ar\/index.php\/2024\/10\/11\/ultima-semana-de-capacitacion-en-soldadura-por-arco-en-belen\/","title":{"rendered":"\u00daltima semana de capacitaci\u00f3n en soldadura por arco en Bel\u00e9n"},"content":{"rendered":"<p class=\"v1MsoNormal\">El Ministerio de Trabajo, Planificaci\u00f3n y Recursos Humanos de Catamarca, junto a la C\u00e1mara de Proveedores Mineros y la Universidad Nacional de Catamarca, particip\u00f3 en el \u00faltimo tramo de la capacitaci\u00f3n en soldadura por arco en la ciudad de Bel\u00e9n, una iniciativa conjunta de la cartera laboral provincial y la UNCA que les permiti\u00f3 a 50 trabajadores adquirir nuevas habilidades t\u00e9cnicas y mejorar sus oportunidades de empleo.<\/p>\n<p class=\"v1MsoNormal\">Durante su visita, la ministra de Trabajo, Planificaci\u00f3n y Recursos Humanos, Ver\u00f3nica Soria, expres\u00f3 su satisfacci\u00f3n por el compromiso de los participantes: &#8220;Esta formaci\u00f3n es fundamental para el desarrollo local y la creaci\u00f3n de oportunidades, ya que no solo abre puertas en el \u00e1mbito laboral, sino que tambi\u00e9n fortalece el arraigo de nuestros trabajadores y j\u00f3venes en sus comunidades&#8221;.<\/p>\n<p class=\"v1MsoNormal\">Soria destac\u00f3 adem\u00e1s la colaboraci\u00f3n entre el sector p\u00fablico, privado y acad\u00e9mico en la realizaci\u00f3n del curso: &#8220;Le agradecemos al municipio de Bel\u00e9n por el apoyo constante y disponer del predio para la formaci\u00f3n; a la C\u00e1mara de Proveedores Mineros y a su titular, Manuel G\u00f3mez Bello, que brindaron el material necesario para llevar a cabo esta capacitaci\u00f3n y a la Universidad Nacional de Catamarca, a trav\u00e9s de la escuela de oficio de la Secretar\u00eda de Extensi\u00f3n Universitaria, que sum\u00f3 su experiencia en la formaci\u00f3n t\u00e9cnica, demostrando que cuando todos los sectores se integran en estas iniciativas potenciamos las capacidades de nuestra gente y generamos el recurso humano necesario para impulsar la miner\u00eda y las dem\u00e1s actividades productivas de Catamarca. Este tipo de trabajo en conjunto refleja lo que podemos lograr por el futuro de nuestra provincia&#8221;.<\/p>\n<p class=\"v1MsoNormal\">El programa, que se desarroll\u00f3 durante dos meses, fue dise\u00f1ado para impartir conocimientos sobre el uso de la soldadura por arco, un \u00e1rea con alta demanda en el sector productivo local, especialmente en la industria minera. Los participantes continuar\u00e1n con una semana m\u00e1s de formaci\u00f3n que incluir\u00e1 una evaluaci\u00f3n final el pr\u00f3ximo 22 de octubre. Al completar esta \u00faltima etapa, contar\u00e1n con las herramientas necesarias para insertarse laboralmente en uno de los sectores m\u00e1s din\u00e1micos y con mayor potencial de crecimiento en la provincia.<\/p>\n","protected":false},"excerpt":{"rendered":"<p>El Ministerio de Trabajo, Planificaci\u00f3n y Recursos Humanos de Catamarca, junto a la C\u00e1mara de Proveedores Mineros y la Universidad Nacional de Catamarca, particip\u00f3 en el \u00faltimo tramo de la capacitaci\u00f3n en soldadura por arco en la ciudad de Bel\u00e9n, una iniciativa conjunta de la cartera laboral provincial y la UNCA que les permiti\u00f3 a [&hellip;]<\/p>\n","protected":false},"author":2,"featured_media":2589,"comment_status":"open","ping_status":"open","sticky":false,"template":"","format":"standard","meta":{"footnotes":""},"categories":[20],"tags":[],"class_list":{"0":"post-2588","1":"post","2":"type-post","3":"status-publish","4":"format-standard","5":"has-post-thumbnail","7":"category-sociedad"},"aioseo_notices":[],"_links":{"self":[{"href":"https:\/\/elfaroonline.com.ar\/index.php\/wp-json\/wp\/v2\/posts\/2588","targetHints":{"allow":["GET"]}}],"collection":[{"href":"https:\/\/elfaroonline.com.ar\/index.php\/wp-json\/wp\/v2\/posts"}],"about":[{"href":"https:\/\/elfaroonline.com.ar\/index.php\/wp-json\/wp\/v2\/types\/post"}],"author":[{"embeddable":true,"href":"https:\/\/elfaroonline.com.ar\/index.php\/wp-json\/wp\/v2\/users\/2"}],"replies":[{"embeddable":true,"href":"https:\/\/elfaroonline.com.ar\/index.php\/wp-json\/wp\/v2\/comments?post=2588"}],"version-history":[{"count":1,"href":"https:\/\/elfaroonline.com.ar\/index.php\/wp-json\/wp\/v2\/posts\/2588\/revisions"}],"predecessor-version":[{"id":2590,"href":"https:\/\/elfaroonline.com.ar\/index.php\/wp-json\/wp\/v2\/posts\/2588\/revisions\/2590"}],"wp:featuredmedia":[{"embeddable":true,"href":"https:\/\/elfaroonline.com.ar\/index.php\/wp-json\/wp\/v2\/media\/2589"}],"wp:attachment":[{"href":"https:\/\/elfaroonline.com.ar\/index.php\/wp-json\/wp\/v2\/media?parent=2588"}],"wp:term":[{"taxonomy":"category","embeddable":true,"href":"https:\/\/elfaroonline.com.ar\/index.php\/wp-json\/wp\/v2\/categories?post=2588"},{"taxonomy":"post_tag","embeddable":true,"href":"https:\/\/elfaroonline.com.ar\/index.php\/wp-json\/wp\/v2\/tags?post=2588"}],"curies":[{"name":"wp","href":"https:\/\/api.w.org\/{rel}","templated":true}]}}