{"id":2591,"date":"2024-10-11T12:03:22","date_gmt":"2024-10-11T15:03:22","guid":{"rendered":"https:\/\/elfaroonline.com.ar\/?p=2591"},"modified":"2024-10-11T12:03:22","modified_gmt":"2024-10-11T15:03:22","slug":"promocion-y-difusion-de-programas-para-emprendedores-de-santa-maria","status":"publish","type":"post","link":"https:\/\/elfaroonline.com.ar\/index.php\/2024\/10\/11\/promocion-y-difusion-de-programas-para-emprendedores-de-santa-maria\/","title":{"rendered":"Promoci\u00f3n y difusi\u00f3n de programas para emprendedores de Santa Mar\u00eda"},"content":{"rendered":"<p class=\"v1MsoNormal\">El Ministerio de Industria, Comercio y Empleo, a trav\u00e9s de su Secretar\u00eda de Econom\u00eda del Conocimiento y Empleo, desarroll\u00f3 actividades de una importante agenda que se cumpli\u00f3 en la cabecera departamental de Santa Mar\u00eda y en la vecina localidad de San Jos\u00e9, alcanzando a emprendedores y j\u00f3venes estudiantes de las escuelas t\u00e9cnicas.<\/p>\n<p class=\"v1MsoNormal\">Las actividades contaron con las asistencias de los secretarios de Econom\u00eda del Conocimiento y Empleo, Mario Guar\u00e1z; de Industria y Comercio, Jos\u00e9 Barrera, y la directora de Industria 4.0, Carolina Zurita, todas \u00e1reas pertenecientes al Ministerio de Industria, Comercio y Empleo que conduce Sebasti\u00e1n Caria.<\/p>\n<p class=\"v1MsoNormal\">Santa Mar\u00eda fue el primer destino del programa Emprende 4.0, en cuyo marco funciona el Club de Emprendedores Tecnol\u00f3gicos y Sustentables que tiene como objetivo promover la creaci\u00f3n de oportunidades para emprendedores y la generaci\u00f3n de una red de innovaci\u00f3n provincial. A tal fin se reuni\u00f3 un grupo de emprendedores santamarianos que trabajaron junto a los funcionarios abordando las distintas instancias de la creaci\u00f3n de un emprendimiento.<\/p>\n<p class=\"v1MsoNormal\">En otra actividad, productores santamarianos de capia, el alfajor artesanal distintivo de la cultura local, se reunieron en un encuentro programado por las \u00e1reas del ministerio provincial y la municipalidad de Santa Mar\u00eda, a fin de abordar distintas tem\u00e1ticas que tienen que ver con la producci\u00f3n de la capia y sus demandas, y el incentivo para la industrializaci\u00f3n de este producto.<\/p>\n<p class=\"v1MsoNormal\">El Ministerio de Industria, Comercio y Empleo es autoridad de aplicaci\u00f3n de la Ley 5.851 que declara Patrimonio Inmaterial Cultural a la receta de la capia, a partir de lo cual se avanza en distintos proyectos y en la actualizaci\u00f3n del padr\u00f3n de productores en los Valles Calchaqu\u00edes.<\/p>\n<p class=\"v1MsoNormal\">Tambi\u00e9n, los funcionarios abordaron con j\u00f3venes de las escuelas de Educaci\u00f3n T\u00e9cnica N\u00b0 5, de Santa Mar\u00eda, y N\u00b0 3, de San Jos\u00e9, temas motivacionales para que desarrollen proyectos para el concurso Industria Inspira, el que es organizado por la Uni\u00f3n Industrial Argentina Joven y que busca fomentar la creatividad y el esp\u00edritu emprendedor en los j\u00f3venes.<\/p>\n","protected":false},"excerpt":{"rendered":"<p>El Ministerio de Industria, Comercio y Empleo, a trav\u00e9s de su Secretar\u00eda de Econom\u00eda del Conocimiento y Empleo, desarroll\u00f3 actividades de una importante agenda que se cumpli\u00f3 en la cabecera departamental de Santa Mar\u00eda y en la vecina localidad de San Jos\u00e9, alcanzando a emprendedores y j\u00f3venes estudiantes de las escuelas t\u00e9cnicas. Las actividades contaron [&hellip;]<\/p>\n","protected":false},"author":2,"featured_media":2592,"comment_status":"open","ping_status":"open","sticky":false,"template":"","format":"standard","meta":{"footnotes":""},"categories":[20],"tags":[],"class_list":{"0":"post-2591","1":"post","2":"type-post","3":"status-publish","4":"format-standard","5":"has-post-thumbnail","7":"category-sociedad"},"aioseo_notices":[],"_links":{"self":[{"href":"https:\/\/elfaroonline.com.ar\/index.php\/wp-json\/wp\/v2\/posts\/2591","targetHints":{"allow":["GET"]}}],"collection":[{"href":"https:\/\/elfaroonline.com.ar\/index.php\/wp-json\/wp\/v2\/posts"}],"about":[{"href":"https:\/\/elfaroonline.com.ar\/index.php\/wp-json\/wp\/v2\/types\/post"}],"author":[{"embeddable":true,"href":"https:\/\/elfaroonline.com.ar\/index.php\/wp-json\/wp\/v2\/users\/2"}],"replies":[{"embeddable":true,"href":"https:\/\/elfaroonline.com.ar\/index.php\/wp-json\/wp\/v2\/comments?post=2591"}],"version-history":[{"count":1,"href":"https:\/\/elfaroonline.com.ar\/index.php\/wp-json\/wp\/v2\/posts\/2591\/revisions"}],"predecessor-version":[{"id":2593,"href":"https:\/\/elfaroonline.com.ar\/index.php\/wp-json\/wp\/v2\/posts\/2591\/revisions\/2593"}],"wp:featuredmedia":[{"embeddable":true,"href":"https:\/\/elfaroonline.com.ar\/index.php\/wp-json\/wp\/v2\/media\/2592"}],"wp:attachment":[{"href":"https:\/\/elfaroonline.com.ar\/index.php\/wp-json\/wp\/v2\/media?parent=2591"}],"wp:term":[{"taxonomy":"category","embeddable":true,"href":"https:\/\/elfaroonline.com.ar\/index.php\/wp-json\/wp\/v2\/categories?post=2591"},{"taxonomy":"post_tag","embeddable":true,"href":"https:\/\/elfaroonline.com.ar\/index.php\/wp-json\/wp\/v2\/tags?post=2591"}],"curies":[{"name":"wp","href":"https:\/\/api.w.org\/{rel}","templated":true}]}}