{"id":2594,"date":"2024-10-11T12:13:30","date_gmt":"2024-10-11T15:13:30","guid":{"rendered":"https:\/\/elfaroonline.com.ar\/?p=2594"},"modified":"2024-10-11T12:13:30","modified_gmt":"2024-10-11T15:13:30","slug":"convenio-para-el-uso-del-estadio-bicentenario","status":"publish","type":"post","link":"https:\/\/elfaroonline.com.ar\/index.php\/2024\/10\/11\/convenio-para-el-uso-del-estadio-bicentenario\/","title":{"rendered":"Convenio para el uso del Estadio Bicentenario"},"content":{"rendered":"<p class=\"v1MsoNormal\">Se realiz\u00f3 la firma del acuerdo entre el Ministerio de Cultura, Turismo y Deporte y las ligas catamarque\u00f1a y chacarera, y clubes de f\u00fatbol para el pr\u00e9stamo de las instalaciones del Estadio Provincial Bicentenario, en el marco de la participaci\u00f3n de equipos catamarque\u00f1os en el Torneo Regional Federal Amateur, que inicia el 12 de octubre pr\u00f3ximos. Con este convenio, el Estadio ser\u00e1 la sede para los partidos de los catamarque\u00f1os en este certamen nacional.<\/p>\n<p class=\"v1MsoNormal\">\n<p class=\"v1MsoNormal\">El encuentro fue encabezado por la ministra de Cultura, Turismo y Deporte Daiana Rold\u00e1n, quien junto al secretario de Deportes y Recreaci\u00f3n Guillermo Perna, rubricaron el acuerdo con los presidentes de la Liga Catamarque\u00f1a, Sylvia Jim\u00e9nez y Chacarera, Lucas Cisternas; y por parte de los clubes firmaron Ra\u00fal Colombo (San Mart\u00edn del Ba\u00f1ado), Franco Pizano (Villa Dolores), Luis Gallardo (San Lorenzo de Alem), Juan Carlos Rodr\u00edguez (Defensores del Norte) y Carlos Ocampo (Policial).<\/p>\n<p class=\"v1MsoNormal\">\n<p class=\"v1MsoNormal\">Con el objetivo de apoyar y colaborar con la promoci\u00f3n de actividades deportivas desde el Gobierno provincial, se acord\u00f3 la sesi\u00f3n de las instalaciones en excelente estado exigiendo a las instituciones su cuidado y preservaci\u00f3n. Adem\u00e1s, se brindar\u00e1 apoyo en el servicio de seguridad, ya que se contratar\u00e1 en caso de corresponder a trav\u00e9s de la Polic\u00eda de la Provincia, hasta 40 adicionales, generando as\u00ed que los clubes no tengan ese gasto en cada uno de los sus partidos de locales a lo largo de la disputa de este certamen nacional.<\/p>\n","protected":false},"excerpt":{"rendered":"<p>Se realiz\u00f3 la firma del acuerdo entre el Ministerio de Cultura, Turismo y Deporte y las ligas catamarque\u00f1a y chacarera, y clubes de f\u00fatbol para el pr\u00e9stamo de las instalaciones del Estadio Provincial Bicentenario, en el marco de la participaci\u00f3n de equipos catamarque\u00f1os en el Torneo Regional Federal Amateur, que inicia el 12 de octubre [&hellip;]<\/p>\n","protected":false},"author":2,"featured_media":2595,"comment_status":"open","ping_status":"open","sticky":false,"template":"","format":"standard","meta":{"footnotes":""},"categories":[25,23],"tags":[],"class_list":{"0":"post-2594","1":"post","2":"type-post","3":"status-publish","4":"format-standard","5":"has-post-thumbnail","7":"category-deportes","8":"category-destacados"},"aioseo_notices":[],"_links":{"self":[{"href":"https:\/\/elfaroonline.com.ar\/index.php\/wp-json\/wp\/v2\/posts\/2594","targetHints":{"allow":["GET"]}}],"collection":[{"href":"https:\/\/elfaroonline.com.ar\/index.php\/wp-json\/wp\/v2\/posts"}],"about":[{"href":"https:\/\/elfaroonline.com.ar\/index.php\/wp-json\/wp\/v2\/types\/post"}],"author":[{"embeddable":true,"href":"https:\/\/elfaroonline.com.ar\/index.php\/wp-json\/wp\/v2\/users\/2"}],"replies":[{"embeddable":true,"href":"https:\/\/elfaroonline.com.ar\/index.php\/wp-json\/wp\/v2\/comments?post=2594"}],"version-history":[{"count":1,"href":"https:\/\/elfaroonline.com.ar\/index.php\/wp-json\/wp\/v2\/posts\/2594\/revisions"}],"predecessor-version":[{"id":2596,"href":"https:\/\/elfaroonline.com.ar\/index.php\/wp-json\/wp\/v2\/posts\/2594\/revisions\/2596"}],"wp:featuredmedia":[{"embeddable":true,"href":"https:\/\/elfaroonline.com.ar\/index.php\/wp-json\/wp\/v2\/media\/2595"}],"wp:attachment":[{"href":"https:\/\/elfaroonline.com.ar\/index.php\/wp-json\/wp\/v2\/media?parent=2594"}],"wp:term":[{"taxonomy":"category","embeddable":true,"href":"https:\/\/elfaroonline.com.ar\/index.php\/wp-json\/wp\/v2\/categories?post=2594"},{"taxonomy":"post_tag","embeddable":true,"href":"https:\/\/elfaroonline.com.ar\/index.php\/wp-json\/wp\/v2\/tags?post=2594"}],"curies":[{"name":"wp","href":"https:\/\/api.w.org\/{rel}","templated":true}]}}