{"id":2597,"date":"2024-10-11T12:16:09","date_gmt":"2024-10-11T15:16:09","guid":{"rendered":"https:\/\/elfaroonline.com.ar\/?p=2597"},"modified":"2024-10-11T12:16:09","modified_gmt":"2024-10-11T15:16:09","slug":"viviendas-gobierno-y-colegios-de-profesionales-acordaron-sistema-de-adjudicacion-y-pago","status":"publish","type":"post","link":"https:\/\/elfaroonline.com.ar\/index.php\/2024\/10\/11\/viviendas-gobierno-y-colegios-de-profesionales-acordaron-sistema-de-adjudicacion-y-pago\/","title":{"rendered":"Viviendas: Gobierno y colegios de profesionales acordaron sistema de adjudicaci\u00f3n y pago"},"content":{"rendered":"<p class=\"v1MsoNormal\">El gobernador Ra\u00fal Jalil particip\u00f3, junto al ministro de Vivienda y Urbanizaci\u00f3n, Fidel S\u00e1enz, de la firma del acta que establece el sistema de adjudicaci\u00f3n y pago para las viviendas que forman parte del Programa de Viviendas para Profesionales.<\/p>\n<p class=\"v1MsoNormal\">Este acuerdo marca el cierre de la instancia de audiencia p\u00fablica, un proceso que comenz\u00f3 semanas atr\u00e1s, donde los colegiados participaron activamente para definir el esquema m\u00e1s conveniente y posibilit\u00f3 acordar los lineamientos para el acceso a unidades habitacionales a miembros de diferentes centros de profesionales de la provincia, entre los cuales sobresalen el Colegio de Abogados de Catamarca, la Uni\u00f3n de Arquitectos de Catamarca, el Consejo Profesional de Ciencias Econ\u00f3micas, el Colegio M\u00e9dico, y el Colegio de Kinesi\u00f3logo y Fisioterapeutas de Catamarca, entre otros.<\/p>\n<p class=\"v1MsoNormal\">De esta manera y tras la firma de las actas correspondientes, se definieron las diversas pautas acordadas a trav\u00e9s de un convenio espec\u00edfico y se anunci\u00f3 que se avanzar\u00e1 con la distribuci\u00f3n y entrega de viviendas a cada entidad profesional en el transcurso de los pr\u00f3ximos meses.<\/p>\n<p class=\"v1MsoNormal\">En este marco, se definieron los siguientes puntos para el acceso a la vivienda:<\/p>\n<p class=\"v1MsoNormal\">-Entrega inicial: Un piso de $5.000.000 para los adjudicatarios.<\/p>\n<p class=\"v1MsoNormal\">-Financiamiento: El saldo restante podr\u00e1 abonarse en 120 cuotas. El valor de las cuotas ser\u00e1 de aproximadamente $500.000, aunque es importante recordar que ese valor estar\u00e1 directamente relacionado con el monto de la entrega inicial.<\/p>\n<p class=\"v1MsoNormal\">\n<p class=\"v1MsoNormal\">Desde el Ministerio de la Vivienda y Urbanizaci\u00f3n informaron que las primeras 35 viviendas estar\u00e1n listas pr\u00f3ximamente y se prev\u00e9 su entrega en diciembre. Este es solo el comienzo del proyecto, que en total contempla 175 viviendas para los profesionales de los mencionados colegios, teniendo prioridad en la adjudicaci\u00f3n los colegiados que cuenten con grupo familiar y miembros del mismo con capacidades diferentes.<\/p>\n","protected":false},"excerpt":{"rendered":"<p>El gobernador Ra\u00fal Jalil particip\u00f3, junto al ministro de Vivienda y Urbanizaci\u00f3n, Fidel S\u00e1enz, de la firma del acta que establece el sistema de adjudicaci\u00f3n y pago para las viviendas que forman parte del Programa de Viviendas para Profesionales. Este acuerdo marca el cierre de la instancia de audiencia p\u00fablica, un proceso que comenz\u00f3 semanas [&hellip;]<\/p>\n","protected":false},"author":2,"featured_media":2598,"comment_status":"open","ping_status":"open","sticky":false,"template":"","format":"standard","meta":{"footnotes":""},"categories":[23,21],"tags":[],"class_list":{"0":"post-2597","1":"post","2":"type-post","3":"status-publish","4":"format-standard","5":"has-post-thumbnail","7":"category-destacados","8":"category-politica"},"aioseo_notices":[],"_links":{"self":[{"href":"https:\/\/elfaroonline.com.ar\/index.php\/wp-json\/wp\/v2\/posts\/2597","targetHints":{"allow":["GET"]}}],"collection":[{"href":"https:\/\/elfaroonline.com.ar\/index.php\/wp-json\/wp\/v2\/posts"}],"about":[{"href":"https:\/\/elfaroonline.com.ar\/index.php\/wp-json\/wp\/v2\/types\/post"}],"author":[{"embeddable":true,"href":"https:\/\/elfaroonline.com.ar\/index.php\/wp-json\/wp\/v2\/users\/2"}],"replies":[{"embeddable":true,"href":"https:\/\/elfaroonline.com.ar\/index.php\/wp-json\/wp\/v2\/comments?post=2597"}],"version-history":[{"count":1,"href":"https:\/\/elfaroonline.com.ar\/index.php\/wp-json\/wp\/v2\/posts\/2597\/revisions"}],"predecessor-version":[{"id":2599,"href":"https:\/\/elfaroonline.com.ar\/index.php\/wp-json\/wp\/v2\/posts\/2597\/revisions\/2599"}],"wp:featuredmedia":[{"embeddable":true,"href":"https:\/\/elfaroonline.com.ar\/index.php\/wp-json\/wp\/v2\/media\/2598"}],"wp:attachment":[{"href":"https:\/\/elfaroonline.com.ar\/index.php\/wp-json\/wp\/v2\/media?parent=2597"}],"wp:term":[{"taxonomy":"category","embeddable":true,"href":"https:\/\/elfaroonline.com.ar\/index.php\/wp-json\/wp\/v2\/categories?post=2597"},{"taxonomy":"post_tag","embeddable":true,"href":"https:\/\/elfaroonline.com.ar\/index.php\/wp-json\/wp\/v2\/tags?post=2597"}],"curies":[{"name":"wp","href":"https:\/\/api.w.org\/{rel}","templated":true}]}}