{"id":2600,"date":"2024-10-11T12:19:14","date_gmt":"2024-10-11T15:19:14","guid":{"rendered":"https:\/\/elfaroonline.com.ar\/?p=2600"},"modified":"2024-10-11T12:19:14","modified_gmt":"2024-10-11T15:19:14","slug":"la-carrera-de-medicina-en-etapa-final-de-acreditacion-para-su-implementacion-en-catamarca","status":"publish","type":"post","link":"https:\/\/elfaroonline.com.ar\/index.php\/2024\/10\/11\/la-carrera-de-medicina-en-etapa-final-de-acreditacion-para-su-implementacion-en-catamarca\/","title":{"rendered":"La Carrera de Medicina en etapa final de acreditaci\u00f3n para su implementaci\u00f3n en Catamarca"},"content":{"rendered":"<p class=\"v1MsoNormal\">El gobernador Ra\u00fal Jalil mantuvo una reuni\u00f3n de trabajo con el rector de la UNCa, Oscar Arellano, para tratar distintos temas en los que ambas instituciones vienen trabajando en conjunto, entre ellos la implementaci\u00f3n de la carrera de Medicina.<\/p>\n<p class=\"v1MsoNormal\">La autoridad universitaria comunic\u00f3 al mandatario provincial sobre los avances en la tramitaci\u00f3n de la carrera de Medicina para Catamarca. En este sentido, Arellano inform\u00f3 que los tr\u00e1mites ante la Comisi\u00f3n Nacional de Evaluaci\u00f3n y Acreditaci\u00f3n Universitaria (CONEAU), organismo encargado de evaluar y acreditar las nuevas carreras en las universidades nacionales, se encuentran en su etapa final y se espera que en el corto plazo haya novedades importantes respecto de su acreditaci\u00f3n para la implementaci\u00f3n de esta carrera en la provincia el pr\u00f3ximo a\u00f1o.<\/p>\n<p class=\"v1MsoNormal\">El Gobierno provincial y la Universidad Nacional de Catamarca vienen realizando un arduo trabajo conjunto para que la carrera de Medicina sea una realidad en la provincia. Por ello, el Gobernador reafirm\u00f3 en el encuentro el compromiso de seguir ampliando y mejorando las instalaciones del ex Centro de Formaci\u00f3n Profesional N\u00b01 (ubicado en calle La Rioja y Avellaneda y Tula) donde se dictar\u00e1 la carrera.<\/p>\n<p class=\"v1MsoNormal\">Por otra parte, en el encuentro, el Gobernador confirm\u00f3 que en las pr\u00f3ximas semanas comenzar\u00e1 a ser efectivo el pago del 3% de fondos de regal\u00edas mineras destinado al Centro de Desarrollo Cient\u00edfico, Tecnol\u00f3gico y Productivo de Catamarca.<\/p>\n<p class=\"v1MsoNormal\">\n<p class=\"v1MsoNormal\">El centro funcionar\u00e1 inicialmente en el predio de la UNCA, donde se realizar\u00e1n ampliaciones edilicias, hasta que se concrete el proyecto de sede propia en un futuro.<\/p>\n","protected":false},"excerpt":{"rendered":"<p>El gobernador Ra\u00fal Jalil mantuvo una reuni\u00f3n de trabajo con el rector de la UNCa, Oscar Arellano, para tratar distintos temas en los que ambas instituciones vienen trabajando en conjunto, entre ellos la implementaci\u00f3n de la carrera de Medicina. La autoridad universitaria comunic\u00f3 al mandatario provincial sobre los avances en la tramitaci\u00f3n de la carrera [&hellip;]<\/p>\n","protected":false},"author":2,"featured_media":2601,"comment_status":"open","ping_status":"open","sticky":false,"template":"","format":"standard","meta":{"footnotes":""},"categories":[23,21],"tags":[],"class_list":{"0":"post-2600","1":"post","2":"type-post","3":"status-publish","4":"format-standard","5":"has-post-thumbnail","7":"category-destacados","8":"category-politica"},"aioseo_notices":[],"_links":{"self":[{"href":"https:\/\/elfaroonline.com.ar\/index.php\/wp-json\/wp\/v2\/posts\/2600","targetHints":{"allow":["GET"]}}],"collection":[{"href":"https:\/\/elfaroonline.com.ar\/index.php\/wp-json\/wp\/v2\/posts"}],"about":[{"href":"https:\/\/elfaroonline.com.ar\/index.php\/wp-json\/wp\/v2\/types\/post"}],"author":[{"embeddable":true,"href":"https:\/\/elfaroonline.com.ar\/index.php\/wp-json\/wp\/v2\/users\/2"}],"replies":[{"embeddable":true,"href":"https:\/\/elfaroonline.com.ar\/index.php\/wp-json\/wp\/v2\/comments?post=2600"}],"version-history":[{"count":1,"href":"https:\/\/elfaroonline.com.ar\/index.php\/wp-json\/wp\/v2\/posts\/2600\/revisions"}],"predecessor-version":[{"id":2602,"href":"https:\/\/elfaroonline.com.ar\/index.php\/wp-json\/wp\/v2\/posts\/2600\/revisions\/2602"}],"wp:featuredmedia":[{"embeddable":true,"href":"https:\/\/elfaroonline.com.ar\/index.php\/wp-json\/wp\/v2\/media\/2601"}],"wp:attachment":[{"href":"https:\/\/elfaroonline.com.ar\/index.php\/wp-json\/wp\/v2\/media?parent=2600"}],"wp:term":[{"taxonomy":"category","embeddable":true,"href":"https:\/\/elfaroonline.com.ar\/index.php\/wp-json\/wp\/v2\/categories?post=2600"},{"taxonomy":"post_tag","embeddable":true,"href":"https:\/\/elfaroonline.com.ar\/index.php\/wp-json\/wp\/v2\/tags?post=2600"}],"curies":[{"name":"wp","href":"https:\/\/api.w.org\/{rel}","templated":true}]}}