{"id":2614,"date":"2024-10-14T06:46:57","date_gmt":"2024-10-14T09:46:57","guid":{"rendered":"https:\/\/elfaroonline.com.ar\/?p=2614"},"modified":"2024-10-14T06:46:57","modified_gmt":"2024-10-14T09:46:57","slug":"javier-milei-los-que-defienden-las-universidades-no-quieren-ser-auditados-para-mantener-sus-curros","status":"publish","type":"post","link":"https:\/\/elfaroonline.com.ar\/index.php\/2024\/10\/14\/javier-milei-los-que-defienden-las-universidades-no-quieren-ser-auditados-para-mantener-sus-curros\/","title":{"rendered":"Javier Milei: &#8220;Los que defienden las universidades no quieren ser auditados para mantener sus curros&#8221;"},"content":{"rendered":"<p class=\"description\">El mandatario habl\u00f3 en el evento donde se oficializ\u00f3 el cambio de nombre del Centro Cultural Kirchner, que ahora se llamar\u00e1 Palacio Libertad Domingo Faustino Sarmiento.<\/p>\n<p>En ese contexto lanz\u00f3 duras declaraciones que profundizan la pol\u00e9mica por los recursos para las universidades nacionales. &#8220;Los que defienden las universidades no quieren ser auditados para mantener sus curros&#8221;, afirm\u00f3 el Presidente.<\/p>\n<div class=\"zone \"><\/div>\n<p>&#8220;Principio de revelaci\u00f3n: si no quieren ser auditados es porque deben estar sucios. Dejen de enga\u00f1ar a los argentinos y digan la verdad, que no quieren ser auditados para mantener sus curros y utilizan y prostituyen una causa noble para seguir defendiendo el robo de algunas agrupaciones pol\u00edticas&#8221;, enfatiz\u00f3 Milei.<\/p>\n<p>&#8220;En un pa\u00eds donde la gran mayor\u00eda de los ni\u00f1os son pobres y no saben leer ni escribir, ni realizar una operaci\u00f3n matem\u00e1tica b\u00e1sica, el mito de la universidad gratuita se convierte en un subsidio de los pobres a los ricos&#8221;, argument\u00f3.<\/p>\n<p>&#8220;Queremos terminar con las filtraciones de dinero que llega a la universidad y lo que verdaderamente llega a los alumnos y profesores, y no lo que se queda en el medio, por ejemplo, con autos caros de 90 mil d\u00f3lares&#8221;, afirm\u00f3 el mandatario nacional durante la presentaci\u00f3n del Palacio Libertad.<\/p>\n<div class=\"zone \"><\/div>\n<p>Y subray\u00f3: &#8220;Si <b>no quieren ser auditados<\/b>, debe ser porque <b>est\u00e1n sucios<\/b>&#8220;.<\/p>\n<div class=\"zone \"><\/div>\n<p>&#8220;Podr\u00edan permitir que se los audite, \u00bfno? Ac\u00e1 no est\u00e1 en discusi\u00f3n la universidad p\u00fablica y gratuita. La discusi\u00f3n es que los recursos son escasos y robar est\u00e1 mal&#8221;, asegur\u00f3.<\/p>\n<h2 id=\"el-inicio-de-una-nueva-etapa\">El &#8220;inicio de una nueva etapa&#8221;<\/h2>\n<p>Milei afirm\u00f3 durante la inauguraci\u00f3n del flamante Palacio Libertad que este es &#8220;el inicio de una nueva etapa para enaltecer la figura de nuestros m\u00e1s grandes pr\u00f3ceres&#8221;, para dejar atr\u00e1s &#8220;el culto de los pol\u00edticos que arrastraron al pa\u00eds a la decadencia&#8221;.<\/p>\n<p>&nbsp;<\/p>\n<p>&#8220;Este es el inicio de una nueva etapa para enaltecer la figura de nuestros m\u00e1s grandes pr\u00f3ceres y s\u00edmbolos nacionales. Para dejar atr\u00e1s al culto de los pol\u00edticos que arrastraron al pa\u00eds a la decadencia y a la humillaci\u00f3n&#8221;, asegur\u00f3 el mandatario.<\/p>\n","protected":false},"excerpt":{"rendered":"<p>El mandatario habl\u00f3 en el evento donde se oficializ\u00f3 el cambio de nombre del Centro Cultural Kirchner, que ahora se llamar\u00e1 Palacio Libertad Domingo Faustino Sarmiento. En ese contexto lanz\u00f3 duras declaraciones que profundizan la pol\u00e9mica por los recursos para las universidades nacionales. &#8220;Los que defienden las universidades no quieren ser auditados para mantener sus [&hellip;]<\/p>\n","protected":false},"author":2,"featured_media":2615,"comment_status":"open","ping_status":"open","sticky":false,"template":"","format":"standard","meta":{"footnotes":""},"categories":[22,21],"tags":[],"class_list":{"0":"post-2614","1":"post","2":"type-post","3":"status-publish","4":"format-standard","5":"has-post-thumbnail","7":"category-nacionales","8":"category-politica"},"aioseo_notices":[],"_links":{"self":[{"href":"https:\/\/elfaroonline.com.ar\/index.php\/wp-json\/wp\/v2\/posts\/2614","targetHints":{"allow":["GET"]}}],"collection":[{"href":"https:\/\/elfaroonline.com.ar\/index.php\/wp-json\/wp\/v2\/posts"}],"about":[{"href":"https:\/\/elfaroonline.com.ar\/index.php\/wp-json\/wp\/v2\/types\/post"}],"author":[{"embeddable":true,"href":"https:\/\/elfaroonline.com.ar\/index.php\/wp-json\/wp\/v2\/users\/2"}],"replies":[{"embeddable":true,"href":"https:\/\/elfaroonline.com.ar\/index.php\/wp-json\/wp\/v2\/comments?post=2614"}],"version-history":[{"count":1,"href":"https:\/\/elfaroonline.com.ar\/index.php\/wp-json\/wp\/v2\/posts\/2614\/revisions"}],"predecessor-version":[{"id":2616,"href":"https:\/\/elfaroonline.com.ar\/index.php\/wp-json\/wp\/v2\/posts\/2614\/revisions\/2616"}],"wp:featuredmedia":[{"embeddable":true,"href":"https:\/\/elfaroonline.com.ar\/index.php\/wp-json\/wp\/v2\/media\/2615"}],"wp:attachment":[{"href":"https:\/\/elfaroonline.com.ar\/index.php\/wp-json\/wp\/v2\/media?parent=2614"}],"wp:term":[{"taxonomy":"category","embeddable":true,"href":"https:\/\/elfaroonline.com.ar\/index.php\/wp-json\/wp\/v2\/categories?post=2614"},{"taxonomy":"post_tag","embeddable":true,"href":"https:\/\/elfaroonline.com.ar\/index.php\/wp-json\/wp\/v2\/tags?post=2614"}],"curies":[{"name":"wp","href":"https:\/\/api.w.org\/{rel}","templated":true}]}}