{"id":2617,"date":"2024-10-14T06:47:34","date_gmt":"2024-10-14T09:47:34","guid":{"rendered":"https:\/\/elfaroonline.com.ar\/?p=2617"},"modified":"2024-10-14T06:47:34","modified_gmt":"2024-10-14T09:47:34","slug":"miles-de-personas-toman-las-calles-de-madrid-para-protestar-por-la-vivienda-si-seguis-subiendo-los-precios-de-los-alquileres-vamos-a-dejar-de-pagaros","status":"publish","type":"post","link":"https:\/\/elfaroonline.com.ar\/index.php\/2024\/10\/14\/miles-de-personas-toman-las-calles-de-madrid-para-protestar-por-la-vivienda-si-seguis-subiendo-los-precios-de-los-alquileres-vamos-a-dejar-de-pagaros\/","title":{"rendered":"Miles de personas toman las calles de Madrid para protestar por la vivienda: \u201cSi segu\u00eds subiendo los precios de los alquileres, vamos a dejar de pagaros\u201d"},"content":{"rendered":"<p>Mucha gente joven, pero tambi\u00e9n muchas familias, se han echado este domingo a la calle para expresar su indignaci\u00f3n por la subida abusiva de los precios de la vivienda en Espa\u00f1a.<\/p>\n<p>La lucha la abanderan los j\u00f3venes, mayoritarios en la marcha de Madrid, pero no son los \u00fanicos que han acudido a la cita del Sindicato de Inquilinas: adultos, jubilados y familias han acompa\u00f1ado igualmente la manifestaci\u00f3n, lo que evidencia que el problema afecta a la poblaci\u00f3n general. El precio de los alquileres en Espa\u00f1a <b>ha aumentado un 77% en la \u00faltima d\u00e9cada<\/b>, mientras que los ingresos de los hogares han crecido tan solo un 33%. Actualmente, el alquiler de una vivienda se come casi el 94% del salario de los m\u00e1s j\u00f3venes, lo que hace imposible para ellos ni siquiera plantearse la independencia.<\/p>\n<p>La manifestaci\u00f3n parti\u00f3 a las 12:00 horas desde Atocha y culminar\u00e1 en unas horas en la plaza de Callao. A la movilizaci\u00f3n han acudido multitud de colectivos afectados por la problem\u00e1tica de la vivienda, desde representantes de la Ca\u00f1ada Real hasta afectados por la l\u00ednea 7B de Metro Madrid. \u201c<b>\u00a1Fuera fondos buitres de nuestros barrios!<\/b>\u201d.<\/p>\n<p>\u201cA los caseros y la patronal inmobiliaria deciros que se acab\u00f3 vuestra impunidad, que <b>si segu\u00eds subiendo los precios de los alquileres, vamos a dejar de pagaros <\/b>y no va a haber polic\u00eda, juzgados ni matones suficientes para desahuciarnos a todas las que estamos hoy aqu\u00ed\u201d, aseguraba ante los medios minutos antes de que arrancara la manifestaci\u00f3n.<\/p>\n<p>Racu tambi\u00e9n ha aprovechado para lanzar un mensaje a los gobiernos y a los pol\u00edticos y pedir la <b>dimisi\u00f3n de la ministra de Vivienda, Isabel Rodr\u00edguez<\/b>: \u201cSe acab\u00f3 vuestro tiempo, no hab\u00e9is aprovechado ninguna de las oportunidades que os hemos dado. Por eso no queremos m\u00e1s promesas vac\u00edas. Exigimos, necesitamos que se bajen los alquileres de una vez por todas [&#8230;] y exigimos la dimisi\u00f3n de la ministra de Vivienda, porque es la responsable de todo esto y <b>alguien tiene que asumir responsabilidades.<\/b> Que se vaya de una vez a su casa a una de las m\u00faltiples que tiene\u201d.<\/p>\n<p>El sindicato exige <b>expropiar <\/b>y recuperar las viviendas de los fondos buitre, as\u00ed como la <b>clausura de todos los pisos tur\u00edsticos<\/b>, que cifran en m\u00e1s de 17.000 solo en la capital, para que vuelvan a funcionar como viviendas habituales. De igual manera, protestan contra los <b>desahucios<\/b>, que \u201csiguen siendo una problem\u00e1tica real para quienes no tienen control sobre su vivienda, alcanzando los 82 diarios en 2024 mientras el Gobierno central asegura haber terminado con ellos\u201d. En esta l\u00ednea, piden terminar con esta pr\u00e1ctica y la desarticulaci\u00f3n de las <b>empresas de desokupaci\u00f3n<\/b>.<\/p>\n","protected":false},"excerpt":{"rendered":"<p>Mucha gente joven, pero tambi\u00e9n muchas familias, se han echado este domingo a la calle para expresar su indignaci\u00f3n por la subida abusiva de los precios de la vivienda en Espa\u00f1a. La lucha la abanderan los j\u00f3venes, mayoritarios en la marcha de Madrid, pero no son los \u00fanicos que han acudido a la cita del [&hellip;]<\/p>\n","protected":false},"author":2,"featured_media":2618,"comment_status":"open","ping_status":"open","sticky":false,"template":"","format":"standard","meta":{"footnotes":""},"categories":[24],"tags":[],"class_list":{"0":"post-2617","1":"post","2":"type-post","3":"status-publish","4":"format-standard","5":"has-post-thumbnail","7":"category-mundo"},"aioseo_notices":[],"_links":{"self":[{"href":"https:\/\/elfaroonline.com.ar\/index.php\/wp-json\/wp\/v2\/posts\/2617","targetHints":{"allow":["GET"]}}],"collection":[{"href":"https:\/\/elfaroonline.com.ar\/index.php\/wp-json\/wp\/v2\/posts"}],"about":[{"href":"https:\/\/elfaroonline.com.ar\/index.php\/wp-json\/wp\/v2\/types\/post"}],"author":[{"embeddable":true,"href":"https:\/\/elfaroonline.com.ar\/index.php\/wp-json\/wp\/v2\/users\/2"}],"replies":[{"embeddable":true,"href":"https:\/\/elfaroonline.com.ar\/index.php\/wp-json\/wp\/v2\/comments?post=2617"}],"version-history":[{"count":1,"href":"https:\/\/elfaroonline.com.ar\/index.php\/wp-json\/wp\/v2\/posts\/2617\/revisions"}],"predecessor-version":[{"id":2619,"href":"https:\/\/elfaroonline.com.ar\/index.php\/wp-json\/wp\/v2\/posts\/2617\/revisions\/2619"}],"wp:featuredmedia":[{"embeddable":true,"href":"https:\/\/elfaroonline.com.ar\/index.php\/wp-json\/wp\/v2\/media\/2618"}],"wp:attachment":[{"href":"https:\/\/elfaroonline.com.ar\/index.php\/wp-json\/wp\/v2\/media?parent=2617"}],"wp:term":[{"taxonomy":"category","embeddable":true,"href":"https:\/\/elfaroonline.com.ar\/index.php\/wp-json\/wp\/v2\/categories?post=2617"},{"taxonomy":"post_tag","embeddable":true,"href":"https:\/\/elfaroonline.com.ar\/index.php\/wp-json\/wp\/v2\/tags?post=2617"}],"curies":[{"name":"wp","href":"https:\/\/api.w.org\/{rel}","templated":true}]}}