{"id":262,"date":"2024-04-16T16:13:15","date_gmt":"2024-04-16T19:13:15","guid":{"rendered":"https:\/\/elfaroonline.com.ar\/?p=262"},"modified":"2024-04-16T16:13:15","modified_gmt":"2024-04-16T19:13:15","slug":"raul-jalil-gestiona-financiamiento-para-obras-ante-organismos-internacionales","status":"publish","type":"post","link":"https:\/\/elfaroonline.com.ar\/index.php\/2024\/04\/16\/raul-jalil-gestiona-financiamiento-para-obras-ante-organismos-internacionales\/","title":{"rendered":"Ra\u00fal Jalil gestiona financiamiento para obras ante organismos internacionales"},"content":{"rendered":"<p class=\"v1MsoNormal\">Con el prop\u00f3sito de obtener recursos para obras en la provincia, el gobernador Ra\u00fal Jalil mantuvo una reuni\u00f3n con el vicepresidente de la CAF-Banco de Desarrollo de Am\u00e9rica Latina, Christian Asinelli, para analizar las oportunidades de obtener un pr\u00e9stamo destinado a la realizaci\u00f3n de proyectos esenciales para el desarrollo provincial.<\/p>\n<p class=\"v1MsoNormal\">En el encuentro, llevado a cabo en la Ciudad de Buenos Aires, el mandatario provincial pudo presentar la situaci\u00f3n actual de la provincia y explorar los mecanismos necesarios para obtener financiamiento que permita continuar con la ejecuci\u00f3n de obras fundamentales, como diques, acueductos, rutas, entre otras.<\/p>\n<p class=\"v1MsoNormal\">Desde la entidad bancaria se comprometieron a realizar las gestiones necesarias para que la provincia, a trav\u00e9s del Banco de Desarrollo de Am\u00e9rica Latina y El Caribe, pueda acceder a un pr\u00e9stamo para dar continuidad a la obra p\u00fablica que demandan sus comunidades.<\/p>\n<p class=\"v1MsoNormal\">\n<p class=\"v1MsoNormal\">Por \u00faltimo, el Gobernador invit\u00f3 al vicepresidente de la CAF a visitar la provincia y participar de la inauguraci\u00f3n de obras en el interior provincial como la de Ruta 43 (tramo Villa Vil-Barranca Larga) que est\u00e1 pr\u00f3xima a concluir.<\/p>\n","protected":false},"excerpt":{"rendered":"<p>Con el prop\u00f3sito de obtener recursos para obras en la provincia, el gobernador Ra\u00fal Jalil mantuvo una reuni\u00f3n con el vicepresidente de la CAF-Banco de Desarrollo de Am\u00e9rica Latina, Christian Asinelli, para analizar las oportunidades de obtener un pr\u00e9stamo destinado a la realizaci\u00f3n de proyectos esenciales para el desarrollo provincial. En el encuentro, llevado a [&hellip;]<\/p>\n","protected":false},"author":2,"featured_media":263,"comment_status":"open","ping_status":"open","sticky":false,"template":"","format":"standard","meta":{"footnotes":""},"categories":[21],"tags":[],"class_list":{"0":"post-262","1":"post","2":"type-post","3":"status-publish","4":"format-standard","5":"has-post-thumbnail","7":"category-politica"},"aioseo_notices":[],"_links":{"self":[{"href":"https:\/\/elfaroonline.com.ar\/index.php\/wp-json\/wp\/v2\/posts\/262","targetHints":{"allow":["GET"]}}],"collection":[{"href":"https:\/\/elfaroonline.com.ar\/index.php\/wp-json\/wp\/v2\/posts"}],"about":[{"href":"https:\/\/elfaroonline.com.ar\/index.php\/wp-json\/wp\/v2\/types\/post"}],"author":[{"embeddable":true,"href":"https:\/\/elfaroonline.com.ar\/index.php\/wp-json\/wp\/v2\/users\/2"}],"replies":[{"embeddable":true,"href":"https:\/\/elfaroonline.com.ar\/index.php\/wp-json\/wp\/v2\/comments?post=262"}],"version-history":[{"count":1,"href":"https:\/\/elfaroonline.com.ar\/index.php\/wp-json\/wp\/v2\/posts\/262\/revisions"}],"predecessor-version":[{"id":264,"href":"https:\/\/elfaroonline.com.ar\/index.php\/wp-json\/wp\/v2\/posts\/262\/revisions\/264"}],"wp:featuredmedia":[{"embeddable":true,"href":"https:\/\/elfaroonline.com.ar\/index.php\/wp-json\/wp\/v2\/media\/263"}],"wp:attachment":[{"href":"https:\/\/elfaroonline.com.ar\/index.php\/wp-json\/wp\/v2\/media?parent=262"}],"wp:term":[{"taxonomy":"category","embeddable":true,"href":"https:\/\/elfaroonline.com.ar\/index.php\/wp-json\/wp\/v2\/categories?post=262"},{"taxonomy":"post_tag","embeddable":true,"href":"https:\/\/elfaroonline.com.ar\/index.php\/wp-json\/wp\/v2\/tags?post=262"}],"curies":[{"name":"wp","href":"https:\/\/api.w.org\/{rel}","templated":true}]}}