{"id":2624,"date":"2024-10-14T06:49:13","date_gmt":"2024-10-14T09:49:13","guid":{"rendered":"https:\/\/elfaroonline.com.ar\/?p=2624"},"modified":"2024-10-14T06:49:13","modified_gmt":"2024-10-14T09:49:13","slug":"con-record-de-publico-y-ventas-se-afianza-la-feria-provincial-del-libro","status":"publish","type":"post","link":"https:\/\/elfaroonline.com.ar\/index.php\/2024\/10\/14\/con-record-de-publico-y-ventas-se-afianza-la-feria-provincial-del-libro\/","title":{"rendered":"Con r\u00e9cord de p\u00fablico y ventas, se afianza la Feria Provincial del Libro"},"content":{"rendered":"<p dir=\"ltr\">La 16\u00b0 edici\u00f3n de la Feria Provincial del Libro, que se realiz\u00f3 del 9 al 13 de octubre en el Predio Ferial, se consolid\u00f3 en el calendario cultural de Catamarca al haber contado con m\u00e1s expositores que en ediciones anteriores, por el acompa\u00f1amiento del p\u00fablico local y de turistas que participaron en los diferentes espacios y por el \u00e9xito en ventas de libros.<\/p>\n<p>&nbsp;<\/p>\n<p dir=\"ltr\">&#8220;Esta Feria del Libro super\u00f3 todas las ediciones y nos alegra porque es un evento que este Gobierno defiende y que resiste, a pesar de las adversidades que atraviesa la cultura en este momento;\u00a0 lo demuestra haber tenido r\u00e9cord en participaci\u00f3n de expositores, tuvimos 46 stands en el sal\u00f3n Peregrina Z\u00e1rate y en el espacio infantil que este a\u00f1o adem\u00e1s de los talleres tuvo a libreros de editoriales independientes y nacionales&#8221;, destac\u00f3 la ministra de Cultura, Turismo y Deporte, Daiana Rold\u00e1n.<\/p>\n<p>&nbsp;<\/p>\n<p dir=\"ltr\">&#8220;En estos d\u00edas vimos a las personas que son del mundo de la poes\u00eda, de la literatura, pero tambi\u00e9n tuvimos a la gente que acompa\u00f1\u00f3 este evento cultural participando en las charlas y en los talleres, en este contexto de tecnolog\u00eda sentimos que hubo una reconexi\u00f3n con el papel, con el objeto libro, con la materialidad que representan&#8221;.<\/p>\n<p>&nbsp;<\/p>\n<p dir=\"ltr\">Por otro lado, la ministra Rold\u00e1n remarc\u00f3 el movimiento econ\u00f3mico que gener\u00f3 la feria y los puntos gastron\u00f3micos apostados en el Predio. Las ventas entre puestos editoriales, gastronom\u00eda y comercios adheridos alcanzaron los 100 millones y remarc\u00f3 que solo con la promoci\u00f3n del 20 % del Banco Naci\u00f3n se facturaron 22 millones de pesos.<\/p>\n<p>&nbsp;<\/p>\n<p dir=\"ltr\">La secretaria de Gesti\u00f3n Cultural, Laura Maubecin tambi\u00e9n resalt\u00f3 que hubo demanda del p\u00fablico que no era habitual, y particularmente de j\u00f3venes que se apropiaron del espacio. &#8220;En un contexto en el que invade la inteligencia artificial tuvieron gran convocatoria las actividades que recuperan la comunicaci\u00f3n, el encuentro, y que propician la palabra, como los talleres o las construcciones colectivas que atraviesan todas las edades; en la propuesta impulsada por la agrupaci\u00f3n Pasionarias vimos a familias, amigos que se acercaron a participar bordando y se generaron conversaciones, reconectaron, con tiempo para escuchar al otro&#8221;, consider\u00f3.<\/p>\n<p>&nbsp;<\/p>\n<p dir=\"ltr\">Libreros y lectores dicen<\/p>\n<p>&nbsp;<\/p>\n<p dir=\"ltr\">Eduardo de Amauta Libros: &#8220;En la \u00faltima jornada de esta preciosa feria de Catamarca realmente estamos content\u00edsimos por este acontecimiento, por todo lo que implica, por la respuesta del p\u00fablico, creemos que responde a una necesidad de la gente de acercarse a los libros, pero tambi\u00e9n habla de la buena organizaci\u00f3n, la buena comunicaci\u00f3n y difusi\u00f3n que se ha hecho del evento, creo que eso es fundamental para acercar a la gente&#8221;.<\/p>\n<p>&nbsp;<\/p>\n<p dir=\"ltr\">&#8220;En cuanto a lo organizativo, muy conforme realmente, nos encontramos cada a\u00f1o con muy buena predisposici\u00f3n de todo el equipo de trabajo, este a\u00f1o con una feria m\u00e1s amplia, con un dise\u00f1o nuevo, y bueno, por supuesto, nosotros siempre hacemos la asociaci\u00f3n de que a mayor asistencia de p\u00fablico mejores ventas. As\u00ed que por todo eso nos vamos muy contentos de poder seguir siendo parte de esta feria. Muchas gracias a todos&#8221;, agregaron desde Amauta.<\/p>\n<p>&nbsp;<\/p>\n<p dir=\"ltr\">Nehu\u00e9n de la Singularidad del Libro: &#8220;A modo de balance general en cuanto a la feria nos fue bastante bien, tuvimos buenas ventas y sobre todo mucha participaci\u00f3n de gente de todas las edades que ven\u00edan a preguntar por libros de todo tipo. La gente nos comentaba que estuvo muy lindo este a\u00f1o, c\u00f3mo estaba organizado el evento, bastante grande, con varios puestos, con muchas cosas para hacer, que no sea solamente tener que gastar dinero en algo, sino que la gente viene a pasear tambi\u00e9n, entonces el hecho de que haya actividades gratuitas tambi\u00e9n creo que fue una muy buena idea&#8221;.<\/p>\n<p>&nbsp;<\/p>\n<p dir=\"ltr\">&#8220;No me perd\u00ed un d\u00eda de feria, escuch\u00e9 a Gabriela Borgna, gestora cultural y tambi\u00e9n a Hern\u00e1n Casciari que fue magistral, me gust\u00f3 mucho. Entre las editoriales que m\u00e1s me gustaron est\u00e1 Chirimbote, y otras que tienen una diversidad de textos inclusivos. Tambi\u00e9n me encanta El Guadal. Y en cuanto a diversidad, la Singularidad del Libro con textos m\u00e1s nacionales, hay mucha propuesta y variadas para adultos y para chicos&#8221;, cont\u00f3 Ingrid Obreg\u00f3n.<\/p>\n<p>&nbsp;<\/p>\n<p dir=\"ltr\">Hilen P\u00e1ez Flores dijo: &#8220;Estoy fascinada con el logo, me parece fant\u00e1stico el simbolismo de lucha armada con libros, sin dudas una genialidad as\u00ed que muy feliz con ese armado simb\u00f3lico. A la feria me trajo la delegaci\u00f3n Catamarca de Psicoan\u00e1lisis para unas actividades aqu\u00ed y me hizo recorrer todos los stands, y pude presenciar la charla de Hern\u00e1n Casciari. As\u00ed que me voy muy conforme y contenta con esta actividad&#8221;.<\/p>\n<p>&nbsp;<\/p>\n<p dir=\"ltr\">Graciela, docente: &#8220;La feria est\u00e1 hermosa, la cantidad de gente que vino, incre\u00edble lo que pas\u00f3 mi\u00e9rcoles y jueves con el espacio de la presentaci\u00f3n de los terciarios, y de la oferta acad\u00e9mica tambi\u00e9n. Y ahora tambi\u00e9n mucha gente, muchas propuestas. Incre\u00edble, todos los a\u00f1os va cambiando. Me encant\u00f3 el logo y su simbolismo. Estuve en la charla de Gabriela Borgna, despu\u00e9s fui a una presentaci\u00f3n de la pel\u00edcula &#8216;Barcos y catedrales&#8217; en el espacio Bicentenario&#8221;.<\/p>\n","protected":false},"excerpt":{"rendered":"<p>La 16\u00b0 edici\u00f3n de la Feria Provincial del Libro, que se realiz\u00f3 del 9 al 13 de octubre en el Predio Ferial, se consolid\u00f3 en el calendario cultural de Catamarca al haber contado con m\u00e1s expositores que en ediciones anteriores, por el acompa\u00f1amiento del p\u00fablico local y de turistas que participaron en los diferentes espacios [&hellip;]<\/p>\n","protected":false},"author":2,"featured_media":2625,"comment_status":"open","ping_status":"open","sticky":false,"template":"","format":"standard","meta":{"footnotes":""},"categories":[23,20],"tags":[],"class_list":{"0":"post-2624","1":"post","2":"type-post","3":"status-publish","4":"format-standard","5":"has-post-thumbnail","7":"category-destacados","8":"category-sociedad"},"aioseo_notices":[],"_links":{"self":[{"href":"https:\/\/elfaroonline.com.ar\/index.php\/wp-json\/wp\/v2\/posts\/2624","targetHints":{"allow":["GET"]}}],"collection":[{"href":"https:\/\/elfaroonline.com.ar\/index.php\/wp-json\/wp\/v2\/posts"}],"about":[{"href":"https:\/\/elfaroonline.com.ar\/index.php\/wp-json\/wp\/v2\/types\/post"}],"author":[{"embeddable":true,"href":"https:\/\/elfaroonline.com.ar\/index.php\/wp-json\/wp\/v2\/users\/2"}],"replies":[{"embeddable":true,"href":"https:\/\/elfaroonline.com.ar\/index.php\/wp-json\/wp\/v2\/comments?post=2624"}],"version-history":[{"count":1,"href":"https:\/\/elfaroonline.com.ar\/index.php\/wp-json\/wp\/v2\/posts\/2624\/revisions"}],"predecessor-version":[{"id":2626,"href":"https:\/\/elfaroonline.com.ar\/index.php\/wp-json\/wp\/v2\/posts\/2624\/revisions\/2626"}],"wp:featuredmedia":[{"embeddable":true,"href":"https:\/\/elfaroonline.com.ar\/index.php\/wp-json\/wp\/v2\/media\/2625"}],"wp:attachment":[{"href":"https:\/\/elfaroonline.com.ar\/index.php\/wp-json\/wp\/v2\/media?parent=2624"}],"wp:term":[{"taxonomy":"category","embeddable":true,"href":"https:\/\/elfaroonline.com.ar\/index.php\/wp-json\/wp\/v2\/categories?post=2624"},{"taxonomy":"post_tag","embeddable":true,"href":"https:\/\/elfaroonline.com.ar\/index.php\/wp-json\/wp\/v2\/tags?post=2624"}],"curies":[{"name":"wp","href":"https:\/\/api.w.org\/{rel}","templated":true}]}}