{"id":2627,"date":"2024-10-14T06:49:39","date_gmt":"2024-10-14T09:49:39","guid":{"rendered":"https:\/\/elfaroonline.com.ar\/?p=2627"},"modified":"2024-10-14T06:49:39","modified_gmt":"2024-10-14T09:49:39","slug":"tras-el-desfile-de-3-500-ninos-y-ninas-el-ponchito-se-despidio-hasta-el-ano-que-viene","status":"publish","type":"post","link":"https:\/\/elfaroonline.com.ar\/index.php\/2024\/10\/14\/tras-el-desfile-de-3-500-ninos-y-ninas-el-ponchito-se-despidio-hasta-el-ano-que-viene\/","title":{"rendered":"Tras el desfile de 3.500 ni\u00f1os y ni\u00f1as, El Ponchito se despidi\u00f3 hasta el a\u00f1o que viene"},"content":{"rendered":"<p class=\"v1MsoNormal\">Con miles de sonrisas, an\u00e9cdotas y fotos se despidi\u00f3 este domingo la edici\u00f3n 2024 del Ponchito, la fiesta grande de los chicos, que organiz\u00f3 el Gobierno de Catamarca a trav\u00e9s del ministerio de Cultura, Turismo y Deporte.<\/p>\n<p class=\"v1MsoNormal\">&#8220;Nos vamos muy contentos por la amplia participaci\u00f3n de delegaciones de unos diecisiete municipios, de todos los departamentos de la provincia, fuimos testigos de una gran exposici\u00f3n de arte de los ni\u00f1os y ni\u00f1as de Catamarca y de varias provincias del pa\u00eds. Quiero destacar el fuerte acompa\u00f1amiento de los profesores y de las familias que hacen posible que los ni\u00f1os brillen en el escenario&#8221;, se\u00f1al\u00f3 la ministra de Cultura, Turismo y Deporte Daiana Roldan. Tambi\u00e9n destac\u00f3: &#8220;Fueron jornadas marat\u00f3nicas en estos cuatro d\u00edas, lo que nos hizo ver el enorme inter\u00e9s de los ni\u00f1os y ni\u00f1as por ser parte del Ponchito y nos obliga a repensar, para una pr\u00f3xima edici\u00f3n, en un festival que se extienda por m\u00e1s d\u00edas&#8221;, concluy\u00f3.<\/p>\n<p class=\"v1MsoNormal\">A lo largo de las cuatro jornadas, hubo 190 propuestas art\u00edsticas, entre delegaciones, academias, grupos y solistas que, en total, sumaron m\u00e1s de 3.500 ni\u00f1os y ni\u00f1as de toda la provincia, a los que se le sumaron tambi\u00e9n representantes de Tucum\u00e1n, Salta y La Rioja, que nos hicieron vivir jornadas de mucha intensidad con cerca de doce horas diarias de escenario, donde no faltaron animadores y locutores profesionales, una t\u00e9cnica de alta calidad, streaming diario a cargo de La Mulita Cooperativa Audiovisual y la coordinaci\u00f3n general de la Productora 4700.<\/p>\n<p class=\"v1MsoNormal\">La cuarta y \u00faltima jornada de espect\u00e1culos tuvo en el escenario a unos 800 ni\u00f1os y ni\u00f1as en 48 presentaciones, que llegaron desde distintos lugares de Catamarca, como Huillapima, La Merced, Santa Mar\u00eda, Los Altos, Pom\u00e1n, Aconquija, Chumbicha, Capital, Esquiu y Pacl\u00edn.<\/p>\n<p class=\"v1MsoNormal\"><b>El \u00faltimo d\u00eda<\/b><\/p>\n<p class=\"v1MsoNormal\">La jornada arranc\u00f3 temprano en la ma\u00f1ana de este domingo con Los Gigantes Risue\u00f1os de la 601, el Colegio Privado Clorinda Orellana Herrera de Chumbicha, el Estudio de Danzas Katya German, el Ballet Folkl\u00f3rico &#8220;Jazm\u00edn de Luna&#8221;, el Taller Municipal de Danzas &#8211; Pasi\u00f3n por el folklore, el Ballet El Ranchito, el Taller Municipal de Danzas, Virgen de La Merced, la academia \u00a8Agitando Pa\u00f1uelos\u00a8 de Esqui\u00fa, la Escuela De Danzas Huayra Puca (&#8220;Hijos Del Valle&#8221;), la Academia Municipal La Fragua (Ra\u00edz y Danza), la academia de Danzas Folkl\u00f3ricas Renacer, la Escuela de Arte Juan Chelemin (Del Norte Soy), Agrupaci\u00f3n de Danza Folcl\u00f3ricas Aires Nuevos y el taller de danzas cl\u00e1sicas centro vecinal Jes\u00fas de la Divina Misericordia.<\/p>\n<p class=\"v1MsoNormal\">Desde Aconquija llegaron unos 24 participantes entre danza y canto que estuvieron a cargo de Victoria, Milton y Alexander. Tambi\u00e9n Los Altos dijo presente con los hermanos Vera Vera del grupo H`ASTROS Rock con Cristian Francisco en teclados de 10 a\u00f1os, Sofia de 8 a\u00f1os en bater\u00eda y la peque\u00f1a Emilia de solo 4 a\u00f1os. Tambi\u00e9n particip\u00f3 en el escenario del Ponchito Nahiara Chavez de 8 a\u00f1os, que vino desde Graneros, Tucum\u00e1n.<\/p>\n<p class=\"v1MsoNormal\">Entre las academias se destacaron la Municipal Ra\u00edces de mi Pueblo de La Bajada y Los Molles &#8220;Aventuras m\u00e1gicas a trav\u00e9s de la danza&#8221; y lleg\u00f3 desde Monte Redondo con la academia Folclore Estampas Gauchas y el Taller de M\u00fasica Municipal.<\/p>\n<p class=\"v1MsoNormal\">Adem\u00e1s, estuvieron presentes las academias de danzas \u00e1rabes Maryam y Hadarah, cerrando ese espacio la delegaci\u00f3n municipal Huillapima y el Coro Municipal de Ni\u00f1os y Ni\u00f1as de San Fernando del Valle de Catamarca.<\/p>\n<p class=\"v1MsoNormal\">La continuidad se dio con la Delegaci\u00f3n Municipal de Pom\u00e1n con &#8220;Expresi\u00f3n Art\u00edstica de Pom\u00e1n&#8221;, con la presentaci\u00f3n de unos 39 ni\u00f1os y ni\u00f1as entre 4 y 12 a\u00f1os y una delegaci\u00f3n de la localidad de Loro Huasi, Santa Mar\u00eda, acompa\u00f1ados por el profesor Mauricio Chaile\u00a0 y la presencia de unos 10 bailarines y 5 ni\u00f1os cantores.<\/p>\n<p class=\"v1MsoNormal\">Cerrando la jornada se presentaron el cuerpo de ballet de la delegaci\u00f3n Municipal de Aconquija, el Ballet Huellas del Pasado de Alijil\u00e1n con unos 28 ni\u00f1os y ni\u00f1as, la Academia Municipal Esperanza Gaucha de Monte Redondo, Los Altos quienes se hicieron presentes con 12 bailarines, el Ballet institucional General Manuel Belgrano, el Taller de Ritmos Urbanos La Merced del departamento Pacl\u00edn.<\/p>\n<p class=\"v1MsoNormal\">El cierre, que le permiti\u00f3 a este Ponchito irse despidiendo hasta el a\u00f1o que viene, cont\u00f3 con la presencia de Sergio Jr. &amp; su Viol\u00edn con la puesta en escena de &#8220;Desde las ra\u00edces&#8221;, los chicos de la escuela de Danzas Municipal El Caudillo, la academia El Gaucho, y la salte\u00f1ita Emilia Hormigo, que lleg\u00f3 desde Rosario de la Frontera con su canto, y quien adem\u00e1s fue una de las ganadoras de una de las tantas bicicletas que se sortearon entre los participantes.<\/p>\n","protected":false},"excerpt":{"rendered":"<p>Con miles de sonrisas, an\u00e9cdotas y fotos se despidi\u00f3 este domingo la edici\u00f3n 2024 del Ponchito, la fiesta grande de los chicos, que organiz\u00f3 el Gobierno de Catamarca a trav\u00e9s del ministerio de Cultura, Turismo y Deporte. &#8220;Nos vamos muy contentos por la amplia participaci\u00f3n de delegaciones de unos diecisiete municipios, de todos los departamentos [&hellip;]<\/p>\n","protected":false},"author":2,"featured_media":2628,"comment_status":"open","ping_status":"open","sticky":false,"template":"","format":"standard","meta":{"footnotes":""},"categories":[23,20],"tags":[],"class_list":{"0":"post-2627","1":"post","2":"type-post","3":"status-publish","4":"format-standard","5":"has-post-thumbnail","7":"category-destacados","8":"category-sociedad"},"aioseo_notices":[],"_links":{"self":[{"href":"https:\/\/elfaroonline.com.ar\/index.php\/wp-json\/wp\/v2\/posts\/2627","targetHints":{"allow":["GET"]}}],"collection":[{"href":"https:\/\/elfaroonline.com.ar\/index.php\/wp-json\/wp\/v2\/posts"}],"about":[{"href":"https:\/\/elfaroonline.com.ar\/index.php\/wp-json\/wp\/v2\/types\/post"}],"author":[{"embeddable":true,"href":"https:\/\/elfaroonline.com.ar\/index.php\/wp-json\/wp\/v2\/users\/2"}],"replies":[{"embeddable":true,"href":"https:\/\/elfaroonline.com.ar\/index.php\/wp-json\/wp\/v2\/comments?post=2627"}],"version-history":[{"count":1,"href":"https:\/\/elfaroonline.com.ar\/index.php\/wp-json\/wp\/v2\/posts\/2627\/revisions"}],"predecessor-version":[{"id":2629,"href":"https:\/\/elfaroonline.com.ar\/index.php\/wp-json\/wp\/v2\/posts\/2627\/revisions\/2629"}],"wp:featuredmedia":[{"embeddable":true,"href":"https:\/\/elfaroonline.com.ar\/index.php\/wp-json\/wp\/v2\/media\/2628"}],"wp:attachment":[{"href":"https:\/\/elfaroonline.com.ar\/index.php\/wp-json\/wp\/v2\/media?parent=2627"}],"wp:term":[{"taxonomy":"category","embeddable":true,"href":"https:\/\/elfaroonline.com.ar\/index.php\/wp-json\/wp\/v2\/categories?post=2627"},{"taxonomy":"post_tag","embeddable":true,"href":"https:\/\/elfaroonline.com.ar\/index.php\/wp-json\/wp\/v2\/tags?post=2627"}],"curies":[{"name":"wp","href":"https:\/\/api.w.org\/{rel}","templated":true}]}}